{"id":641582,"date":"2026-01-05T02:32:28","date_gmt":"2026-01-05T02:32:28","guid":{"rendered":"https:\/\/www.europesays.com\/fr\/641582\/"},"modified":"2026-01-05T02:32:28","modified_gmt":"2026-01-05T02:32:28","slug":"matisse-au-grand-palais-kandinsky-au-lam-martin-parr-au-jeu-de-paume-les-expositions-a-ne-pas-manquer-en-2026","status":"publish","type":"post","link":"https:\/\/www.europesays.com\/fr\/641582\/","title":{"rendered":"Matisse au Grand Palais, Kandinsky au LaM, Martin Parr au Jeu de paume&#8230; Les expositions \u00e0 ne pas manquer en 2026"},"content":{"rendered":"<p>Mamma mia&#13;\n<\/p>\n<p>Au pays de la Bonne M\u00e8re, quoi de mieux qu\u2019une exposition qui explore 4.000 ans de repr\u00e9sentations de la maternit\u00e9 \u00e0 partir des cultures m\u00e9diterran\u00e9ennes. Avec \u00ab\u202fBonnes M\u00e8res\u202f\u00bb, le Mucem r\u00e9unit ic\u00f4nes religieuses, m\u00e8res patriotes, figures populaires et artistes contemporaines et les fait dialoguer pour interroger une exp\u00e9rience \u00e0 la fois intime, sociale et politique. En trois temps, le parcours d\u00e9construit les injonctions, r\u00e9v\u00e8le la diversit\u00e9 des v\u00e9cus maternels et \u00e9claire les liens, parfois complexes, entre m\u00e8res et enfants.<\/p>\n<p>\u2139\ufe0f <strong>\u00ab\u202fBonnes m\u00e8res\u202f\u00bb, du 18\u202fmars au 31\u202fao\u00fbt au Mucem (Marseille).<\/strong><\/p>\n<p>Matisse, derni\u00e8re s\u00e9ance&#13;\n<\/p>\n<p><img alt=\"Henri Matisse, \u00ab La Chute d'Icare \u00bb, (1943).\" loading=\"lazy\" width=\"0\" height=\"0\" decoding=\"async\" data-nimg=\"1\" class=\"rounded w-full max-w-[1000px] h-auto\" style=\"color:transparent\" src=\"https:\/\/www.europesays.com\/fr\/wp-content\/uploads\/2026\/01\/henri-matisse-la-chute-d-icare-1943-1767453519_e249c8e986596f649c8e98659ca49cv_.jpg\"\/>Henri Matisse, \u00ab La Chute d&rsquo;Icare \u00bb, (1943). (Cr\u00e9dits : LTD\/Collection priv\u00e9e\/courtesy Galerie de l&rsquo;Institut)<\/p>\n<p>Il y a chez Henri Matisse une id\u00e9e tenace\u2009: celle que la fin qui approche n\u2019est pas une cl\u00f4ture, mais une ouverture. C\u2019est ce que rappelle magistralement l\u2019une des expositions les plus attendues de 2026, \u00ab\u202fMatisse\u202f\u2013 1941-1954\u202f\u00bb, pr\u00e9sent\u00e9e au <a href=\"https:\/\/www.latribune.fr\/la-tribune-dimanche\/culture-et-tendances\/gastronomie-sorties\/art-paris-2025-quand-les-galeristes-s-invitent-au-grand-palais-1021438.html\" target=\"_blank\" rel=\"noopener\">Grand Palais<\/a> au printemps. \u00c0 pr\u00e8s de 80\u202fans, affaibli par la maladie, Matisse n\u2019entame pas un retrait mais invente l\u2019un des langages les plus audacieux de l\u2019art moderne\u2009: la gouache d\u00e9coup\u00e9e.<\/p>\n<p>Plus de 230\u202f\u0153uvres \u2013\u202fpeintures, dessins, livres illustr\u00e9s, textiles, vitraux et papiers d\u00e9coup\u00e9s\u202f\u2013 r\u00e9v\u00e8lent une libert\u00e9 \u00e9blouissante, nourrie de couleurs pures et de formes simples. Cette p\u00e9riode tardive n\u2019est ni une parenth\u00e8se ni un appendice, mais un sommet. La peinture s\u2019y d\u00e9ploie avec une intensit\u00e9 renouvel\u00e9e, comme le montrent les Int\u00e9rieurs de Vence, le livre Jazz ou les dessins \u00e0 l\u2019encre.<\/p>\n<p>Point d\u2019orgue du parcours\u2009: la r\u00e9union exceptionnelle des grandes gouaches d\u00e9coup\u00e9es \u2013\u202fLa Tristesse du roi, Danseuse cr\u00e9ole, Zulma et les c\u00e9l\u00e8bres Nus bleus. Peu de temps avant cette r\u00e9trospective \u00e9v\u00e9nement, Les Bassins des Lumi\u00e8res de Bordeaux proposent une nouvelle exp\u00e9rience immersive, presque hypnotique. Dans l\u2019ancienne base sous-marine, les \u0153uvres de Matisse se d\u00e9ploient en projections monumentales, accompagn\u00e9es d\u2019une bande-son m\u00ealant musiques classique et contemporaine. Une symphonie visuelle qui fait dialoguer couleurs, mouvements et motifs, et prolonge, autrement, l\u2019\u00e9lan vital d\u2019un artiste qui n\u2019a jamais cess\u00e9 de chercher la lumi\u00e8re.<\/p>\n<p>\u2139\ufe0f <strong>\u00ab\u202fMatisse\u202f\u2013 1941-1954\u202f\u00bb, du 24\u202fmars au 26\u202fjuillet au Grand Palais (Paris 8e) grandpalais.fr, et \u00ab\u202fMatisse, la symphonie des couleurs\u202f\u00bb, \u00e0 partir du 7\u202ff\u00e9vrier, Imp. Brown-de-Colstoun (Bordeaux), bassins-lumieres.com<\/strong><\/p>\n<p>Le LaM rouvre avec Kandinsky&#13;\n<\/p>\n<p><img alt=\"Impression V (Parc) (1911).\" loading=\"lazy\" width=\"0\" height=\"0\" decoding=\"async\" data-nimg=\"1\" class=\"rounded w-full max-w-[1000px] h-auto\" style=\"color:transparent\" src=\"https:\/\/www.europesays.com\/fr\/wp-content\/uploads\/2026\/01\/impression-v-parc-1911-1767453519_9b930faa86596bf930faa865983a30v_.jpg\"\/>Impression V (Parc) (1911). (Cr\u00e9dits : LTD\/Centre Pompidou, MNAM-CCI\/H\u00e9l\u00e8ne Mauri\/Dist. GrandPalaisRmn)<\/p>\n<p>Apr\u00e8s un an et demi de travaux, le LaM de Villeneuve-d\u2019Ascq rouvre avec des b\u00e2timents r\u00e9nov\u00e9s et des espaces int\u00e9rieurs repens\u00e9s, connectant le mus\u00e9e au jardin, qui accueille d\u2019ailleurs une<\/p>\n<p>nouvelle sculpture, Bayonne Pavilion de l\u2019artiste am\u00e9ricain Dan Graham, figure majeure du minimalisme et de l\u2019art conceptuel. Et pour f\u00eater en beaut\u00e9 ce retour, une exposition \u00e9v\u00e9nement, con\u00e7ue avec le Centre Pompidou, explorera un aspect m\u00e9connu du travail de <a href=\"https:\/\/latribune.fr\/journal\/archives\/edition-du-1404\/rendez-vous-perso\/177150\/kandinsky-le-chant-des-formes-et-des-couleurs.html\" target=\"_blank\" rel=\"noopener\">Kandinsky<\/a>\u2009: le r\u00f4le des images.<\/p>\n<p>\u2139\ufe0f <strong>\u00ab\u202fKandinsky face aux images\u202f\u00bb, du 20\u202ff\u00e9vrier au 14\u202fjuin au LaM, Villeneuve-d\u2019Ascq (Nord).<\/strong><\/p>\n<p>La mode africaine&#13;\n<\/p>\n<p><img alt=\"Des mod\u00e8les posent au Nigeria, en 2019.\" loading=\"lazy\" width=\"0\" height=\"0\" decoding=\"async\" data-nimg=\"1\" class=\"rounded w-full max-w-[1000px] h-auto\" style=\"color:transparent\" src=\"https:\/\/www.europesays.com\/fr\/wp-content\/uploads\/2026\/01\/des-modeles-posent-au-nigeria-en-2019-1767453519_4b406e2b865967f406e2b865943506v_.jpg\"\/>Des mod\u00e8les posent au Nigeria, en 2019. (Cr\u00e9dits : LTD\/Lagos Fashion Week\/Stephen Tayo)<\/p>\n<p>L\u2019exposition \u00ab\u202fAfrica Fashion\u202f\u00bb, cr\u00e9\u00e9e au <a href=\"https:\/\/www.latribune.fr\/article\/la-tribune-dimanche\/culture-lifestyle\/gastronomie-sorties\/24810831865045\/londres-celebre-marie-antoinette-icone-de-la-mode-et-influenceuse-avant-lheure\" target=\"_blank\" rel=\"noopener\">Victoria &amp; Albert Museum de Londres<\/a>, arrive \u00e0 Paris au printemps, au mus\u00e9e du Quai Branly\u202f\u2013\u202fJacques Chirac. Elle met en lumi\u00e8re la sc\u00e8ne cr\u00e9ative africaine \u00e0 travers les silhouettes de Thebe Magugu (en photo), Imane Ayissi, la marque de mode nig\u00e9rienne Iamisigo et Lisa Folawiyo, qui dialoguent avec les collections textiles du mus\u00e9e. Entre h\u00e9ritages, audace et\u202fengagement culturel, v\u00eatements et accessoires racontent une mode africaine affranchie des clich\u00e9s et incontournable sur la sc\u00e8ne internationale.<\/p>\n<p>\u2139\ufe0f <strong>\u00ab\u202fAfrica Fashion\u202f\u00bb, du 31\u202fmars au 12\u202fjuillet au mus\u00e9e du Quai Branly\u202f\u2013 Jacques Chirac (Paris\u202f7e).<\/strong><\/p>\n<p>La BO des jeux vid\u00e9o&#13;\n<\/p>\n<p><img alt=\"\u00ab Video Games &amp; Music \u00bb, du 2 avril au 1er novembre \u00e0 la Philharmonie de Paris.\" loading=\"lazy\" width=\"0\" height=\"0\" decoding=\"async\" data-nimg=\"1\" class=\"rounded w-full max-w-[1000px] h-auto\" style=\"color:transparent\" src=\"https:\/\/www.europesays.com\/fr\/wp-content\/uploads\/2026\/01\/video-games-music-du-2-avril-au-1er-novembre-a-la-philharmonie-de-paris-1767453520_bdf3828b86596b104.jpeg\"\/>\u00ab Video Games &amp; Music \u00bb, du 2 avril au 1er novembre \u00e0 la Philharmonie de Paris. (Cr\u00e9dits : LTD\/That Game Company)<\/p>\n<p>Mario Bros., Pac-Man, Zelda\u2026 Quelques notes suffisent \u00e0 r\u00e9veiller la m\u00e9moire collective. \u00c0 la <a href=\"https:\/\/www.latribune.fr\/la-tribune-dimanche\/culture-et-tendances\/musique\/expos-le-disco-represente-le-debut-de-la-culture-dj-1017893.html\" target=\"_blank\" rel=\"noopener\">Philharmonie de Paris<\/a>, \u00ab\u202fVideo Games &amp; Music\u202f\u00bb explore un demi-si\u00e8cle de cr\u00e9ation sonore vid\u00e9oludique, des premiers bips de Pong aux orchestrations monumentales de Final Fantasy. Le m\u00e9dium attire des artistes majeurs comme Jean-Michel Jarre, Yellow Magic Orchestra, Nine Inch Nails, Radiohead ou le Wu-Tang Clan, qui jouent avec ses codes. L\u2019expo pop \u00e0 ne pas manquer en 2026.<\/p>\n<p>\u2139\ufe0f <strong>\u00ab\u202fVideo Games &amp; Music\u202f\u00bb, du 2\u202favril au 1er\u202fnovembre \u00e0 la Philharmonie de Paris.<\/strong><\/p>\n<p>Martin Parr, chroniqueur de notre temps&#13;\n<\/p>\n<p><img alt=\"Great Dorset Steam Fair (2022).\" loading=\"lazy\" width=\"0\" height=\"0\" decoding=\"async\" data-nimg=\"1\" class=\"rounded w-full max-w-[1000px] h-auto\" style=\"color:transparent\" src=\"https:\/\/www.europesays.com\/fr\/wp-content\/uploads\/2026\/01\/great-dorset-steam-fair-2022-1767453520_a7f40b4a865969bf40b4a8659bff40v_.jpg\"\/>Great Dorset Steam Fair (2022). (Cr\u00e9dits : LTD\/Martin Parr\/Magnum Photos, courtesy Galerie Cl\u00e9mentine de la F\u00e9ronni\u00e8re)<\/p>\n<p>Cette exposition, qui n\u2019\u00e9tait pas pr\u00e9vue comme posthume, prend aujourd\u2019hui une dimension \u00e9mouvante\u202favec la disparition, le 6\u202fd\u00e9cembre, de Martin Parr. Photographe de l\u2019agence Magnum et chroniqueur de nos d\u00e9rives kitsch, il s\u2019\u00e9teint \u00e0 73\u202fans, laissant orphelin son immense fan-club.<\/p>\n<p>Fin janvier, une r\u00e9trospective au Jeu de paume, pens\u00e9e par Quentin Bajac, avec la collaboration de Martin Parr lui-m\u00eame et de Cl\u00e9mentine de la F\u00e9ronni\u00e8re, se mue en hommage \u00e0 50 ans de regard ironique et incisif sur notre monde. Couleurs satur\u00e9es, d\u00e9rision mordante, humour d\u00e9cal\u00e9, le Britannique a document\u00e9 le tourisme de masse, la fr\u00e9n\u00e9sie consum\u00e9riste, notre rapport aux animaux et aux technologies \u00e0 travers le monde.<\/p>\n<p>Plus de 180\u202f\u0153uvres des ann\u00e9es 1970 \u00e0 nos jours traversent ce parcours, du noir et blanc de ses d\u00e9buts aux s\u00e9ries r\u00e9centes. Cinq sections\u2009: loisirs et paysages, consommation, <a href=\"https:\/\/www.latribune.fr\/la-tribune-dimanche\/culture-et-tendances\/gastronomie-sorties\/l-envie-du-rail-la-tendance-tourisme-6-sejours-en-train-au-depart-de-la-france-1020515.html\" target=\"_blank\" rel=\"noopener\">tourisme<\/a>, cohabitation humain-animal, addictions technologiques. Chaque image r\u00e9v\u00e8le nos travers et absurdit\u00e9s, transformant <a href=\"https:\/\/www.latribune.fr\/entreprises-finance\/services\/distribution\/alimentation-les-supermarches-une-quasi-stabilite-des-tarifs-apres-d-apre-negociations-1019621.html\" target=\"_blank\" rel=\"noopener\">supermarch\u00e9s<\/a>, plages et salons en th\u00e9\u00e2tres de nos vies modernes. Ses clich\u00e9s forment une gu\u00e9rilla visuelle, dr\u00f4le et subtile, fissurant nos visions id\u00e9alis\u00e9es du monde.<\/p>\n<p>Derri\u00e8re l\u2019humour, une conscience aigu\u00eb des d\u00e9s\u00e9quilibres de notre plan\u00e8te et des d\u00e9rives contemporaines. En 2021, il analysait ainsi son travail\u2009: \u00ab\u202fJe cr\u00e9e un divertissement, qui contient un message s\u00e9rieux si l\u2019on veut bien le lire, mais je ne cherche pas \u00e0 convaincre qui que ce soit \u2013\u202fje montre simplement ce que les gens pensent d\u00e9j\u00e0 savoir.\u202f\u00bb<\/p>\n<p>\u2139\ufe0f <strong>\u00ab\u202fMartin Parr \u2013 Global Warning\u202f\u00bb, du 30\u202fjanvier au 24\u202fmai au Jeu de paume (Paris 8e).<\/strong><\/p>\n<p>Mais aussi&#8230;&#13;\n<\/p>\n<p melodystyle=\"cadreencadre\"><strong>\u2013 \u00ab\u202fLouise Nevelson\u202f\u2013 Mrs. N\u2019s Palace\u202f\u00bb<br \/><\/strong>\ud83d\udcc6 du 24\u202fjanvier au 31\u202fao\u00fbt<br \/>\ud83d\udccd <a href=\"https:\/\/www.centrepompidou-metz.fr\/fr\" target=\"_blank\" rel=\"noopener\">Centre Pompidou Metz<\/a><\/p>\n<p><strong><strong>\u2013 <\/strong>\u00ab\u202fLa Redoute, un temps d\u2019avance\u202f\u2013 Mode, design, publicit\u00e9\u202f\u00bb<br \/><\/strong>\ud83d\udcc6 du 7\u202fmars au 5\u202fjuillet<br \/>\ud83d\udccd <a href=\"https:\/\/www.roubaix-lapiscine.com\/\" target=\"_blank\" rel=\"noopener\">La Piscine de Roubaix<\/a><\/p>\n<p><strong><strong>\u2013 <\/strong>Deux expos Renoir<br \/><\/strong>\ud83d\udcc6 du 17\u202fmars au 5\u202fjuillet<br \/>\ud83d\udccd <a href=\"https:\/\/www.musee-orsay.fr\/fr\" target=\"_blank\" rel=\"noopener\">Mus\u00e9e d\u2019Orsay<\/a> (Paris)<\/p>\n<p><strong><strong>\u2013 <\/strong>Nan Goldin<br \/><\/strong>\ud83d\udcc6 du 18\u202fmars au 21\u202fjuin au salon d\u2019honneur<br \/>\ud83d\udccd <a href=\"https:\/\/www.grandpalais.fr\/fr\" target=\"_blank\" rel=\"noopener\">Grand Palais<\/a> et \u00e0 la <a href=\"https:\/\/pitiesalpetriere.aphp.fr\/chapelle-saint-louis\/\" target=\"_blank\" rel=\"noopener\">chapelle Saint-Louis de la Salp\u00eatri\u00e8re<\/a> (Paris)<\/p>\n<p><strong><strong>\u2013 <\/strong>\u00ab\u202fByblos, cit\u00e9 \u00e9ternelle\u202f\u00bb<br \/><\/strong>\ud83d\udcc6 du 24\u202fmars au 23\u202fao\u00fbt<br \/>\ud83d\udccd <a href=\"https:\/\/www.imarabe.org\/fr\" target=\"_blank\" rel=\"noopener\">Institut du monde arabe<\/a> (Paris 5e)<\/p>\n<p><strong><strong>\u2013 <\/strong>\u00ab\u202fHenri Rousseau, l\u2019ambition de la peinture\u202f\u00bb<br \/><\/strong>\ud83d\udcc6 du 25\u202fmars au 20\u202fjuillet<br \/>\ud83d\udccd <a href=\"https:\/\/www.musee-orangerie.fr\/fr\" target=\"_blank\" rel=\"noopener\">Mus\u00e9e de l\u2019Orangerie<\/a> (Paris 1er)<\/p>\n<p><strong><strong>\u2013 <\/strong>\u00ab\u202fPar-del\u00e0 les mille et une nuits\u202f\u2013Histoire des orientalismes\u202f\u00bb<br \/><\/strong>\ud83d\udcc6 du 25\u202fmars au 20\u202fjuillet<br \/>\ud83d\udccd <a href=\"https:\/\/www.louvrelens.fr\" target=\"_blank\" rel=\"noopener\">Louvre-Lens<\/a><\/p>\n<p><strong><strong>\u2013 <\/strong>\u00ab\u202fAvant les nymph\u00e9as\u202f\u2013 Monet d\u00e9couvre Giverny, 1883-1890\u202f\u00bb<br \/><\/strong>\ud83d\udcc6 du 27\u202fmars au 5\u202fjuillet<br \/>\ud83d\udccd <a href=\"https:\/\/www.mdig.fr\/\" target=\"_blank\" rel=\"noopener\">Mus\u00e9e des impressionnismes<\/a> (Giverny), avant une exposition \u00e0 l\u2019automne \u00e0 l\u2019Orangerie<\/p>\n<p><strong><strong>\u2013 <\/strong>\u00ab\u202fLee Miller\u202f\u00bb<br \/><\/strong>\ud83d\udcc6 du 3\u202favril au 26\u202fjuillet<br \/>\ud83d\udccd <a href=\"https:\/\/www.mam.paris.fr\/\" target=\"_blank\" rel=\"noopener\">Mus\u00e9e d\u2019Art moderne<\/a> (Paris 16e)<\/p>\n<p><strong><strong>\u2013 <\/strong>\u00ab\u202fCling\u2009! La bande dessin\u00e9e parle cash\u202f\u00bb<br \/><\/strong>\ud83d\udcc6 du 10\u202favril au 6\u202fseptembre<br \/>\ud83d\udccd <a href=\"https:\/\/www.monnaiedeparis.fr\/fr\/boutique-en-ligne?pk_campaign=Fil-rouge&amp;pk_source=Google_Google-Ads&amp;pk_medium=Search&amp;pk_content=588241684010&amp;pk_cid=C25020160209&amp;pk_keyword=monnaie%20de%20paris&amp;gad_source=1&amp;gad_campaignid=16583510565&amp;gbraid=0AAAAADm7fPfVC86oQ29N4aaHoTSaTAOTY&amp;gclid=CjwKCAiA09jKBhB9EiwAgB8l-Kjyepe13ozKg9JhPGs8nA6x0IpMSKeyXC-OGNUeFZByv8M80pRyBRoC17EQAvD_BwE\" target=\"_blank\" rel=\"noopener\">Monnaie de Paris<\/a> (6e)<\/p>\n<p><strong><strong>\u2013 <\/strong>\u00ab\u202fHilma af Klint (1862-1944)\u202f\u00bb<br \/><\/strong>\ud83d\udcc6 du 6\u202fmai au 30\u202fao\u00fbt<br \/>\ud83d\udccd <a href=\"https:\/\/www.grandpalais.fr\/fr\" target=\"_blank\" rel=\"noopener\">Grand Palais<\/a> (Paris 8e)<\/p>\n<p><strong><strong>\u2013 <\/strong>\u00ab\u202fVoyage \u00e0 l\u2019anglaise\u202f\u2013 William Turner et les artistes du \u201cGrand Tour\u201d aux XVIIIe et XIXe si\u00e8cles\u202f\u00bb<br \/><\/strong>\ud83d\udcc6 du 20\u202fnovembre 2026 au 22\u202fmars 2027<br \/>\ud83d\udccd <a href=\"https:\/\/pba.lille.fr\/\" target=\"_blank\" rel=\"noopener\">Palais des Beaux-Arts<\/a> de Lille<\/p>\n","protected":false},"excerpt":{"rendered":"Mamma mia&#13; Au pays de la Bonne M\u00e8re, quoi de mieux qu\u2019une exposition qui explore 4.000 ans de&hellip;\n","protected":false},"author":2,"featured_media":641583,"comment_status":"","ping_status":"","sticky":false,"template":"","format":"standard","meta":{"footnotes":""},"categories":[1358],"tags":[5734,1348,1384,1385,1386,58,59,1349,1011,27,2515,1197,59386,3102,11716,151,14342,4268,47608,12823,74822,74823],"class_list":{"0":"post-641582","1":"post","2":"type-post","3":"status-publish","4":"format-standard","5":"has-post-thumbnail","7":"category-arts-et-design","8":"tag-5734","9":"tag-arts","10":"tag-arts-and-design","11":"tag-arts-et-design","12":"tag-design","13":"tag-divertissement","14":"tag-entertainment","15":"tag-expositions","16":"tag-fr","17":"tag-france","18":"tag-grand","19":"tag-jeu","20":"tag-kandinsky","21":"tag-la-tribune-dimanche","22":"tag-lam","23":"tag-les","24":"tag-manquer","25":"tag-martin","26":"tag-matisse","27":"tag-palais","28":"tag-parr","29":"tag-paume"},"share_on_mastodon":{"url":"https:\/\/pubeurope.com\/@fr\/115840152118404446","error":""},"_links":{"self":[{"href":"https:\/\/www.europesays.com\/fr\/wp-json\/wp\/v2\/posts\/641582","targetHints":{"allow":["GET"]}}],"collection":[{"href":"https:\/\/www.europesays.com\/fr\/wp-json\/wp\/v2\/posts"}],"about":[{"href":"https:\/\/www.europesays.com\/fr\/wp-json\/wp\/v2\/types\/post"}],"author":[{"embeddable":true,"href":"https:\/\/www.europesays.com\/fr\/wp-json\/wp\/v2\/users\/2"}],"replies":[{"embeddable":true,"href":"https:\/\/www.europesays.com\/fr\/wp-json\/wp\/v2\/comments?post=641582"}],"version-history":[{"count":0,"href":"https:\/\/www.europesays.com\/fr\/wp-json\/wp\/v2\/posts\/641582\/revisions"}],"wp:featuredmedia":[{"embeddable":true,"href":"https:\/\/www.europesays.com\/fr\/wp-json\/wp\/v2\/media\/641583"}],"wp:attachment":[{"href":"https:\/\/www.europesays.com\/fr\/wp-json\/wp\/v2\/media?parent=641582"}],"wp:term":[{"taxonomy":"category","embeddable":true,"href":"https:\/\/www.europesays.com\/fr\/wp-json\/wp\/v2\/categories?post=641582"},{"taxonomy":"post_tag","embeddable":true,"href":"https:\/\/www.europesays.com\/fr\/wp-json\/wp\/v2\/tags?post=641582"}],"curies":[{"name":"wp","href":"https:\/\/api.w.org\/{rel}","templated":true}]}}