{"id":641588,"date":"2026-01-05T02:36:31","date_gmt":"2026-01-05T02:36:31","guid":{"rendered":"https:\/\/www.europesays.com\/fr\/641588\/"},"modified":"2026-01-05T02:36:31","modified_gmt":"2026-01-05T02:36:31","slug":"teasers-avengers-doomsday-shrinking-sleeping-dogs-notre-recap-de-la-semaine-linfo-tout-court","status":"publish","type":"post","link":"https:\/\/www.europesays.com\/fr\/641588\/","title":{"rendered":"Teasers Avengers Doomsday, Shrinking, Sleeping Dogs\u2026 notre r\u00e9cap\u2019 de la semaine &#8211; L&#039;Info Tout Court"},"content":{"rendered":"<ol>\n<li><a href=\"https:\/\/news.google.com\/rss\/articles\/CBMilgFBVV95cUxQSTc2cFl2dlBBQXdJdDNDYmliamtadm93RWNoemtKUEltWFhsYVc1dVhYTVZtTG10MTJ2SjZTdHdORjI4QlprV3JDSHFRQWh0OVZWVl9Cc3FzWUpNS2kxcHlBVlA3d3R2anR1SEw1V25uOFpPNG9ZUnZwOTNObXh0aDNFd1ZuWFZCMDlDX25iV2JTLUh6WlE?oc=5\" target=\"_blank\" rel=\"noopener\">Teasers Avengers Doomsday, Shrinking, Sleeping Dogs\u2026 notre r\u00e9cap\u2019 de la semaine<\/a>&nbsp;&nbsp;L&rsquo;Info Tout Court<\/li>\n<li><a href=\"https:\/\/news.google.com\/rss\/articles\/CBMizwFBVV95cUxPbkV0NHNmcDVZaUtKY2Vud1ExY0JudEY4dHd1UjN6YUc5QkNqZE5oQ1hqaUgtSnRVREVIVkJZTkNNTVJlWDB0RkFwSGRrTHFvbHotY2RwMWxNUkFqbTJqT3otMkVDbEIzSjdDWDA1STFYU2xZTThIbTlCU3BvdkJnSGFqdkpYTk0wMFExalp0alJLekl0eEdMazJZZXhCQlJmanBqa1lsT0VZZ21FUlVnR01YNFlnQXFuT1dqOHJUZllTUUNBY1NTQlI2REtlLTg?oc=5\" target=\"_blank\" rel=\"noopener\">Avengers : Doomsday &#8211; histoire, date de sortie, bande-annonce\u2026 Tout savoir sur le film Marvel<\/a>&nbsp;&nbsp;Les Num\u00e9riques<\/li>\n<li><a href=\"https:\/\/news.google.com\/rss\/articles\/CBMi3AFBVV95cUxNMS1Ra083bFJveEFqTkhJc0owaXQzajdlVWpwU0o3V28takNZRi1rWGNkN01yazZNS3FZNG02bW1CTld5ZWZjdV9oWHNOcldQNW5kOTUxRG5LX1c2OTUzSmlzOVlBNkF4akhSeF9tMDMyWWJBbzVUTnR2NllBcjNzaXhEakpISmdNVHVFMFZrSnoxb2hwdHhiaUN3cU11WTkzaXZnRVc3cFR6dDlQR2dHd0J2c1lrWGI4dzlOekZjVUJXSEpZNHBkZTM1dW91MGpBbGx3T0oyQnNfcWto?oc=5\" target=\"_blank\" rel=\"noopener\">\u201cRevenir vivant pour elle\u201d : le trailer Thor d\u2019Avengers: Doomsday assombrit s\u00e9rieusement l\u2019avenir du h\u00e9ros<\/a>&nbsp;&nbsp;JeuxVideo.com<\/li>\n<li><a href=\"https:\/\/news.google.com\/rss\/articles\/CBMiuAFBVV95cUxNcTJkb09mUU9mTmxOU2pobGF5OXBiM2RRVVE4Z0lHa3R4d09jX05nWjFTSkNNdFprc1pMRlNlMVZoTkNQdkF6X0hxV3BCbVlja3R3TjEyOE80NGhUSmhjRExpVjdyRGVNT3FVbk5UZUZ5c0pyUjJmOGJhYl82SC1zazVZSkUwTmdPbzY0ZzR3bHVFS2hvUW0wV2JSY1lSaUx2eklaMzZjeWhVakxWcU5uaHAwREZuOHh5?oc=5\" target=\"_blank\" rel=\"noopener\">Thor joue h\u00e9ros et p\u00e8re \u00ab protecteur \u00bb dans un nouvel extrait d\u2019 Avengers : Doomsday<\/a>&nbsp;&nbsp;Le Figaro<\/li>\n<li><a href=\"https:\/\/news.google.com\/rss\/articles\/CBMizAFBVV95cUxQcWkzY0RSdkFmU05WWTUtRFRyb1lFejJseFM4X2ZUcHBYd3BRRVZfSVBiWngyZGw5SHVRNHpPd1FQOG9UZE9EWEVKME9QUlJac29CRUFJQnVhWDFlaTB6Z0hKbzZmay0wam9UVjhSOGxDVE4wNnpWb2V3RjcxWFpBaTJvSVRlTFV0dnk1MVlJb3FKb3hvSjJpR3EtNFhVZG5SV3RIcl85MUFQU05lUWwzYjdHcDBLTXNoUFVRam1nVVBYbWU5UWFzNXZqajU?oc=5\" target=\"_blank\" rel=\"noopener\">Le trailer d\u2019Avengers: Doomsday sur les X-Men pourrait avoir r\u00e9v\u00e9l\u00e9 le personnage le plus puissant du MCU<\/a>&nbsp;&nbsp;Begeek<\/li>\n<\/ol>\n","protected":false},"excerpt":{"rendered":"Teasers Avengers Doomsday, Shrinking, Sleeping Dogs\u2026 notre r\u00e9cap\u2019 de la semaine&nbsp;&nbsp;L&rsquo;Info Tout Court Avengers : Doomsday &#8211; histoire,&hellip;\n","protected":false},"author":2,"featured_media":641589,"comment_status":"","ping_status":"","sticky":false,"template":"","format":"standard","meta":{"footnotes":""},"categories":[1354],"tags":[733,11320,58,59,1346,1011,27,2135,1360],"class_list":{"0":"post-641588","1":"post","2":"type-post","3":"status-publish","4":"format-standard","5":"has-post-thumbnail","7":"category-films","8":"tag-apple","9":"tag-avengers","10":"tag-divertissement","11":"tag-entertainment","12":"tag-films","13":"tag-fr","14":"tag-france","15":"tag-marvel","16":"tag-movies"},"share_on_mastodon":{"url":"https:\/\/pubeurope.com\/@fr\/115840167600746531","error":""},"_links":{"self":[{"href":"https:\/\/www.europesays.com\/fr\/wp-json\/wp\/v2\/posts\/641588","targetHints":{"allow":["GET"]}}],"collection":[{"href":"https:\/\/www.europesays.com\/fr\/wp-json\/wp\/v2\/posts"}],"about":[{"href":"https:\/\/www.europesays.com\/fr\/wp-json\/wp\/v2\/types\/post"}],"author":[{"embeddable":true,"href":"https:\/\/www.europesays.com\/fr\/wp-json\/wp\/v2\/users\/2"}],"replies":[{"embeddable":true,"href":"https:\/\/www.europesays.com\/fr\/wp-json\/wp\/v2\/comments?post=641588"}],"version-history":[{"count":0,"href":"https:\/\/www.europesays.com\/fr\/wp-json\/wp\/v2\/posts\/641588\/revisions"}],"wp:featuredmedia":[{"embeddable":true,"href":"https:\/\/www.europesays.com\/fr\/wp-json\/wp\/v2\/media\/641589"}],"wp:attachment":[{"href":"https:\/\/www.europesays.com\/fr\/wp-json\/wp\/v2\/media?parent=641588"}],"wp:term":[{"taxonomy":"category","embeddable":true,"href":"https:\/\/www.europesays.com\/fr\/wp-json\/wp\/v2\/categories?post=641588"},{"taxonomy":"post_tag","embeddable":true,"href":"https:\/\/www.europesays.com\/fr\/wp-json\/wp\/v2\/tags?post=641588"}],"curies":[{"name":"wp","href":"https:\/\/api.w.org\/{rel}","templated":true}]}}