{"id":641598,"date":"2026-01-05T02:42:10","date_gmt":"2026-01-05T02:42:10","guid":{"rendered":"https:\/\/www.europesays.com\/fr\/641598\/"},"modified":"2026-01-05T02:42:10","modified_gmt":"2026-01-05T02:42:10","slug":"il-arrive-au-rendez-vous-pour-echanger-sa-moto-il-se-retrouve-avec-une-arme-braquee-sur-lui","status":"publish","type":"post","link":"https:\/\/www.europesays.com\/fr\/641598\/","title":{"rendered":"Il arrive au rendez-vous pour \u00e9changer sa moto, il se retrouve avec une arme braqu\u00e9e sur lui"},"content":{"rendered":"<p itemprop=\"description\">Suite \u00e0 une annonce sur les r\u00e9seaux<br \/>\nsociaux, un jeune homme de 21 ans voulait proc\u00e9der \u00e0 l&rsquo;\u00e9change de<br \/>\nsa moto, \u00e0 Orange&#8230;<\/p>\n<p>EN BREF<\/p>\n<ul class=\"bloc_resume_post_list\">\n<li>Le 31 d\u00e9cembre, un jeune homme de 21 ans a \u00e9t\u00e9 braqu\u00e9 \u00e0<br \/>\nOrange lors d&rsquo;un \u00e9change de moto contre un scooter.<\/li>\n<li>Arriv\u00e9 sur place, il a \u00e9t\u00e9 encercl\u00e9 par plusieurs<br \/>\nindividus arm\u00e9s et a d\u00fb abandonner sa moto.<\/li>\n<li>Les voleurs sont toujours en fuite, et une enqu\u00eate est en<br \/>\ncours pour les retrouver.<\/li>\n<\/ul>\n<p>Un jeune homme de 21 ans a v\u00e9cu <strong>une m\u00e9saventure dont il<br \/>\nse souviendra longtemps<\/strong>. Le mercredi 31 d\u00e9cembre, alors<br \/>\nqu\u00a0\u00bbil avait donn\u00e9 rendez-vous avec un individu afin de proc\u00e9der \u00e0<br \/>\n<strong>un \u00e9change de sa moto contre un scooter<\/strong>. Mais,<br \/>\nselon <a href=\"https:\/\/www.francebleu.fr\/infos\/faits-divers-justice\/a-orange-un-echange-de-deux-roues-tourne-en-guet-apens-5852838\" target=\"_blank\" rel=\"noopener\">France Bleu<\/a>, les n\u00e9gociations ne<br \/>\nsont <strong>pas pass\u00e9es comme pr\u00e9vu<\/strong>. Pire encore, il n&rsquo;y<br \/>\na pas eu d&rsquo;\u00e9change car <a href=\"https:\/\/www.autoplus.fr\/actualite\/insolite\/retrouve-renault-clio-desossee-apres-fait-braquer-1332366.html\" target=\"_blank\" rel=\"noopener\">il s&rsquo;est fait braquer par une<br \/>\narme<\/a>. Les faits se sont d\u00e9roul\u00e9s \u00e0 Orange, dans le Vaucluse.<br \/>\nPour l&rsquo;heure, les voleurs n&rsquo;ont pas \u00e9t\u00e9 retrouv\u00e9s mais ils font<br \/>\nl&rsquo;objet d&rsquo;une enqu\u00eate de la part des policiers.<\/p>\n<p>Il se retrouve sans sa moto apr\u00e8s un guet-apens<\/p>\n<p>\u00c0 son arriv\u00e9e sur le lieu du rendez-vous, l&rsquo;homme avec qui il<br \/>\navait \u00e9chang\u00e9 sur les r\u00e9seaux sociaux, arrive accompagn\u00e9.<br \/>\nRapidement, il s&rsquo;est <strong>retrouv\u00e9 avec une arme point\u00e9e sur<br \/>\nlui<\/strong>, sans avoir eu le temps de r\u00e9aliser ce qui lui<br \/>\narrivait.<\/p>\n<p>Plusieurs individus l&rsquo;ont encercl\u00e9 et le jeune homme originaire<br \/>\nde Marseille <a href=\"https:\/\/www.autoplus.fr\/actualite\/insolite\/plein-jour-voleur-voiture-senateur-marseille-1398839.html\" target=\"_blank\" rel=\"noopener\">a d\u00fb se d\u00e9faire de sa moto<\/a><br \/>\n<strong>sans pouvoir se d\u00e9fendre<\/strong>. L&rsquo;affaire a mal tourn\u00e9,<br \/>\nmais heureusement <strong>la victime n&rsquo;a pas \u00e9t\u00e9 bless\u00e9e<\/strong>.<br \/>\nElle est toutefois encore sous le choc apr\u00e8s cette agression.<\/p>\n<p>Les voleurs courent toujours<\/p>\n<p>Il \u00e9tait 21 heures au moment des faits qui se sont d\u00e9roul\u00e9s au<br \/>\nniveau de l&rsquo;avenue Guillaume le Taciturne. \u00c9videmment, le<br \/>\npropri\u00e9taire de la moto n&rsquo;a jamais re\u00e7u de scooter en \u00e9change et<br \/>\n<strong>il a d\u00fb se faire ramener chez lui<\/strong>. En ce qui<br \/>\nconcerne les malfaiteurs, ils \u00e9taient toujours dans la nature<br \/>\nvendredi. Ils risquent gros au vu des faits qui leurs sont<br \/>\nreproch\u00e9s.<\/p>\n<p>Ils font l&rsquo;<a href=\"https:\/\/www.autoplus.fr\/actualite\/insolite\/une-enquete-de-longue-haleine-pour-arreter-des-serial-voleurs-de-carburant-1293722.html\" target=\"_blank\" rel=\"noopener\">objet d&rsquo;une enqu\u00eate<\/a> et sont<br \/>\nrecherch\u00e9s activement par les agents de police. Voler une moto avec<br \/>\nune arme est un crime grave en France, qualifi\u00e9 de vol aggrav\u00e9,<br \/>\npassible de peines s\u00e9v\u00e8res. Ils risque donc une peine pouvant aller<br \/>\njusqu&rsquo;\u00e0 20 ans de r\u00e9clusion criminelle et de lourdes amendes,<br \/>\npouvant inclure des peines compl\u00e9mentaires comme l&rsquo;interdiction de<br \/>\ns\u00e9jour ou de droits civiques, car l&rsquo;utilisation d&rsquo;une arme<br \/>\ntransforme un d\u00e9lit en crime et entra\u00eene une proc\u00e9dure criminelle<br \/>\ndevant la Cour d&rsquo;assises (et non pas le tribunal correctionnel).<br \/>\nSelon les circonstances, une comparution imm\u00e9diate peut m\u00eame \u00eatre<br \/>\nordonn\u00e9e.<\/p>\n","protected":false},"excerpt":{"rendered":"Suite \u00e0 une annonce sur les r\u00e9seaux sociaux, un jeune homme de 21 ans voulait proc\u00e9der \u00e0 l&rsquo;\u00e9change&hellip;\n","protected":false},"author":2,"featured_media":641599,"comment_status":"","ping_status":"","sticky":false,"template":"","format":"standard","meta":{"footnotes":""},"categories":[5],"tags":[11,10281,1011,27,14,12,28],"class_list":{"0":"post-641598","1":"post","2":"type-post","3":"status-publish","4":"format-standard","5":"has-post-thumbnail","7":"category-international","8":"tag-actualites","9":"tag-buzz-nonli","10":"tag-fr","11":"tag-france","12":"tag-international","13":"tag-news","14":"tag-world"},"share_on_mastodon":{"url":"https:\/\/pubeurope.com\/@fr\/115840191273579786","error":""},"_links":{"self":[{"href":"https:\/\/www.europesays.com\/fr\/wp-json\/wp\/v2\/posts\/641598","targetHints":{"allow":["GET"]}}],"collection":[{"href":"https:\/\/www.europesays.com\/fr\/wp-json\/wp\/v2\/posts"}],"about":[{"href":"https:\/\/www.europesays.com\/fr\/wp-json\/wp\/v2\/types\/post"}],"author":[{"embeddable":true,"href":"https:\/\/www.europesays.com\/fr\/wp-json\/wp\/v2\/users\/2"}],"replies":[{"embeddable":true,"href":"https:\/\/www.europesays.com\/fr\/wp-json\/wp\/v2\/comments?post=641598"}],"version-history":[{"count":0,"href":"https:\/\/www.europesays.com\/fr\/wp-json\/wp\/v2\/posts\/641598\/revisions"}],"wp:featuredmedia":[{"embeddable":true,"href":"https:\/\/www.europesays.com\/fr\/wp-json\/wp\/v2\/media\/641599"}],"wp:attachment":[{"href":"https:\/\/www.europesays.com\/fr\/wp-json\/wp\/v2\/media?parent=641598"}],"wp:term":[{"taxonomy":"category","embeddable":true,"href":"https:\/\/www.europesays.com\/fr\/wp-json\/wp\/v2\/categories?post=641598"},{"taxonomy":"post_tag","embeddable":true,"href":"https:\/\/www.europesays.com\/fr\/wp-json\/wp\/v2\/tags?post=641598"}],"curies":[{"name":"wp","href":"https:\/\/api.w.org\/{rel}","templated":true}]}}