{"id":641611,"date":"2026-01-05T02:58:38","date_gmt":"2026-01-05T02:58:38","guid":{"rendered":"https:\/\/www.europesays.com\/fr\/641611\/"},"modified":"2026-01-05T02:58:38","modified_gmt":"2026-01-05T02:58:38","slug":"un-joueur-du-qrm-parmi-les-blesses-le-club-particulierement-affecte","status":"publish","type":"post","link":"https:\/\/www.europesays.com\/fr\/641611\/","title":{"rendered":"un joueur du QRM parmi les bless\u00e9s, le club \u00ab\u00a0particuli\u00e8rement affect\u00e9\u00a0\u00bb"},"content":{"rendered":"<p>                    Par<br \/>\n        <strong><br \/>\n            <a href=\"https:\/\/actu.fr\/auteur\/eaube\" title=\"Consulter tous les articles de Elo\u00efse Aub\u00e9\" target=\"_blank\" rel=\"noopener\">Elo\u00efse Aub\u00e9<\/a><br \/>\n                    <\/strong><\/p>\n<p>        Publi\u00e9 le<\/p>\n<p>            3 janv. 2026 \u00e0 13h08        <\/p>\n<p>Lors de l\u2019<a href=\"https:\/\/actu.fr\/faits-divers\/incendie-d-un-bar-a-crans-montana-bilan-humain-causes-ce-que-l-on-sait-deux-jours-apres-le-drame-en-suisse_63645791.html\" target=\"_blank\" rel=\"noopener\">incendie<\/a> au sein du bar le Constellation dans la station suisse de <strong>Crans-Montana<\/strong> lors de la soir\u00e9e du Nouvel An, un <strong>jeune joueur de QRM<\/strong> (Quevilly Rouen Metropole) a \u00e9t\u00e9 bless\u00e9 a-t-on appris confirmant une information de <a href=\"https:\/\/www.paris-normandie.fr\/id686338\/article\/2026-01-02\/incendie-de-crans-montana-un-jeune-joueur-de-qrm-figure-parmi-les-blesses\" target=\"_blank\" rel=\"noopener\">Paris-Normandie<\/a>.<\/p>\n<p class=\" wall-content\">Selon les premiers \u00e9l\u00e9ments, il souffrirait de <strong>br\u00fblures importantes au niveau du visage et des mains.<\/strong><\/p>\n<p>Arriv\u00e9 au QRM en 2025<\/p>\n<p class=\" wall-content\">Hugo Hare, \u00e2ge de 19\u00a0ans \u00e9volue depuis 2025 avec <strong>l\u2019\u00e9quipe B en R\u00e9gionale 1<\/strong> apr\u00e8s deux saisons pass\u00e9es au sein du centre de formation du FC Metz. Le soir du drame, il se trouvait avec <strong>Tahirys Dos Santos<\/strong>, joueur du FC Metz au sein de l\u2019\u00e9tablissement suisse, d\u2019apr\u00e8s des vid\u00e9os diffus\u00e9es sur les r\u00e9seaux sociaux. Ce dernier a, lui aussi, \u00e9t\u00e9 bless\u00e9.<\/p>\n<p class=\" wall-content\">Le club de QRM s\u2019est fendu d\u2019un communiqu\u00e9 de presse ce samedi 3\u00a0janvier 2026, apportant tout son soutien au proche du jeune joueur\u2009:<\/p>\n<blockquote class=\"ac-article-quote wall-content\">\n<p>L&rsquo;ensemble du club est particuli\u00e8rement affect\u00e9 par les blessures qui ont touch\u00e9 Hugo Hare, joueur de notre \u00e9quipe R1 (&#8230;) Nous demandons \u00e0 chacun de respecter la vie priv\u00e9e d&rsquo;Hugo et de ses proches<\/p>\n<p>    <strong>QRM<\/strong>\n            <\/p><\/blockquote>\n<p>14 bless\u00e9s pas encore identifi\u00e9s<\/p>\n<p class=\" wall-content\">L\u2019incendie s\u2019est d\u00e9clar\u00e9 peu apr\u00e8s 1\u2009h\u200930 au sein du bar Le Constellation faisant <strong>40 morts et 119 bless\u00e9s<\/strong>. Le travail d\u2019identification sera long d\u2019apr\u00e8s les autorit\u00e9s locales.<\/p>\n<p>Vid\u00e9os : en ce moment sur Actu<\/p>\n<p class=\" wall-content\">Selon les <a href=\"https:\/\/actu.fr\/faits-divers\/j-ai-recu-la-photo-d-un-orteil-apres-l-incendie-de-crans-montana-la-difficile-identification-des-victimes_63646890.html\" target=\"_blank\" rel=\"noopener\">premiers \u00e9l\u00e9ments de l\u2019enqu\u00eate<\/a>, \u00ab\u2009tout laisse \u00e0 penser que le feu est parti des bougies incandescentes ou des feux de Bengale qui ont \u00e9t\u00e9 mis sur les bouteilles de champagne\u2009\u00bb, a annonc\u00e9 la procureure g\u00e9n\u00e9rale du canton du Valais, B\u00e9atrice Pilloud. \u00ab\u2009Et tout a \u00e9t\u00e9 approch\u00e9 trop pr\u00e8s du plafond.\u2009\u00bb<\/p>\n<p>Suivez l\u2019actualit\u00e9 de Rouen sur notre <a href=\"https:\/\/www.whatsapp.com\/channel\/0029VaKfnf99hXF2ddApFB1D\" target=\"_blank\" rel=\"noopener\">cha\u00eene WhatsApp<\/a> et sur notre <a href=\"https:\/\/www.tiktok.com\/@76actu.fr?lang=fr\" target=\"_blank\" rel=\"noopener\">compte TikTok<\/a><\/p>\n<p class=\" wall-content\">Personnalisez votre actualit\u00e9 en ajoutant vos villes et m\u00e9dias en favori avec <a href=\"https:\/\/moncompte.actu.fr\" title=\"D\u00e9couvez Mon Actu\" rel=\"nofollow noopener\" data-trk=\"{&quot;cta&quot;:{&quot;action&quot;:&quot;https:\\\/\\\/moncompte.actu.fr&quot;,&quot;category&quot;:&quot;mon compte&quot;,&quot;from&quot;:&quot;article footer&quot;,&quot;name&quot;:&quot;Mon actu&quot;,&quot;type&quot;:&quot;cta&quot;}}\" target=\"_blank\">Mon Actu<\/a>.<\/p>\n<p>                    <script async src=\"\/\/www.tiktok.com\/embed.js\"><\/script><\/p>\n","protected":false},"excerpt":{"rendered":"Par Elo\u00efse Aub\u00e9 Publi\u00e9 le 3 janv. 2026 \u00e0 13h08 Lors de l\u2019incendie au sein du bar le&hellip;\n","protected":false},"author":2,"featured_media":641612,"comment_status":"","ping_status":"","sticky":false,"template":"","format":"standard","meta":{"footnotes":""},"categories":[9587],"tags":[1111,11,1777,674,1011,27,1310,12,5161,12004,25,9590,104],"class_list":{"0":"post-641611","1":"post","2":"type-post","3":"status-publish","4":"format-standard","5":"has-post-thumbnail","7":"category-rouen","8":"tag-actu","9":"tag-actualites","10":"tag-eu","11":"tag-europe","12":"tag-fr","13":"tag-france","14":"tag-incendie","15":"tag-news","16":"tag-normandie","17":"tag-quevilly-rouen-metropole-qrm","18":"tag-republique-francaise","19":"tag-rouen","20":"tag-societe"},"share_on_mastodon":{"url":"https:\/\/pubeurope.com\/@fr\/115840254106421827","error":""},"_links":{"self":[{"href":"https:\/\/www.europesays.com\/fr\/wp-json\/wp\/v2\/posts\/641611","targetHints":{"allow":["GET"]}}],"collection":[{"href":"https:\/\/www.europesays.com\/fr\/wp-json\/wp\/v2\/posts"}],"about":[{"href":"https:\/\/www.europesays.com\/fr\/wp-json\/wp\/v2\/types\/post"}],"author":[{"embeddable":true,"href":"https:\/\/www.europesays.com\/fr\/wp-json\/wp\/v2\/users\/2"}],"replies":[{"embeddable":true,"href":"https:\/\/www.europesays.com\/fr\/wp-json\/wp\/v2\/comments?post=641611"}],"version-history":[{"count":0,"href":"https:\/\/www.europesays.com\/fr\/wp-json\/wp\/v2\/posts\/641611\/revisions"}],"wp:featuredmedia":[{"embeddable":true,"href":"https:\/\/www.europesays.com\/fr\/wp-json\/wp\/v2\/media\/641612"}],"wp:attachment":[{"href":"https:\/\/www.europesays.com\/fr\/wp-json\/wp\/v2\/media?parent=641611"}],"wp:term":[{"taxonomy":"category","embeddable":true,"href":"https:\/\/www.europesays.com\/fr\/wp-json\/wp\/v2\/categories?post=641611"},{"taxonomy":"post_tag","embeddable":true,"href":"https:\/\/www.europesays.com\/fr\/wp-json\/wp\/v2\/tags?post=641611"}],"curies":[{"name":"wp","href":"https:\/\/api.w.org\/{rel}","templated":true}]}}