{"id":641615,"date":"2026-01-05T03:02:12","date_gmt":"2026-01-05T03:02:12","guid":{"rendered":"https:\/\/www.europesays.com\/fr\/641615\/"},"modified":"2026-01-05T03:02:12","modified_gmt":"2026-01-05T03:02:12","slug":"previsions-du-lundi-5-janvier-2026","status":"publish","type":"post","link":"https:\/\/www.europesays.com\/fr\/641615\/","title":{"rendered":"pr\u00e9visions du lundi 5 janvier 2026"},"content":{"rendered":"<p>C&rsquo;est sous un ciel gris que va se d\u00e9rouler la journ\u00e9e. De l\u00e9gers nuages perdurent sur Rennes. Il va faire en moyenne 2\u00b0C. Un vent de sud-ouest rafra\u00eechira l\u00e9g\u00e8rement l&rsquo;atmosph\u00e8re. De l\u00e9gers nuages en pr\u00e9vision le matin, et un ciel encore gris. L&rsquo;apr\u00e8s-midi, des nuages ne voudront pas faire place au soleil. Mauvais temps : on pr\u00e9voit des pluies \u00e9parses. En revanche, les temp\u00e9ratures vont monter de quelques degr\u00e9s. L&rsquo;hiver se fait sentir : les temp\u00e9ratures seront comprises entre 1 et 5\u00b0C. D&rsquo;importantes chutes de neige sont attendues le soir. Le thermom\u00e8tre affichera 0\u00b0C en moyenne. C&rsquo;est un ciel clair que conna\u00eetra la nuit de lundi \u00e0 mardi.<\/p>\n<p>Demain, le beau temps va peu \u00e0 peu se substituer aux nuages \u00e0 Rennes. Une chute des temp\u00e9ratures est pr\u00e9vue rappelant l&rsquo;hiver aux bons souvenirs des habitants. Il fera -1\u00b0C en moyenne. Les Rennais vont avoir froid le matin : les temp\u00e9ratures ne vont pas d\u00e9passer 2\u00b0C. Les valeurs seront de -2\u00b0C. Une modeste brise de nord sera ressentie par les habitants. Le temps va se r\u00e9chauffer demain apr\u00e8s-midi avec une augmentation de quelques degr\u00e9s. Les maximales iront jusqu&rsquo;\u00e0 3\u00b0C et les minimales seront de -1\u00b0C : un temps de saison. On annonce une embellie pour cette soir\u00e9e. Un petit vent de sud-ouest soufflera.<\/p>\n<p>Une d\u00e9gradation est \u00e0 pr\u00e9voir pour les jours \u00e0 venir. On pr\u00e9voit des journ\u00e9es pluvieuses, avec des temp\u00e9ratures dans les 2\u00b0C en moyenne.<\/p>\n<p>Aujourd&rsquo;hui, c&rsquo;est l&rsquo;\u00c9piphanie ! Pensez \u00e0 acheter votre galette pour tenter de remporter la f\u00e8ve !<\/p>\n","protected":false},"excerpt":{"rendered":"C&rsquo;est sous un ciel gris que va se d\u00e9rouler la journ\u00e9e. De l\u00e9gers nuages perdurent sur Rennes. Il&hellip;\n","protected":false},"author":2,"featured_media":641616,"comment_status":"","ping_status":"","sticky":false,"template":"","format":"standard","meta":{"footnotes":""},"categories":[2821],"tags":[1111,11,829,1777,674,1011,27,12,2119,584,25],"class_list":{"0":"post-641615","1":"post","2":"type-post","3":"status-publish","4":"format-standard","5":"has-post-thumbnail","7":"category-rennes","8":"tag-actu","9":"tag-actualites","10":"tag-bretagne","11":"tag-eu","12":"tag-europe","13":"tag-fr","14":"tag-france","15":"tag-news","16":"tag-previsions-meteo","17":"tag-rennes","18":"tag-republique-francaise"},"share_on_mastodon":{"url":"https:\/\/pubeurope.com\/@fr\/115840269877080759","error":""},"_links":{"self":[{"href":"https:\/\/www.europesays.com\/fr\/wp-json\/wp\/v2\/posts\/641615","targetHints":{"allow":["GET"]}}],"collection":[{"href":"https:\/\/www.europesays.com\/fr\/wp-json\/wp\/v2\/posts"}],"about":[{"href":"https:\/\/www.europesays.com\/fr\/wp-json\/wp\/v2\/types\/post"}],"author":[{"embeddable":true,"href":"https:\/\/www.europesays.com\/fr\/wp-json\/wp\/v2\/users\/2"}],"replies":[{"embeddable":true,"href":"https:\/\/www.europesays.com\/fr\/wp-json\/wp\/v2\/comments?post=641615"}],"version-history":[{"count":0,"href":"https:\/\/www.europesays.com\/fr\/wp-json\/wp\/v2\/posts\/641615\/revisions"}],"wp:featuredmedia":[{"embeddable":true,"href":"https:\/\/www.europesays.com\/fr\/wp-json\/wp\/v2\/media\/641616"}],"wp:attachment":[{"href":"https:\/\/www.europesays.com\/fr\/wp-json\/wp\/v2\/media?parent=641615"}],"wp:term":[{"taxonomy":"category","embeddable":true,"href":"https:\/\/www.europesays.com\/fr\/wp-json\/wp\/v2\/categories?post=641615"},{"taxonomy":"post_tag","embeddable":true,"href":"https:\/\/www.europesays.com\/fr\/wp-json\/wp\/v2\/tags?post=641615"}],"curies":[{"name":"wp","href":"https:\/\/api.w.org\/{rel}","templated":true}]}}