{"id":641621,"date":"2026-01-05T03:08:19","date_gmt":"2026-01-05T03:08:19","guid":{"rendered":"https:\/\/www.europesays.com\/fr\/641621\/"},"modified":"2026-01-05T03:08:19","modified_gmt":"2026-01-05T03:08:19","slug":"le-constat-sans-appel-de-roberto-de-zerbi-apres-la-defaite-de-lom-contre-nantes-ligue-1-j17-om-nantes-0-2","status":"publish","type":"post","link":"https:\/\/www.europesays.com\/fr\/641621\/","title":{"rendered":"Le constat sans appel de Roberto De Zerbi apr\u00e8s la d\u00e9faite de l\u2019OM contre Nantes &#8211; Ligue 1 &#8211; J17 &#8211; OM-Nantes (0-2)"},"content":{"rendered":"<p>Pas question de trouver des excuses.<\/p>\n<p><strong>R\u00e9duit \u00e0 neuf contre onze, <a target=\"_blank\" href=\"https:\/\/www.sofoot.com\/articles\/ligue-1-lom-perd-les-pedales-contre-nantes-au-velodrome-et-commence-mal-2026\" rel=\"noopener\">l\u2019OM a compl\u00e8tement rat\u00e9 sa reprise de championnat face \u00e0 Nantes (0-2)<\/a><\/strong>. Une prestation loin d\u2019\u00eatre \u00e0 la hauteur, comme l\u2019a reconnu Roberto De Zerbi devant la presse, ne cherchant pas \u00e0 se cacher derri\u00e8re l\u2019arbitrage. \u00ab\u202fOn a mal commenc\u00e9 le match, m\u00eame \u00e0 11 contre 11, sans \u00e9nergie, sans ce qu\u2019il faut pour jouer au football. Ensuite, le premier rouge a conditionn\u00e9 le match parce qu\u2019on a pris le but juste derri\u00e8re. En seconde p\u00e9riode, on a essay\u00e9 de cr\u00e9er quelque chose, sans avoir beaucoup d\u2019occasions. Puis \u00e0 9, \u00e7a a \u00e9t\u00e9 encore plus difficile, a fustig\u00e9 le technicien italien, passablement agac\u00e9 sur son banc tout au long de la partie. On a m\u00e9rit\u00e9 de perdre. On ne peut pas penser gagner un match sans mettre l\u2019\u00e9nergie n\u00e9cessaire.\u202f\u00bb<\/p>\n<p>\u00ab\u202fOn ne m\u00e9rite pas mieux que la troisi\u00e8me place\u202f\u00bb<\/p>\n<p>Un revers lourd de cons\u00e9quences au classement, puisque <strong>les Phoc\u00e9ens voient le leader Lens prendre huit longueurs d\u2019avance<\/strong>. \u00ab\u202fAu-del\u00e0 de Lens et du PSG, on doit se regarder, nous. Si on fait ce genre de match, si on ne met pas plus d\u2019envie de gagner, on a ce qu\u2019on m\u00e9rite, c\u2019est-\u00e0-dire pas mieux que la troisi\u00e8me place, a poursuivi RDZ, lucide. Il manquait de la force \u00e0 tout le monde, et moi aussi je dois comprendre pourquoi. M\u00eame \u00e0 14 contre 11, on aurait perdu. Le foot, c\u2019est l\u2019\u00e9nergie, la volont\u00e9.\u202f\u00bb<\/p>\n<p>Quelque chose nous dit qu\u2019elle sera moins difficile \u00e0 trouver dans quatre jours, pour le Troph\u00e9e des champions face au PSG.<\/p>\n<p>\t\t\t\t\t\t\t\t\t\t<a class=\"lien-connexe\" href=\"https:\/\/www.sofoot.com\/articles\/en-direct-marseille-nantes-2026\" target=\"_blank\" rel=\"noopener\">Revivez Marseille-Nantes (0-2)<\/a>\t\t\t\t\t<\/p>\n","protected":false},"excerpt":{"rendered":"Pas question de trouver des excuses. R\u00e9duit \u00e0 neuf contre onze, l\u2019OM a compl\u00e8tement rat\u00e9 sa reprise de&hellip;\n","protected":false},"author":2,"featured_media":641622,"comment_status":"","ping_status":"","sticky":false,"template":"","format":"standard","meta":{"footnotes":""},"categories":[2818],"tags":[1111,47,11,61,69,65,64,1777,674,63,1011,27,68,66,766,12,62,2636,70,25,67],"class_list":{"0":"post-641621","1":"post","2":"type-post","3":"status-publish","4":"format-standard","5":"has-post-thumbnail","7":"category-nantes","8":"tag-actu","9":"tag-actualite","10":"tag-actualites","11":"tag-actus-football","12":"tag-bundesliga","13":"tag-championnats-europeens","14":"tag-equipe-de-france","15":"tag-eu","16":"tag-europe","17":"tag-football","18":"tag-fr","19":"tag-france","20":"tag-ligua","21":"tag-ligue-1","22":"tag-nantes","23":"tag-news","24":"tag-news-foot","25":"tag-pays-de-la-loire","26":"tag-premier-league","27":"tag-republique-francaise","28":"tag-serie-a"},"share_on_mastodon":{"url":"https:\/\/pubeurope.com\/@fr\/115840293470008037","error":""},"_links":{"self":[{"href":"https:\/\/www.europesays.com\/fr\/wp-json\/wp\/v2\/posts\/641621","targetHints":{"allow":["GET"]}}],"collection":[{"href":"https:\/\/www.europesays.com\/fr\/wp-json\/wp\/v2\/posts"}],"about":[{"href":"https:\/\/www.europesays.com\/fr\/wp-json\/wp\/v2\/types\/post"}],"author":[{"embeddable":true,"href":"https:\/\/www.europesays.com\/fr\/wp-json\/wp\/v2\/users\/2"}],"replies":[{"embeddable":true,"href":"https:\/\/www.europesays.com\/fr\/wp-json\/wp\/v2\/comments?post=641621"}],"version-history":[{"count":0,"href":"https:\/\/www.europesays.com\/fr\/wp-json\/wp\/v2\/posts\/641621\/revisions"}],"wp:featuredmedia":[{"embeddable":true,"href":"https:\/\/www.europesays.com\/fr\/wp-json\/wp\/v2\/media\/641622"}],"wp:attachment":[{"href":"https:\/\/www.europesays.com\/fr\/wp-json\/wp\/v2\/media?parent=641621"}],"wp:term":[{"taxonomy":"category","embeddable":true,"href":"https:\/\/www.europesays.com\/fr\/wp-json\/wp\/v2\/categories?post=641621"},{"taxonomy":"post_tag","embeddable":true,"href":"https:\/\/www.europesays.com\/fr\/wp-json\/wp\/v2\/tags?post=641621"}],"curies":[{"name":"wp","href":"https:\/\/api.w.org\/{rel}","templated":true}]}}