{"id":641623,"date":"2026-01-05T03:10:13","date_gmt":"2026-01-05T03:10:13","guid":{"rendered":"https:\/\/www.europesays.com\/fr\/641623\/"},"modified":"2026-01-05T03:10:13","modified_gmt":"2026-01-05T03:10:13","slug":"previsions-du-lundi-5-janvier-2026-3","status":"publish","type":"post","link":"https:\/\/www.europesays.com\/fr\/641623\/","title":{"rendered":"pr\u00e9visions du lundi 5 janvier 2026"},"content":{"rendered":"<p>Cette journ\u00e9e rimera avec beau soleil pour Bordeaux. Il fera 1\u00b0C en moyenne. Les Bordelais vont avoir froid le matin : les temp\u00e9ratures ne vont pas d\u00e9passer 2\u00b0C. Les valeurs seront de -1\u00b0C. Un petit vent de sud sera ressenti par les habitants. Un temps plus chaud est pr\u00e9vu l&rsquo;apr\u00e8s-midi puisque le mercure va enregistrer une hausse. Les valeurs seront comprises entre 0 et 4\u00b0C, un temps r\u00e9solument de saison. Le soir, le vent va progressivement \u00e9loigner les nuages. On pr\u00e9voit des temp\u00e9ratures d&rsquo;environ 0\u00b0C. Le passage de lundi \u00e0 mardi s&rsquo;effectuera sous un ciel d\u00e9pourvu de nuages.<\/p>\n<p>Une baisse des temp\u00e9ratures est attendue \u00e0 Bordeaux, demain rappelant l&rsquo;hiver aux bons souvenirs des habitants. L&rsquo;hiver se fait sentir : les valeurs s&rsquo;\u00e9chelonneront entre -3 et 2\u00b0C. Le matin, le soleil sera cach\u00e9 derri\u00e8re des nuages. On pr\u00e9voit d&rsquo;importantes chutes de neige. Le thermom\u00e8tre affichera 0\u00b0C en moyenne. Un vent de nord-est soufflera l\u00e9g\u00e8rement, avec 13 km\/h. C&rsquo;est un soleil radieux qui va se montrer demain apr\u00e8s-midi. Il va faire froid avec des temp\u00e9ratures qui afficheront entre -2 et 2\u00b0C. Demain soir, on retrouvera des bancs de brouillard. Il va faire en moyenne -3\u00b0C. Un vent de nord-ouest rafra\u00eechira un peu l&rsquo;atmosph\u00e8re.<\/p>\n<p>Le temps des journ\u00e9es suivantes va changer peu \u00e0 peu. M\u00eame si le beau temps perdurera quelque peu mercredi, il faut s&rsquo;attendre \u00e0 une d\u00e9gradation par la suite.<\/p>\n<p>L&rsquo;\u00c9piphanie se r\u00e9v\u00e8le l&rsquo;opportunit\u00e9 d&rsquo;\u00e9lire votre Reine et votre Roi. N&rsquo;oubliez donc pas la galette aujourd&rsquo;hui !<\/p>\n","protected":false},"excerpt":{"rendered":"Cette journ\u00e9e rimera avec beau soleil pour Bordeaux. Il fera 1\u00b0C en moyenne. Les Bordelais vont avoir froid&hellip;\n","protected":false},"author":2,"featured_media":641624,"comment_status":"","ping_status":"","sticky":false,"template":"","format":"standard","meta":{"footnotes":""},"categories":[2817],"tags":[1111,11,1997,1777,674,1011,27,12,2219,2119,25],"class_list":{"0":"post-641623","1":"post","2":"type-post","3":"status-publish","4":"format-standard","5":"has-post-thumbnail","7":"category-bordeaux","8":"tag-actu","9":"tag-actualites","10":"tag-bordeaux","11":"tag-eu","12":"tag-europe","13":"tag-fr","14":"tag-france","15":"tag-news","16":"tag-nouvelle-aquitaine","17":"tag-previsions-meteo","18":"tag-republique-francaise"},"share_on_mastodon":{"url":"https:\/\/pubeurope.com\/@fr\/115840301313158279","error":""},"_links":{"self":[{"href":"https:\/\/www.europesays.com\/fr\/wp-json\/wp\/v2\/posts\/641623","targetHints":{"allow":["GET"]}}],"collection":[{"href":"https:\/\/www.europesays.com\/fr\/wp-json\/wp\/v2\/posts"}],"about":[{"href":"https:\/\/www.europesays.com\/fr\/wp-json\/wp\/v2\/types\/post"}],"author":[{"embeddable":true,"href":"https:\/\/www.europesays.com\/fr\/wp-json\/wp\/v2\/users\/2"}],"replies":[{"embeddable":true,"href":"https:\/\/www.europesays.com\/fr\/wp-json\/wp\/v2\/comments?post=641623"}],"version-history":[{"count":0,"href":"https:\/\/www.europesays.com\/fr\/wp-json\/wp\/v2\/posts\/641623\/revisions"}],"wp:featuredmedia":[{"embeddable":true,"href":"https:\/\/www.europesays.com\/fr\/wp-json\/wp\/v2\/media\/641624"}],"wp:attachment":[{"href":"https:\/\/www.europesays.com\/fr\/wp-json\/wp\/v2\/media?parent=641623"}],"wp:term":[{"taxonomy":"category","embeddable":true,"href":"https:\/\/www.europesays.com\/fr\/wp-json\/wp\/v2\/categories?post=641623"},{"taxonomy":"post_tag","embeddable":true,"href":"https:\/\/www.europesays.com\/fr\/wp-json\/wp\/v2\/tags?post=641623"}],"curies":[{"name":"wp","href":"https:\/\/api.w.org\/{rel}","templated":true}]}}