{"id":641625,"date":"2026-01-05T03:11:19","date_gmt":"2026-01-05T03:11:19","guid":{"rendered":"https:\/\/www.europesays.com\/fr\/641625\/"},"modified":"2026-01-05T03:11:19","modified_gmt":"2026-01-05T03:11:19","slug":"dominique-de-villepin-ne-viendra-pas-a-toulouse-son-entourage-dement","status":"publish","type":"post","link":"https:\/\/www.europesays.com\/fr\/641625\/","title":{"rendered":"Dominique de Villepin ne viendra pas \u00e0 Toulouse\u00a0: son entourage d\u00e9ment"},"content":{"rendered":"<p>\n                                                                    l&rsquo;essentiel<br \/>\n                                                                Annonc\u00e9e ce vendredi sur notre site internet, la venue de Dominique de Villepin \u00e0 Toulouse est finalement d\u00e9mentie par son entourage. L\u2019ancien Premier ministre n\u2019aurait aucun d\u00e9placement pr\u00e9vu dans la Ville rose, contrairement aux informations communiqu\u00e9es par un candidat aux municipales.\n                            <\/p>\n<p>Annonc\u00e9e ce vendredi 2\u00a0janvier par l\u2019entourage de Pierre Pezzin, candidat aux municipales \u00e0 Toulouse, la venue de Dominique de Villepin dans la Ville rose n\u2019aura finalement pas lieu. L\u2019information\u00a0a \u00e9t\u00e9 formellement d\u00e9mentie par l\u2019entourage de l\u2019ancien Premier ministre.<\/p>\n<p>Beno\u00eet Jimenez, maire de Garges-l\u00e8s-Gonesse et responsable de La France humaniste, le mouvement politique lanc\u00e9 par Dominique de Villepin, affirme qu\u2019aucun d\u00e9placement \u00e0 Toulouse n\u2019est pr\u00e9vu. \u00ab\u00a0Il s\u2019agit d\u2019une fausse information\u00a0\u00bb, indique-t-il, pr\u00e9cisant qu\u2019aucune rencontre ni aucun meeting n\u2019ont \u00e9t\u00e9 programm\u00e9s \u00e0 ce stade dans la Ville rose.<\/p>\n<p>L\u2019annonce initiale provenait de Pierre Pezzin, candidat d\u00e9clar\u00e9 aux municipales de 2026 \u00e0 Toulouse, qui avait indiqu\u00e9 \u00e0 notre r\u00e9daction, par mail puis par t\u00e9l\u00e9phone, que Dominique de Villepin devait participer \u00e0 un meeting \u00e0 ses c\u00f4t\u00e9s. Une information qu\u2019il pr\u00e9sentait comme confirm\u00e9e.<\/p>\n<p>Face \u00e0 ces \u00e9l\u00e9ments contradictoires, notre r\u00e9daction a choisi de clarifier la situation. Selon les proches de Dominique de Villepin, aucune participation \u00e0 un \u00e9v\u00e9nement politique \u00e0 Toulouse n\u2019est \u00e0 l\u2019ordre du jour, et aucune validation n\u2019a \u00e9t\u00e9 donn\u00e9e dans ce sens.<\/p>\n","protected":false},"excerpt":{"rendered":"l&rsquo;essentiel Annonc\u00e9e ce vendredi sur notre site internet, la venue de Dominique de Villepin \u00e0 Toulouse est finalement&hellip;\n","protected":false},"author":2,"featured_media":641626,"comment_status":"","ping_status":"","sticky":false,"template":"","format":"standard","meta":{"footnotes":""},"categories":[2816],"tags":[1111,11,1777,674,1011,27,329,12,2680,316,25,2312],"class_list":{"0":"post-641625","1":"post","2":"type-post","3":"status-publish","4":"format-standard","5":"has-post-thumbnail","7":"category-toulouse","8":"tag-actu","9":"tag-actualites","10":"tag-eu","11":"tag-europe","12":"tag-fr","13":"tag-france","14":"tag-france-monde","15":"tag-news","16":"tag-occitanie","17":"tag-politique","18":"tag-republique-francaise","19":"tag-toulouse"},"share_on_mastodon":{"url":"https:\/\/pubeurope.com\/@fr\/115840305255285630","error":""},"_links":{"self":[{"href":"https:\/\/www.europesays.com\/fr\/wp-json\/wp\/v2\/posts\/641625","targetHints":{"allow":["GET"]}}],"collection":[{"href":"https:\/\/www.europesays.com\/fr\/wp-json\/wp\/v2\/posts"}],"about":[{"href":"https:\/\/www.europesays.com\/fr\/wp-json\/wp\/v2\/types\/post"}],"author":[{"embeddable":true,"href":"https:\/\/www.europesays.com\/fr\/wp-json\/wp\/v2\/users\/2"}],"replies":[{"embeddable":true,"href":"https:\/\/www.europesays.com\/fr\/wp-json\/wp\/v2\/comments?post=641625"}],"version-history":[{"count":0,"href":"https:\/\/www.europesays.com\/fr\/wp-json\/wp\/v2\/posts\/641625\/revisions"}],"wp:featuredmedia":[{"embeddable":true,"href":"https:\/\/www.europesays.com\/fr\/wp-json\/wp\/v2\/media\/641626"}],"wp:attachment":[{"href":"https:\/\/www.europesays.com\/fr\/wp-json\/wp\/v2\/media?parent=641625"}],"wp:term":[{"taxonomy":"category","embeddable":true,"href":"https:\/\/www.europesays.com\/fr\/wp-json\/wp\/v2\/categories?post=641625"},{"taxonomy":"post_tag","embeddable":true,"href":"https:\/\/www.europesays.com\/fr\/wp-json\/wp\/v2\/tags?post=641625"}],"curies":[{"name":"wp","href":"https:\/\/api.w.org\/{rel}","templated":true}]}}