{"id":641627,"date":"2026-01-05T03:12:11","date_gmt":"2026-01-05T03:12:11","guid":{"rendered":"https:\/\/www.europesays.com\/fr\/641627\/"},"modified":"2026-01-05T03:12:11","modified_gmt":"2026-01-05T03:12:11","slug":"previsions-du-lundi-5-janvier-2026-4","status":"publish","type":"post","link":"https:\/\/www.europesays.com\/fr\/641627\/","title":{"rendered":"pr\u00e9visions du lundi 5 janvier 2026"},"content":{"rendered":"<p>Toulouse va vivre une splendide journ\u00e9e particuli\u00e8rement ensoleill\u00e9e. L&rsquo;hiver se fait sentir : les temp\u00e9ratures seront comprises entre -3 et 3\u00b0C. Les Toulousains vont avoir froid le matin : les temp\u00e9ratures ne vont pas d\u00e9passer 1\u00b0C. Il va faire froid avec des valeurs qui afficheront entre -3 et 1\u00b0C. Une brise d&rsquo;ouest soufflera l\u00e9g\u00e8rement. Les temp\u00e9ratures vont enregistrer une hausse de quelques degr\u00e9s lors de l&rsquo;apr\u00e8s-midi. Les valeurs s&rsquo;\u00e9chelonneront entre -1 et 3\u00b0C, un temps vraiment de saison. Le soir, le vent va peu \u00e0 peu chasser la grisaille. Les valeurs seront comprises entre -2\u00b0C et -1\u00b0C, rappelant l&rsquo;hiver au bon souvenir des habitants. On passera de lundi \u00e0 mardi par une nuit claire.<\/p>\n<p>Demain, le soleil va progressivement remplacer les nuages \u00e0 Toulouse. C&rsquo;est une hausse de quelques degr\u00e9s que vont conna\u00eetre les temp\u00e9ratures. Ces valeurs afficheront entre -3 et 4\u00b0C, un temps bel et bien de saison. Un vent de nord-ouest rafra\u00eechira sensiblement l&rsquo;atmosph\u00e8re. Les Toulousains vont avoir froid le matin : les temp\u00e9ratures ne vont pas d\u00e9passer 2\u00b0C. Les valeurs avoisineront les -1\u00b0C. Les temp\u00e9ratures vont enregistrer une augmentation de quelques degr\u00e9s dans l&rsquo;apr\u00e8s-midi. Il va faire froid avec des temp\u00e9ratures qui s&rsquo;\u00e9chelonneront entre 1 et 4\u00b0C. Le ciel sera relativement lumineux, avec quelques \u00e9claircies demain soir. Il fera -1\u00b0C en moyenne.<\/p>\n<p>La m\u00e9t\u00e9o des jours qui suivent va changer peu \u00e0 peu. M\u00eame si le beau temps perdurera un peu mercredi, il faut pr\u00e9voir une d\u00e9gradation ensuite.<\/p>\n<p>Aujourd&rsquo;hui, c&rsquo;est l&rsquo;\u00c9piphanie ! \u00c0 vos galettes pour tirer les Reines et les Rois !<\/p>\n","protected":false},"excerpt":{"rendered":"Toulouse va vivre une splendide journ\u00e9e particuli\u00e8rement ensoleill\u00e9e. L&rsquo;hiver se fait sentir : les temp\u00e9ratures seront comprises entre&hellip;\n","protected":false},"author":2,"featured_media":641628,"comment_status":"","ping_status":"","sticky":false,"template":"","format":"standard","meta":{"footnotes":""},"categories":[2816],"tags":[1111,11,1777,674,1011,27,12,2680,2119,25,2312],"class_list":{"0":"post-641627","1":"post","2":"type-post","3":"status-publish","4":"format-standard","5":"has-post-thumbnail","7":"category-toulouse","8":"tag-actu","9":"tag-actualites","10":"tag-eu","11":"tag-europe","12":"tag-fr","13":"tag-france","14":"tag-news","15":"tag-occitanie","16":"tag-previsions-meteo","17":"tag-republique-francaise","18":"tag-toulouse"},"share_on_mastodon":{"url":"https:\/\/pubeurope.com\/@fr\/115840309179474003","error":""},"_links":{"self":[{"href":"https:\/\/www.europesays.com\/fr\/wp-json\/wp\/v2\/posts\/641627","targetHints":{"allow":["GET"]}}],"collection":[{"href":"https:\/\/www.europesays.com\/fr\/wp-json\/wp\/v2\/posts"}],"about":[{"href":"https:\/\/www.europesays.com\/fr\/wp-json\/wp\/v2\/types\/post"}],"author":[{"embeddable":true,"href":"https:\/\/www.europesays.com\/fr\/wp-json\/wp\/v2\/users\/2"}],"replies":[{"embeddable":true,"href":"https:\/\/www.europesays.com\/fr\/wp-json\/wp\/v2\/comments?post=641627"}],"version-history":[{"count":0,"href":"https:\/\/www.europesays.com\/fr\/wp-json\/wp\/v2\/posts\/641627\/revisions"}],"wp:featuredmedia":[{"embeddable":true,"href":"https:\/\/www.europesays.com\/fr\/wp-json\/wp\/v2\/media\/641628"}],"wp:attachment":[{"href":"https:\/\/www.europesays.com\/fr\/wp-json\/wp\/v2\/media?parent=641627"}],"wp:term":[{"taxonomy":"category","embeddable":true,"href":"https:\/\/www.europesays.com\/fr\/wp-json\/wp\/v2\/categories?post=641627"},{"taxonomy":"post_tag","embeddable":true,"href":"https:\/\/www.europesays.com\/fr\/wp-json\/wp\/v2\/tags?post=641627"}],"curies":[{"name":"wp","href":"https:\/\/api.w.org\/{rel}","templated":true}]}}