{"id":641629,"date":"2026-01-05T03:14:12","date_gmt":"2026-01-05T03:14:12","guid":{"rendered":"https:\/\/www.europesays.com\/fr\/641629\/"},"modified":"2026-01-05T03:14:12","modified_gmt":"2026-01-05T03:14:12","slug":"previsions-du-lundi-5-janvier-2026-5","status":"publish","type":"post","link":"https:\/\/www.europesays.com\/fr\/641629\/","title":{"rendered":"pr\u00e9visions du lundi 5 janvier 2026"},"content":{"rendered":"<p>\u00c0 Lille, les valeurs afficheront entre -2\u00b0C et 2\u00b0C dans la journ\u00e9e, rappelant l&rsquo;hiver au bon souvenir des habitants. La matin\u00e9e va rester maussade \u00e0 cause de nuages qui perdurent dans le ciel. Il faudra se pr\u00e9parer pour des petites chutes de neige. Les temp\u00e9ratures tourneront autour des 0\u00b0C. Un vent de sud-ouest rafra\u00eechira un peu l&rsquo;atmosph\u00e8re. La m\u00e9t\u00e9o va peu \u00e0 peu s&rsquo;am\u00e9liorer dans l&rsquo;apr\u00e8s-midi et laisser place \u00e0 des \u00e9claircies. L&rsquo;hiver se fait sentir : les temp\u00e9ratures seront comprises entre -1 et 2\u00b0C. Les Lillois vont avoir froid le soir : les temp\u00e9ratures ne vont pas d\u00e9passer -2\u00b0C. Le mercure affichera -2\u00b0C en moyenne. C&rsquo;est un ciel d\u00e9pourvu de nuages que conna\u00eetra la nuit de lundi \u00e0 mardi.<\/p>\n<p>Pour Lille, un temps plus chaud est pr\u00e9vu demain puisque le mercure va conna\u00eetre une hausse. Il va faire en moyenne 1\u00b0C. La ville aura quelques \u00e9claircies le matin. L&rsquo;hiver sera bien au rendez-vous puisque les valeurs seront quand m\u00eame de -1\u00b0C au minimum et de 2\u00b0C au plus haut. Un vent de nord-ouest soufflera l\u00e9g\u00e8rement, avec 12 km\/h. Le soleil sera dominant, la garantie d&rsquo;un bel apr\u00e8s-midi ! Il va faire froid avec des temp\u00e9ratures qui s&rsquo;\u00e9chelonneront entre -1 et 2\u00b0C. Demain soir, le soleil risque d&rsquo;\u00eatre cach\u00e9 par des nuages. Un vent de sud-ouest soufflera doucement.<\/p>\n<p>Une d\u00e9gradation est attendue les prochains jours. Comptez sur -2\u00b0C en moyenne qui accompagneront des journ\u00e9es pluvieuses.<\/p>\n<p>Aujourd&rsquo;hui, c&rsquo;est l&rsquo;\u00c9piphanie. Pour recevoir la f\u00e8ve, tous \u00e0 vos galettes !<\/p>\n","protected":false},"excerpt":{"rendered":"\u00c0 Lille, les valeurs afficheront entre -2\u00b0C et 2\u00b0C dans la journ\u00e9e, rappelant l&rsquo;hiver au bon souvenir des&hellip;\n","protected":false},"author":2,"featured_media":641630,"comment_status":"","ping_status":"","sticky":false,"template":"","format":"standard","meta":{"footnotes":""},"categories":[2815],"tags":[1111,11,1777,674,1011,27,811,1307,12,2119,25],"class_list":{"0":"post-641629","1":"post","2":"type-post","3":"status-publish","4":"format-standard","5":"has-post-thumbnail","7":"category-lille","8":"tag-actu","9":"tag-actualites","10":"tag-eu","11":"tag-europe","12":"tag-fr","13":"tag-france","14":"tag-hauts-de-france","15":"tag-lille","16":"tag-news","17":"tag-previsions-meteo","18":"tag-republique-francaise"},"share_on_mastodon":{"url":"https:\/\/pubeurope.com\/@fr\/115840317026841167","error":""},"_links":{"self":[{"href":"https:\/\/www.europesays.com\/fr\/wp-json\/wp\/v2\/posts\/641629","targetHints":{"allow":["GET"]}}],"collection":[{"href":"https:\/\/www.europesays.com\/fr\/wp-json\/wp\/v2\/posts"}],"about":[{"href":"https:\/\/www.europesays.com\/fr\/wp-json\/wp\/v2\/types\/post"}],"author":[{"embeddable":true,"href":"https:\/\/www.europesays.com\/fr\/wp-json\/wp\/v2\/users\/2"}],"replies":[{"embeddable":true,"href":"https:\/\/www.europesays.com\/fr\/wp-json\/wp\/v2\/comments?post=641629"}],"version-history":[{"count":0,"href":"https:\/\/www.europesays.com\/fr\/wp-json\/wp\/v2\/posts\/641629\/revisions"}],"wp:featuredmedia":[{"embeddable":true,"href":"https:\/\/www.europesays.com\/fr\/wp-json\/wp\/v2\/media\/641630"}],"wp:attachment":[{"href":"https:\/\/www.europesays.com\/fr\/wp-json\/wp\/v2\/media?parent=641629"}],"wp:term":[{"taxonomy":"category","embeddable":true,"href":"https:\/\/www.europesays.com\/fr\/wp-json\/wp\/v2\/categories?post=641629"},{"taxonomy":"post_tag","embeddable":true,"href":"https:\/\/www.europesays.com\/fr\/wp-json\/wp\/v2\/tags?post=641629"}],"curies":[{"name":"wp","href":"https:\/\/api.w.org\/{rel}","templated":true}]}}