{"id":641633,"date":"2026-01-05T03:17:09","date_gmt":"2026-01-05T03:17:09","guid":{"rendered":"https:\/\/www.europesays.com\/fr\/641633\/"},"modified":"2026-01-05T03:17:09","modified_gmt":"2026-01-05T03:17:09","slug":"la7-fermee-cette-nuit-dans-le-sens-lyon-marseille-a-pierre-benite","status":"publish","type":"post","link":"https:\/\/www.europesays.com\/fr\/641633\/","title":{"rendered":"L&rsquo;A7 ferm\u00e9e cette nuit dans le sens Lyon\u2013Marseille \u00e0 Pierre-B\u00e9nite"},"content":{"rendered":"<p itemprop=\"description\"><strong>La circulation est totalement interrompue cette nuit sur l\u2019autoroute A7, dans le sens Lyon\/Marseille, au niveau des viaducs de Pierre-B\u00e9nite<\/strong><\/p>\n<p>Et ce, en raison de travaux de r\u00e9paration men\u00e9s par la DIR Centre-Est.<\/p>\n<p>Cette fermeture, effective dans la nuit du lundi 5 au mardi 6 janvier, s\u2019inscrit dans le cadre d\u2019un chantier de grande ampleur engag\u00e9 depuis janvier 2025, et qui doit se poursuivre jusqu\u2019en juin 2026. Elle vise \u00e0 permettre la mise en \u0153uvre et le d\u00e9placement du balisage sur la zone de travaux.<\/p>\n<p>Une seconde nuit de fermeture est d\u2019ores et d\u00e9j\u00e0 programm\u00e9e du 6 au 7 janvier, avant d\u2019autres interruptions similaires pr\u00e9vues d\u00e9but mars. En cas de conditions m\u00e9t\u00e9orologiques d\u00e9favorables, les op\u00e9rations pourront \u00eatre report\u00e9es aux nuits suivantes.<\/p>\n<p>Les automobilistes sont invit\u00e9s \u00e0 \u00e9viter le secteur, \u00e0 suivre les d\u00e9viations mises en place, et \u00e0 emprunter les axes alternatifs recommand\u00e9s (rocade Est, A46, D383). Les autorit\u00e9s appellent \u00e0 la plus grande prudence \u00e0 l\u2019approche et \u00e0 proximit\u00e9 du chantier.<\/p>\n<p>A moins que <a href=\"https:\/\/www.lyonmag.com\/article\/149333\/manifestation-des-agriculteurs-a-quoi-s-attendre-ce-lundi-autour-de-lyon\" target=\"_blank\" rel=\"noopener\">la manifestation des agriculteurs<\/a> ne garantisse une fermeture finalement plus longue ?<\/p>\n","protected":false},"excerpt":{"rendered":"La circulation est totalement interrompue cette nuit sur l\u2019autoroute A7, dans le sens Lyon\/Marseille, au niveau des viaducs&hellip;\n","protected":false},"author":2,"featured_media":641634,"comment_status":"","ping_status":"","sticky":false,"template":"","format":"standard","meta":{"footnotes":""},"categories":[1889],"tags":[1111,11,2813,2190,2430,1109,251,1112,2811,1777,674,118,1011,27,1922,1110,1114,2428,2810,12,241,316,25,2812,517,800],"class_list":{"0":"post-641633","1":"post","2":"type-post","3":"status-publish","4":"format-standard","5":"has-post-thumbnail","7":"category-lyon","8":"tag-actu","9":"tag-actualites","10":"tag-article","11":"tag-asvel","12":"tag-auvergne-rhone-alpes","13":"tag-breves","14":"tag-culture","15":"tag-depeches","16":"tag-economique","17":"tag-eu","18":"tag-europe","19":"tag-faits-divers","20":"tag-fr","21":"tag-france","22":"tag-info","23":"tag-informations","24":"tag-infos","25":"tag-lyon","26":"tag-lyonmag","27":"tag-news","28":"tag-ol","29":"tag-politique","30":"tag-republique-francaise","31":"tag-sociale","32":"tag-sport","33":"tag-transports"},"share_on_mastodon":{"url":"https:\/\/pubeurope.com\/@fr\/115840328931339182","error":""},"_links":{"self":[{"href":"https:\/\/www.europesays.com\/fr\/wp-json\/wp\/v2\/posts\/641633","targetHints":{"allow":["GET"]}}],"collection":[{"href":"https:\/\/www.europesays.com\/fr\/wp-json\/wp\/v2\/posts"}],"about":[{"href":"https:\/\/www.europesays.com\/fr\/wp-json\/wp\/v2\/types\/post"}],"author":[{"embeddable":true,"href":"https:\/\/www.europesays.com\/fr\/wp-json\/wp\/v2\/users\/2"}],"replies":[{"embeddable":true,"href":"https:\/\/www.europesays.com\/fr\/wp-json\/wp\/v2\/comments?post=641633"}],"version-history":[{"count":0,"href":"https:\/\/www.europesays.com\/fr\/wp-json\/wp\/v2\/posts\/641633\/revisions"}],"wp:featuredmedia":[{"embeddable":true,"href":"https:\/\/www.europesays.com\/fr\/wp-json\/wp\/v2\/media\/641634"}],"wp:attachment":[{"href":"https:\/\/www.europesays.com\/fr\/wp-json\/wp\/v2\/media?parent=641633"}],"wp:term":[{"taxonomy":"category","embeddable":true,"href":"https:\/\/www.europesays.com\/fr\/wp-json\/wp\/v2\/categories?post=641633"},{"taxonomy":"post_tag","embeddable":true,"href":"https:\/\/www.europesays.com\/fr\/wp-json\/wp\/v2\/tags?post=641633"}],"curies":[{"name":"wp","href":"https:\/\/api.w.org\/{rel}","templated":true}]}}