{"id":641635,"date":"2026-01-05T03:18:12","date_gmt":"2026-01-05T03:18:12","guid":{"rendered":"https:\/\/www.europesays.com\/fr\/641635\/"},"modified":"2026-01-05T03:18:12","modified_gmt":"2026-01-05T03:18:12","slug":"previsions-du-lundi-5-janvier-2026-6","status":"publish","type":"post","link":"https:\/\/www.europesays.com\/fr\/641635\/","title":{"rendered":"pr\u00e9visions du lundi 5 janvier 2026"},"content":{"rendered":"<p>Aujourd&rsquo;hui, le thermom\u00e8tre affichera -2\u00b0C en moyenne \u00e0 Lyon. Le ciel va l\u00e9g\u00e8rement se d\u00e9gager dans la matin\u00e9e avec des \u00e9claircies. Il fera -3\u00b0C en moyenne. Un vent de nord-ouest rafra\u00eechira un peu l&rsquo;atmosph\u00e8re. Cet apr\u00e8s-midi rimera avec grand soleil. Les valeurs s&rsquo;\u00e9chelonneront entre -3\u00b0C et 1\u00b0C, rappelant l&rsquo;hiver au bon souvenir des habitants. Apr\u00e8s un bref passage nuageux, le temps devrait s&rsquo;am\u00e9liorer pendant la soir\u00e9e. Les temp\u00e9ratures seront de -3\u00b0C. On s&rsquo;attend \u00e0 une nuit claire entre lundi et mardi.<\/p>\n<p>Les Lyonnais vont avoir froid demain : les temp\u00e9ratures ne vont pas d\u00e9passer 0\u00b0C. Lyon se retrouvera sous des temp\u00e9ratures autour de -2\u00b0C. Le matin, le soleil risque d&rsquo;\u00eatre dissimul\u00e9 par des nuages. Les valeurs seront de -2\u00b0C. Une brise de nord-ouest soufflera doucement. L&rsquo;apr\u00e8s-midi va rester maussade \u00e0 cause de nuages qui persistent dans le ciel. L&rsquo;hiver se fait sentir : les temp\u00e9ratures afficheront entre -3 et 0\u00b0C. Le ciel sera relativement lumineux, avec quelques \u00e9claircies demain soir. On pr\u00e9voit des valeurs d&rsquo;environ -3\u00b0C. Un l\u00e9ger vent de nord-ouest soufflera.<\/p>\n<p>La m\u00e9t\u00e9o des journ\u00e9es qui suivent va \u00e9voluer progressivement. M\u00eame si le beau temps se maintiendra quelque peu mercredi, il faut pr\u00e9voir une d\u00e9gradation par la suite.<\/p>\n<p>Aujourd&rsquo;hui, pour l&rsquo;\u00c9piphanie, les galettes se trouvent de sortie pour \u00e9lire les Rois et Reines.<\/p>\n","protected":false},"excerpt":{"rendered":"Aujourd&rsquo;hui, le thermom\u00e8tre affichera -2\u00b0C en moyenne \u00e0 Lyon. Le ciel va l\u00e9g\u00e8rement se d\u00e9gager dans la matin\u00e9e&hellip;\n","protected":false},"author":2,"featured_media":641636,"comment_status":"","ping_status":"","sticky":false,"template":"","format":"standard","meta":{"footnotes":""},"categories":[1889],"tags":[1111,11,2430,1777,674,1011,27,2428,12,2119,25],"class_list":{"0":"post-641635","1":"post","2":"type-post","3":"status-publish","4":"format-standard","5":"has-post-thumbnail","7":"category-lyon","8":"tag-actu","9":"tag-actualites","10":"tag-auvergne-rhone-alpes","11":"tag-eu","12":"tag-europe","13":"tag-fr","14":"tag-france","15":"tag-lyon","16":"tag-news","17":"tag-previsions-meteo","18":"tag-republique-francaise"},"share_on_mastodon":{"url":"https:\/\/pubeurope.com\/@fr\/115840332781081589","error":""},"_links":{"self":[{"href":"https:\/\/www.europesays.com\/fr\/wp-json\/wp\/v2\/posts\/641635","targetHints":{"allow":["GET"]}}],"collection":[{"href":"https:\/\/www.europesays.com\/fr\/wp-json\/wp\/v2\/posts"}],"about":[{"href":"https:\/\/www.europesays.com\/fr\/wp-json\/wp\/v2\/types\/post"}],"author":[{"embeddable":true,"href":"https:\/\/www.europesays.com\/fr\/wp-json\/wp\/v2\/users\/2"}],"replies":[{"embeddable":true,"href":"https:\/\/www.europesays.com\/fr\/wp-json\/wp\/v2\/comments?post=641635"}],"version-history":[{"count":0,"href":"https:\/\/www.europesays.com\/fr\/wp-json\/wp\/v2\/posts\/641635\/revisions"}],"wp:featuredmedia":[{"embeddable":true,"href":"https:\/\/www.europesays.com\/fr\/wp-json\/wp\/v2\/media\/641636"}],"wp:attachment":[{"href":"https:\/\/www.europesays.com\/fr\/wp-json\/wp\/v2\/media?parent=641635"}],"wp:term":[{"taxonomy":"category","embeddable":true,"href":"https:\/\/www.europesays.com\/fr\/wp-json\/wp\/v2\/categories?post=641635"},{"taxonomy":"post_tag","embeddable":true,"href":"https:\/\/www.europesays.com\/fr\/wp-json\/wp\/v2\/tags?post=641635"}],"curies":[{"name":"wp","href":"https:\/\/api.w.org\/{rel}","templated":true}]}}