{"id":641637,"date":"2026-01-05T03:20:11","date_gmt":"2026-01-05T03:20:11","guid":{"rendered":"https:\/\/www.europesays.com\/fr\/641637\/"},"modified":"2026-01-05T03:20:11","modified_gmt":"2026-01-05T03:20:11","slug":"le-psg-domine-le-derby-parisien-2-1-et-revient-a-1-point-de-lens-en-ligue-1","status":"publish","type":"post","link":"https:\/\/www.europesays.com\/fr\/641637\/","title":{"rendered":"Le PSG domine le derby parisien (2-1) et revient \u00e0 1 point de Lens en Ligue 1."},"content":{"rendered":"<p>Pour le premier derby de Paris depuis 1978, le PSG a domin\u00e9 le PFC (2-1) et est revenu \u00e0 1 point de Lens en t\u00eate de la Ligue 1. D\u00e9sir\u00e9 Dou\u00e9 et Ousmane Demb\u00e9l\u00e9 ont marqu\u00e9 pour ce premier match en 2026.<\/p>\n<p>Paris domine Paris.<\/p>\n<p>Pour le premier derby de Paris au Parc des Princes entre le PSG et le PFC, les hommes de Luis Enrique ont domin\u00e9 ceux de St\u00e9phane Gilli pour le dernier match de la 17e journ\u00e9e de Ligue 1.<\/p>\n<p>Dans un stade glacial (proche des 0 degr\u00e9 \u00e0 Paris ce dimanche soir), les Champions d&rsquo;Europe ont d\u00e9marr\u00e9 timidement la rencontre avant d&rsquo;acc\u00e9l\u00e9rer dans le dernier quart d&rsquo;heure de la premi\u00e8re p\u00e9riode.<\/p>\n<p>Une domination r\u00e9compens\u00e9e par le but de D\u00e9sir\u00e9 Dou\u00e9 juste avant la pause (45e), \u00e0 la suite de la perte de balle de Jonathan Ikon\u00e9, form\u00e9 au Paris Saint-Germain.<\/p>\n<p>En d\u00e9but de seconde p\u00e9riode, l&rsquo;arbitre de la rencontre Benoit Bastien d\u00e9signe le point de p\u00e9nalty pour une faute de Zabarnyi sur Gory. Geubbels trompe Chevalier et le PFC revient \u00e0 1-1 (51e).<\/p>\n<p>C&rsquo;\u00e9tait sans compter sur la r\u00e9action de la meilleure \u00e9quipe du monde en 2025, toujours aussi insatiable en 2026.<\/p>\n<p>Demb\u00e9l\u00e9 redonner l&rsquo;avantage au PSG dans la foul\u00e9e, sur une frappe contr\u00e9e par Otavio. 2-1 (53e).<\/p>\n<p>Le Paris Saint-Germain va ensuite \u00eatre en gestion, ne conc\u00e9dant pas mais ne se cr\u00e9ant pas non plus d&rsquo;autres opportunit\u00e9s.<\/p>\n<p>Le boulot est fait, le PSG s&rsquo;impose 2-1, revient \u00e0 1 point de Lens au classement et prend surtout 7 points d&rsquo;avance sur Marseille et Lille qui ont perdu ce weekend.<\/p>\n<p>De son c\u00f4t\u00e9, le PFC enchaine une 6e rencontre sans victoire en Ligue 1, est 15e, premier non rel\u00e9gable.<\/p>\n<p>loading<\/p>\n<p>loading<\/p>\n","protected":false},"excerpt":{"rendered":"Pour le premier derby de Paris depuis 1978, le PSG a domin\u00e9 le PFC (2-1) et est revenu&hellip;\n","protected":false},"author":2,"featured_media":641638,"comment_status":"","ping_status":"","sticky":false,"template":"","format":"standard","meta":{"footnotes":""},"categories":[1592],"tags":[1111,11,1777,674,1011,27,662,12,626,25],"class_list":{"0":"post-641637","1":"post","2":"type-post","3":"status-publish","4":"format-standard","5":"has-post-thumbnail","7":"category-ile-de-france","8":"tag-actu","9":"tag-actualites","10":"tag-eu","11":"tag-europe","12":"tag-fr","13":"tag-france","14":"tag-ile-de-france","15":"tag-news","16":"tag-paris","17":"tag-republique-francaise"},"share_on_mastodon":{"url":"https:\/\/pubeurope.com\/@fr\/115840340636363871","error":""},"_links":{"self":[{"href":"https:\/\/www.europesays.com\/fr\/wp-json\/wp\/v2\/posts\/641637","targetHints":{"allow":["GET"]}}],"collection":[{"href":"https:\/\/www.europesays.com\/fr\/wp-json\/wp\/v2\/posts"}],"about":[{"href":"https:\/\/www.europesays.com\/fr\/wp-json\/wp\/v2\/types\/post"}],"author":[{"embeddable":true,"href":"https:\/\/www.europesays.com\/fr\/wp-json\/wp\/v2\/users\/2"}],"replies":[{"embeddable":true,"href":"https:\/\/www.europesays.com\/fr\/wp-json\/wp\/v2\/comments?post=641637"}],"version-history":[{"count":0,"href":"https:\/\/www.europesays.com\/fr\/wp-json\/wp\/v2\/posts\/641637\/revisions"}],"wp:featuredmedia":[{"embeddable":true,"href":"https:\/\/www.europesays.com\/fr\/wp-json\/wp\/v2\/media\/641638"}],"wp:attachment":[{"href":"https:\/\/www.europesays.com\/fr\/wp-json\/wp\/v2\/media?parent=641637"}],"wp:term":[{"taxonomy":"category","embeddable":true,"href":"https:\/\/www.europesays.com\/fr\/wp-json\/wp\/v2\/categories?post=641637"},{"taxonomy":"post_tag","embeddable":true,"href":"https:\/\/www.europesays.com\/fr\/wp-json\/wp\/v2\/tags?post=641637"}],"curies":[{"name":"wp","href":"https:\/\/api.w.org\/{rel}","templated":true}]}}