{"id":641641,"date":"2026-01-05T03:22:27","date_gmt":"2026-01-05T03:22:27","guid":{"rendered":"https:\/\/www.europesays.com\/fr\/641641\/"},"modified":"2026-01-05T03:22:27","modified_gmt":"2026-01-05T03:22:27","slug":"le-psg-soffre-le-derby-face-au-paris-fc-et-reste-a-un-point-du-rc-lens","status":"publish","type":"post","link":"https:\/\/www.europesays.com\/fr\/641641\/","title":{"rendered":"le PSG s&rsquo;offre le derby face au Paris FC, et reste \u00e0 un point du RC Lens"},"content":{"rendered":"\n<p class=\"c-chapo \">\n  Le PSG a remport\u00e9, dimanche, le premier derby entre deux clubs parisiens en Ligue 1 depuis 1978, face au Paris FC.\n<\/p>\n<p>      lire plus tard<\/p>\n<p id=\"dialog__title\" class=\"dialog__title\">Pour sauvegarder cet article, connectez-vous ou cr\u00e9ez un compte franceinfo<\/p>\n<p class=\"dialog__description\">Sans paiement. Sans abonnement.<\/p>\n<p>        Fermer la fen\u00eatre d\u2019activation des notifications France Info<\/p>\n<p>      cr\u00e9er votre compte<\/p>\n<p>      se connecter<\/p>\n<p>      :<\/p>\n<p>        Fermer la fen\u00eatre de pr\u00e9sentation<\/p>\n<p>    <img loading=\"lazy\" decoding=\"async\" class=\"signature__image lazyload\" width=\"100\" height=\"100\" data- alt=\"\" src=\"https:\/\/www.europesays.com\/fr\/wp-content\/uploads\/2025\/05\/64bfe77cf3234_adrien-rond.png\"\/><\/p>\n<p>          France T\u00e9l\u00e9visions &#8211; R\u00e9daction Sport<\/p>\n<p>    Publi\u00e9 le 04\/01\/2026 22:43<\/p>\n<p>      Mis \u00e0 jour le 04\/01\/2026 23:15<\/p>\n<p>        Temps de lecture : 2min<\/p>\n<p>    <img decoding=\"async\"  alt=\"Ousmane Demb\u00e9l\u00e9 au duel avec Otavio lors de PSG-PFC, le 4 janvier 2026, au Parc des Princes. (AFP)\" width=\"432\" height=\"243\" src=\"https:\/\/www.europesays.com\/fr\/wp-content\/uploads\/2026\/01\/066-dppi-40026003-007-695ad97c7084c415132507.jpg\" fetchpriority=\"high\"\/><\/p>\n<p>      Ousmane Demb\u00e9l\u00e9 au duel avec Otavio lors de PSG-PFC, le 4 janvier 2026, au Parc des Princes. (AFP)<\/p>\n<p>Une victoire pour les livres d&rsquo;histoire. Pour la premi\u00e8re fois depuis le 17 d\u00e9cembre 1978, deux clubs parisiens s&rsquo;affrontaient en Ligue 1, lors de la 17e journ\u00e9e, dimanche 4 janvier. Un derby qui a tourn\u00e9 en faveur du Paris Saint-Germain, vainqueur 2-1 du Paris FC au Parc des Princes. Un succ\u00e8s qui permet aux r\u00e9cents vainqueurs de la coupe intercontinentale de revenir \u00e0 un point du <a href=\"https:\/\/www.franceinfo.fr\/sports\/foot\/ligue-1\/ligue-1-une-belle-recompense-pour-les-joueurs-lens-champion-d-automne-apres-sa-victoire-a-toulouse_7718269.html\" target=\"_blank\" rel=\"noopener\">RC Lens, leader du championnat \u00e0 l&rsquo;issue de la phase aller<\/a>. Mais aussi de mettre<a href=\"https:\/\/www.franceinfo.fr\/sports\/foot\/ligue-1\/ligue-1-surpris-a-domicile-par-nantes-l-om-rate-son-debut-d-annee-et-fragilise-sa-place-sur-le-podium_7720153.html\" target=\"_blank\" rel=\"noopener\"> les poursuivants Marseillais <\/a>et Lillois \u00e0 sept longueurs dans le r\u00e9troviseur.<\/p>\n<p>D&rsquo;abord ferm\u00e9 malgr\u00e9 la domination st\u00e9rile du PSG, ce premier derby parisien depuis 48 ans (le Racing, affront\u00e9 par le PSG en 1990, est bas\u00e9 \u00e0 Colombes) a \u00e9t\u00e9 marqu\u00e9 par le retour dans la lumi\u00e8re de D\u00e9sir\u00e9 Dou\u00e9. Longtemps bless\u00e9 \u00e0 l&rsquo;automne, l&rsquo;attaquant fran\u00e7ais du PSG a \u00e9t\u00e9 de tous les bons coups dans le premier acte. C&rsquo;est donc logiquement que l&rsquo;ancien Rennais a fini par ouvrir le score en fin de premier acte, sur un ballon vite perdu par le Paris FC et transform\u00e9 en or par les pieds de Vitinha et Fabian Ruiz. Seul dans la surface, D\u00e9sir\u00e9 Dou\u00e9 a alors pu ajuster K\u00e9vin Trapp d&rsquo;un plat du pied ferm\u00e9 puissant, sous la barre (1-0, 45e).<\/p>\n<p>Peu en vue sur la pelouse du Parc des Princes, le Paris FC a toutefois fait douter le PSG au retour des vestiaires, en \u00e9galisant sur un penalty obtenu par Alimami Gory et transform\u00e9 par Willem Geubbels (1-1, 51e). Un espoir de courte dur\u00e9e pour le PFC, vite refroidi par Ousmane Demb\u00e9l\u00e9. Bien servi par Warren Za\u00efre-Emery, le Ballon d&rsquo;Or a enroul\u00e9 du gauche. Contr\u00e9e, sa frappe a termin\u00e9 au fond des filets de l&rsquo;ancien gardien du PSG, Kevin Trapp (2-1, 53e). Derri\u00e8re, le PSG a tranquillement g\u00e9r\u00e9 sa soir\u00e9e, et assur\u00e9 ce succ\u00e8s pr\u00e9cieux pour rester \u00e0 port\u00e9e de canon du leader lensois, qui compte un point d&rsquo;avance \u00e0 mi-championnat.<\/p>\n","protected":false},"excerpt":{"rendered":"Le PSG a remport\u00e9, dimanche, le premier derby entre deux clubs parisiens en Ligue 1 depuis 1978, face&hellip;\n","protected":false},"author":2,"featured_media":641642,"comment_status":"","ping_status":"","sticky":false,"template":"","format":"standard","meta":{"footnotes":""},"categories":[1888],"tags":[1111,1928,11,1927,1777,674,1011,27,12,1926,626,1925,25],"class_list":{"0":"post-641641","1":"post","2":"type-post","3":"status-publish","4":"format-standard","5":"has-post-thumbnail","7":"category-paris","8":"tag-actu","9":"tag-actu-paris","10":"tag-actualites","11":"tag-actualites-paris","12":"tag-eu","13":"tag-europe","14":"tag-fr","15":"tag-france","16":"tag-news","17":"tag-news-paris","18":"tag-paris","19":"tag-paris-news","20":"tag-republique-francaise"},"share_on_mastodon":{"url":"https:\/\/pubeurope.com\/@fr\/115840348677656250","error":""},"_links":{"self":[{"href":"https:\/\/www.europesays.com\/fr\/wp-json\/wp\/v2\/posts\/641641","targetHints":{"allow":["GET"]}}],"collection":[{"href":"https:\/\/www.europesays.com\/fr\/wp-json\/wp\/v2\/posts"}],"about":[{"href":"https:\/\/www.europesays.com\/fr\/wp-json\/wp\/v2\/types\/post"}],"author":[{"embeddable":true,"href":"https:\/\/www.europesays.com\/fr\/wp-json\/wp\/v2\/users\/2"}],"replies":[{"embeddable":true,"href":"https:\/\/www.europesays.com\/fr\/wp-json\/wp\/v2\/comments?post=641641"}],"version-history":[{"count":0,"href":"https:\/\/www.europesays.com\/fr\/wp-json\/wp\/v2\/posts\/641641\/revisions"}],"wp:featuredmedia":[{"embeddable":true,"href":"https:\/\/www.europesays.com\/fr\/wp-json\/wp\/v2\/media\/641642"}],"wp:attachment":[{"href":"https:\/\/www.europesays.com\/fr\/wp-json\/wp\/v2\/media?parent=641641"}],"wp:term":[{"taxonomy":"category","embeddable":true,"href":"https:\/\/www.europesays.com\/fr\/wp-json\/wp\/v2\/categories?post=641641"},{"taxonomy":"post_tag","embeddable":true,"href":"https:\/\/www.europesays.com\/fr\/wp-json\/wp\/v2\/tags?post=641641"}],"curies":[{"name":"wp","href":"https:\/\/api.w.org\/{rel}","templated":true}]}}