{"id":641643,"date":"2026-01-05T03:23:25","date_gmt":"2026-01-05T03:23:25","guid":{"rendered":"https:\/\/www.europesays.com\/fr\/641643\/"},"modified":"2026-01-05T03:23:25","modified_gmt":"2026-01-05T03:23:25","slug":"incinerateur-divry-lusine-en-fin-de-vie-cedera-la-place-a-la-nouvelle-au-plus-tard-en-septembre-2026","status":"publish","type":"post","link":"https:\/\/www.europesays.com\/fr\/641643\/","title":{"rendered":"Incin\u00e9rateur d\u2019Ivry\u00a0: l\u2019usine \u00ab\u00a0en fin de vie\u00a0\u00bb c\u00e9dera la place \u00e0 la nouvelle \u00ab\u00a0au plus tard\u00a0\u00bb en septembre\u00a02026"},"content":{"rendered":"<p class=\"paragraph text_align_left lp-f-body-02\">Dans le Val-de-Marne, l\u2019ann\u00e9e 2026 va marquer l\u2019effacement progressif des immenses panaches de fum\u00e9e au-dessus d\u2019<a href=\"https:\/\/www.leparisien.fr\/val-de-marne-94\/ivry-sur-seine-94200\/\" target=\"_self\" rel=\"noopener\">Ivry-sur-Seine<\/a> (Val-de-Marne), visibles \u00e0 des kilom\u00e8tres \u00e0 la ronde. <a href=\"https:\/\/www.leparisien.fr\/val-de-marne-94\/incinerateur-ivry-paris-xiii-un-nouvel-incident-des-fumees-qui-piquent-aux-yeux-et-des-riverains-inquiets-25-09-2025-KUL67O67WJG3ZAGBNJKZQ6M5YY.php\" target=\"_self\" rel=\"noopener\">L\u2019actuel incin\u00e9rateur d\u2019Ivry-Paris XIII<\/a> va s\u2019arr\u00eater ces prochains mois, au profit de <a href=\"https:\/\/www.leparisien.fr\/val-de-marne-94\/ivry-place-aux-tests-pour-le-remplacant-du-plus-grand-incinerateur-deurope-18-02-2025-BEUPDPV5GNHTDH7MDQERKMYWSU.php\" target=\"_self\" rel=\"noopener\">L\u2019Interval<\/a>, la nouvelle usine construite par le Syctom, l\u2019agence m\u00e9tropolitaine des d\u00e9chets m\u00e9nagers. Elle devait \u00eatre mise en service en 2025. Mais un incident survenu lors des essais a bouscul\u00e9 le calendrier.<\/p>\n<p class=\"\">Ces essais vont finalement d\u00e9border sur l\u2019ann\u00e9e 2026. D\u00e9but octobre, les tests en cours ont \u00e9t\u00e9 interrompus apr\u00e8s \u00ab une surpression survenue dans une gaine vapeur basse pression, qui a provoqu\u00e9 des dommages importants \u00bb, indiquait-on r\u00e9cemment au Syctom. 2026 sera donc l\u2019ann\u00e9e de mise en service de ce projet hors norme. Selon un nouveau planning, L\u2019Interval d\u00e9marrera \u00ab au plus tard le 30 septembre \u00bb.<\/p>\n","protected":false},"excerpt":{"rendered":"Dans le Val-de-Marne, l\u2019ann\u00e9e 2026 va marquer l\u2019effacement progressif des immenses panaches de fum\u00e9e au-dessus d\u2019Ivry-sur-Seine (Val-de-Marne), visibles&hellip;\n","protected":false},"author":2,"featured_media":641644,"comment_status":"","ping_status":"","sticky":false,"template":"","format":"standard","meta":{"footnotes":""},"categories":[1888],"tags":[11,1777,674,1011,27,1944,12,626,25,1125],"class_list":{"0":"post-641643","1":"post","2":"type-post","3":"status-publish","4":"format-standard","5":"has-post-thumbnail","7":"category-paris","8":"tag-actualites","9":"tag-eu","10":"tag-europe","11":"tag-fr","12":"tag-france","13":"tag-ma-ville","14":"tag-news","15":"tag-paris","16":"tag-republique-francaise","17":"tag-val-de-marne"},"share_on_mastodon":{"url":"https:\/\/pubeurope.com\/@fr\/115840352554523498","error":""},"_links":{"self":[{"href":"https:\/\/www.europesays.com\/fr\/wp-json\/wp\/v2\/posts\/641643","targetHints":{"allow":["GET"]}}],"collection":[{"href":"https:\/\/www.europesays.com\/fr\/wp-json\/wp\/v2\/posts"}],"about":[{"href":"https:\/\/www.europesays.com\/fr\/wp-json\/wp\/v2\/types\/post"}],"author":[{"embeddable":true,"href":"https:\/\/www.europesays.com\/fr\/wp-json\/wp\/v2\/users\/2"}],"replies":[{"embeddable":true,"href":"https:\/\/www.europesays.com\/fr\/wp-json\/wp\/v2\/comments?post=641643"}],"version-history":[{"count":0,"href":"https:\/\/www.europesays.com\/fr\/wp-json\/wp\/v2\/posts\/641643\/revisions"}],"wp:featuredmedia":[{"embeddable":true,"href":"https:\/\/www.europesays.com\/fr\/wp-json\/wp\/v2\/media\/641644"}],"wp:attachment":[{"href":"https:\/\/www.europesays.com\/fr\/wp-json\/wp\/v2\/media?parent=641643"}],"wp:term":[{"taxonomy":"category","embeddable":true,"href":"https:\/\/www.europesays.com\/fr\/wp-json\/wp\/v2\/categories?post=641643"},{"taxonomy":"post_tag","embeddable":true,"href":"https:\/\/www.europesays.com\/fr\/wp-json\/wp\/v2\/tags?post=641643"}],"curies":[{"name":"wp","href":"https:\/\/api.w.org\/{rel}","templated":true}]}}