{"id":641647,"date":"2026-01-05T03:25:18","date_gmt":"2026-01-05T03:25:18","guid":{"rendered":"https:\/\/www.europesays.com\/fr\/641647\/"},"modified":"2026-01-05T03:25:18","modified_gmt":"2026-01-05T03:25:18","slug":"lavocate-qui-se-bat-pour-ramener-les-enfants-ukrainiens-deportes-en-russie","status":"publish","type":"post","link":"https:\/\/www.europesays.com\/fr\/641647\/","title":{"rendered":"L\u2019avocate qui se bat pour ramener les enfants ukrainiens d\u00e9port\u00e9s en Russie"},"content":{"rendered":"<p class=\"post-modified-info\">Article mis \u00e0 jour le 4 janvier 2026 \u00e0 14:22<\/p>\n<p>\u00c0 seulement 28 ans, l\u2019avocate ukrainienne Kateryna Rashevska est devenue une figure de proue dans le combat pour rapatrier les enfants ukrainiens ill\u00e9galement d\u00e9port\u00e9s en Russie par Moscou. Elle a d\u00e9j\u00e0 brief\u00e9 \u00e0 deux reprises le Conseil de s\u00e9curit\u00e9 des Nations unies \u2013 o\u00f9 la Russie d\u00e9tient un si\u00e8ge permanent \u2013, t\u00e9moign\u00e9 devant la Commission Helsinki et, plus r\u00e9cemment, devant le S\u00e9nat am\u00e9ricain. Par M\u00e9lissa Cornet. Photo \u00a9 UN Photo\/Loey Felipe.<\/p>\n<p class=\"has-nv-light-bg-background-color has-background\">Ce reportage de <a href=\"https:\/\/madeinperpignan.com\/fiere-personne-femme-ukraine-guerre-maternite-melissa-cornet-perpignan\/\" target=\"_blank\" rel=\"noopener\">M\u00e9lissa Cornet<\/a> en Ukraine a \u00e9t\u00e9 soutenu par l\u2019initiative \u00ab Femmes sur le terrain : reportages sur les fronts invisibles de l\u2019Ukraine \u00bb de la <a href=\"https:\/\/www.iwmf.org\/\" target=\"_blank\" rel=\"noopener\">Fondation internationale des femmes dans les m\u00e9dias<\/a> (IWMF), en partenariat avec la <a href=\"https:\/\/www.thehowardgbuffettfoundation.org\/\" target=\"_blank\" rel=\"noopener\">Fondation Howard G. Buffett<\/a>.<\/p>\n<p>Kateryna est co-autrice de plusieurs contributions \u00e0 la Cour p\u00e9nale internationale qui ont aid\u00e9 l\u2019instance, en mars 2023, \u00e0 \u00e9mettre des mandats d\u2019arr\u00eat contre le pr\u00e9sident russe Vladimir Poutine et sa commissaire russe aux droits de l\u2019enfant \u2013 \u00ab pr\u00e9sum\u00e9e responsable \u00bb de la d\u00e9portation et du transfert ill\u00e9gaux d\u2019enfants ukrainiens.<\/p>\n<p>Parler publiquement des actes de la Russie comporte des risques personnels. \u00ab Apr\u00e8s l\u2019invasion \u00e0 grande \u00e9chelle, j\u2019ai essay\u00e9 de m\u2019isoler de ma famille, car mon travail pouvait les mettre en danger. Si notre village \u00e9tait occup\u00e9, ils seraient arr\u00eat\u00e9s simplement \u00e0 cause de moi. Et je ne suis pas na\u00efve quant \u00e0 ce qui m\u2019arriverait si les Russes prenaient Kyiv. \u00bb<\/p>\n<p><strong>Le temps du droit, si long par rapport aux vies boulevers\u00e9es<\/strong><\/p>\n<p>\u00ab Je ne dirais pas qu\u2019ils ont peur de moi, mais ils surveillent clairement tout ce que nous faisons et publions. Dans une interview r\u00e9cente, Maria Lvova-Belova (la commissaire pr\u00e9sidentielle russe \u00e0 la protection des droits de l\u2019enfant) a repris point par point les questions que nous soulevions, utilisant les m\u00eames mots \u2013 comme si elle r\u00e9pondait directement \u00e0 notre travail. \u00bb<\/p>\n<p><img loading=\"lazy\" data-recalc-dims=\"1\" decoding=\"async\" width=\"1024\" height=\"731\" data-attachment-id=\"11320381\" data-permalink=\"https:\/\/madeinperpignan.com\/avocate-combat-ramener-enfants-ukrainiens-deportes-russie\/portrait-kateryna-rashevska\/\" data-orig-file=\"https:\/\/i0.wp.com\/madeinperpignan.com\/wp-content\/uploads\/2025\/12\/ED-Portrait-Kateryna-Rashevska-02-scaled.jpg?fit=2560%2C1828&amp;ssl=1\" data-orig-size=\"2560,1828\" data-comments-opened=\"0\" data-image-meta=\"{&quot;aperture&quot;:&quot;4&quot;,&quot;credit&quot;:&quot;Emile Ducke \\\/ OSTKREUZ&quot;,&quot;camera&quot;:&quot;LEICA SL2-S&quot;,&quot;caption&quot;:&quot;KYIV, Ukraine - November 13, 2025. Ukrainian human rights lawyer Kateryna Rashevska poses for a portrait on the street outside her office at the Regional Center for Human Rights in Kyiv, Ukraine.&quot;,&quot;created_timestamp&quot;:&quot;1763030311&quot;,&quot;copyright&quot;:&quot;Emile Ducke \\\/ OSTKREUZ&quot;,&quot;focal_length&quot;:&quot;70&quot;,&quot;iso&quot;:&quot;400&quot;,&quot;shutter_speed&quot;:&quot;0.002&quot;,&quot;title&quot;:&quot;Portrait Kateryna Rashevska&quot;,&quot;orientation&quot;:&quot;1&quot;}\" data-image-title=\"Portrait Kateryna Rashevska\" data-image-description=\"\" data-image-caption=\"&lt;p&gt;KYIV, Ukraine \u2013 November 13, 2025. Ukrainian human rights lawyer Kateryna Rashevska poses for a portrait on the street outside her office at the Regional Center for Human Rights in Kyiv, Ukraine.&lt;\/p&gt;&#10;\" data-medium-file=\"https:\/\/i0.wp.com\/madeinperpignan.com\/wp-content\/uploads\/2025\/12\/ED-Portrait-Kateryna-Rashevska-02-scaled.jpg?fit=300%2C214&amp;ssl=1\" data-large-file=\"https:\/\/i0.wp.com\/madeinperpignan.com\/wp-content\/uploads\/2025\/12\/ED-Portrait-Kateryna-Rashevska-02-scaled.jpg?fit=1024%2C731&amp;ssl=1\" src=\"data:image\/svg+xml,%3Csvg%20xmlns=\" http:=\"\" alt=\"\" class=\"wp-image-11320381\" data-lazy- data-lazy- data-lazy-src=\"https:\/\/www.europesays.com\/fr\/wp-content\/uploads\/2026\/01\/ED-Portrait-Kateryna-Rashevska-02.jpg\"\/>Kateryna Rashevska, \u00e0 Kiev. Photo \u00a9 Emile Ducke<\/p>\n<p>L\u2019annonce des mandats d\u2019arr\u00eat \u00e0 l\u2019encontre des dirigeants russes (dont Vladimir Poutine) a \u00e9t\u00e9 un moment important pour Kateryna, une preuve concr\u00e8te de l\u2019impact du travail dont elle est fi\u00e8re. Beaucoup d\u2019Ukrainiens ont alors recommenc\u00e9 \u00e0 croire au droit international, mais cette confiance s\u2019est rapidement dissip\u00e9e. \u00ab Ils ont compris que le droit international est lent, long et tr\u00e8s difficile \u00e0 mettre en \u0153uvre \u00e0 cause du manque de volont\u00e9 de certains \u00c9tats \u00bb, ajoute-t-elle, en r\u00e9f\u00e9rence aux voyages de Vladimir Poutine en Mongolie en 2024 et au Tadjikistan en 2025. Ces deux pays ont ignor\u00e9 leurs obligations au titre du Statut de Rome de l\u2019arr\u00eater. \u00ab Malheureusement, rien n\u2019est jamais simple. \u00bb<\/p>\n<p><strong>Attirer en Ukraine les yeux et les oreilles du monde<\/strong><\/p>\n<p>Cette carri\u00e8re n\u2019a pourtant pas toujours \u00e9t\u00e9 une \u00e9vidence pour Kateryna. En janvier 2022, \u00e0 25 ans, elle \u00e9tait en qu\u00eate d\u2019une reconversion. Elle travaillait sur les violations des droits humains en Crim\u00e9e et dans le Donbass occup\u00e9s, et se sentait frustr\u00e9e que le monde n\u2019\u00e9coute pas. Elle a alors envoy\u00e9 son portfolio pour candidater en \u00e9cole d\u2019art. En tant que peintre, elle pensait pouvoir susciter certaines discussions et changements qu\u2019elle souhaitait voir dans la soci\u00e9t\u00e9.<\/p>\n<p>Lorsque, quelques jours plus tard, la Russie a lanc\u00e9 son invasion \u00e0 grande \u00e9chelle, Kateryna a d\u00e9cid\u00e9 de quitter Kyiv. Elle ne pouvait pas rentrer chez elle, dans l\u2019est du pays \u2013 son village se trouvait alors \u00e0 15km de la ligne de front. Elle a donc pris un train d\u2019\u00e9vacuation vers l\u2019ouest.<\/p>\n<p>L\u00e0, alors qu\u2019elle reprend le travail, elle sent pour la premi\u00e8re fois que les organisations internationales l\u2019entendent enfin, elle et ses coll\u00e8gues. Leurs recommandations visant \u00e0 imposer des sanctions \u00e0 la Russie pour ses violations des droits humains apr\u00e8s 2014, longtemps ignor\u00e9es, sont maintenant \u00e9cout\u00e9es avec attention et imm\u00e9diatement mises en \u0153uvre. Elle comprend alors qu\u2019elle doit rester : dans le domaine du droit, et en Ukraine. \u00ab Ce sentiment \u00e9tait tr\u00e8s personnel : j\u2019\u00e9tais n\u00e9cessaire ici. \u00bb Elle reprend la direction de Kyiv.<\/p>\n<p><strong>Les d\u00e9portations d\u2019enfants largement sous-estim\u00e9es<\/strong><\/p>\n<p>On estime qu\u2019environ vingt mille enfants ukrainiens ont \u00e9t\u00e9 d\u00e9port\u00e9s et\/ou transf\u00e9r\u00e9s de force depuis les territoires occup\u00e9s vers la Russie, mais ce chiffre pourrait \u00eatre largement sous-estim\u00e9, tant il est difficile de comptabiliser les enfants disparus dans certaines zones, en particulier les territoires occup\u00e9s. Certains ont \u00e9t\u00e9 ill\u00e9galement adopt\u00e9s par des familles russes, leurs noms \u2013 et parfois m\u00eame leur lieu de naissance \u2013 modifi\u00e9s. Les efforts diplomatiques pour engager un dialogue direct avec Moscou n\u2019ont quasiment donn\u00e9 aucun r\u00e9sultat : seuls vingt enfants ukrainiens auraient \u00e9t\u00e9 rendus.<\/p>\n<p>Dans son bureau du centre de Kyiv, Kateryna est entour\u00e9e d\u2019\u00e9tag\u00e8res remplies de dossiers juridiques brun clair, dont la plupart portent l\u2019\u00e9tiquette \u00ab v. RF \u00bb \u2013 \u00ab contre la F\u00e9d\u00e9ration de Russie \u00bb. Au fil du temps, ces dossiers se sont assombris. Ce qui avait commenc\u00e9 par des cas d\u2019endoctrinement et de militarisation inclut d\u00e9sormais des cas de torture, de conditions de d\u00e9tention inhumaines ou de pr\u00e9tendus \u00ab safaris humains \u00bb, terme utilis\u00e9 pour d\u00e9crire des drones FPV russes pourchassant des civils. Malgr\u00e9 cela, revenir au droit pour aider ces enfants est devenu plus qu\u2019une profession pour elle : une vocation.<\/p>\n<blockquote class=\"wp-block-quote is-layout-flow wp-block-quote-is-layout-flow\">\n<p class=\"has-medium-font-size\">\u00ab Tous ces dossiers, ces atrocit\u00e9s, on y pense m\u00eame la nuit. Mais pour moi, ce n\u2019est pas seulement un travail, c\u2019est devenu un destin apr\u00e8s l\u2019invasion \u00e0 grande \u00e9chelle. \u00bb<\/p>\n<\/blockquote>\n<p>Elle continue de puiser son inspiration aupr\u00e8s des enfants revenus et qui ont commenc\u00e9 \u00e0 reconstruire leur vie. \u00ab Je vois des enfants qui, il y a un an, \u00e9taient tristes et perdus, mais qui sont aujourd\u2019hui heureux, ont retrouv\u00e9 leur communaut\u00e9, ont m\u00eame commenc\u00e9 l\u2019universit\u00e9. Ces enfants ont retrouv\u00e9 leur place dans la soci\u00e9t\u00e9. \u00bb<\/p>\n<p>Derri\u00e8re Kateryna, des esquisses sont accroch\u00e9es, vestiges de la voie artistique qu\u2019elle avait un temps envisag\u00e9e. Aujourd\u2019hui, elle n\u2019a plus ni le temps ni la tranquillit\u00e9 pour dessiner. Elle lit plut\u00f4t des \u00e9crivains ukrainiens, cherchant les fils qui relient le pass\u00e9 au pr\u00e9sent. Quand la guerre sera finie, retournera-t-elle \u00e0 l\u2019art ? Elle secoue la t\u00eate. \u00ab M\u00eame quand la guerre cessera, je resterai avocate. \u00bb<\/p>\n<p>                         <a href=\"https:\/\/madeinperpignan.com\/author\/sebastien\/\" class=\"url\" title=\"S\u00e9bastien Leurquin\" target=\"_blank\" rel=\"noopener\"> <img loading=\"lazy\" decoding=\"async\" alt=\"S\u00e9bastien Leurquin\" src=\"data:image\/svg+xml,%3Csvg%20xmlns=\" http:=\"\" data-lazy- class=\"avatar avatar-250 photo\" height=\"250\" width=\"250\" data-lazy-src=\"https:\/\/www.europesays.com\/fr\/wp-content\/uploads\/2026\/01\/c8c085d75cee1314ca8ac1fd0bfdf884b421fb6c24748ab31e4f54e5ef73177f.png\"\/><\/a> <\/p>\n<p>Journaliste sp\u00e9cialis\u00e9 sur les questions de soci\u00e9t\u00e9 et auteur de livres-enqu\u00eates, S\u00e9bastien a rejoint la r\u00e9daction de Made In Perpignan \u00e0 l&rsquo;\u00e9t\u00e9 2025.<\/p>\n<p> <a href=\"https:\/\/madeinperpignan.com\/author\/sebastien\/\" class=\"url\" title=\"S\u00e9bastien Leurquin\" target=\"_blank\" rel=\"noopener\"><img loading=\"lazy\" decoding=\"async\" alt=\"S\u00e9bastien Leurquin\" src=\"data:image\/svg+xml,%3Csvg%20xmlns=\" http:=\"\" data-lazy- class=\"avatar avatar-250 photo\" height=\"250\" width=\"250\" data-lazy-src=\"https:\/\/www.europesays.com\/fr\/wp-content\/uploads\/2026\/01\/c8c085d75cee1314ca8ac1fd0bfdf884b421fb6c24748ab31e4f54e5ef73177f.png\"\/><\/a>Les derniers articles par S\u00e9bastien Leurquin (<a href=\"https:\/\/madeinperpignan.com\/author\/sebastien\/\" target=\"_blank\" rel=\"noopener\">tout voir<\/a>)  <\/p>\n","protected":false},"excerpt":{"rendered":"Article mis \u00e0 jour le 4 janvier 2026 \u00e0 14:22 \u00c0 seulement 28 ans, l\u2019avocate ukrainienne Kateryna Rashevska&hellip;\n","protected":false},"author":2,"featured_media":641648,"comment_status":"","ping_status":"","sticky":false,"template":"","format":"standard","meta":{"footnotes":""},"categories":[1591],"tags":[11,1887,12,1885,1886,132],"class_list":{"0":"post-641647","1":"post","2":"type-post","3":"status-publish","4":"format-standard","5":"has-post-thumbnail","7":"category-russie","8":"tag-actualites","9":"tag-federation-de-russie","10":"tag-news","11":"tag-russia","12":"tag-russian-federation","13":"tag-russie"},"share_on_mastodon":{"url":"https:\/\/pubeurope.com\/@fr\/115840360432224491","error":""},"_links":{"self":[{"href":"https:\/\/www.europesays.com\/fr\/wp-json\/wp\/v2\/posts\/641647","targetHints":{"allow":["GET"]}}],"collection":[{"href":"https:\/\/www.europesays.com\/fr\/wp-json\/wp\/v2\/posts"}],"about":[{"href":"https:\/\/www.europesays.com\/fr\/wp-json\/wp\/v2\/types\/post"}],"author":[{"embeddable":true,"href":"https:\/\/www.europesays.com\/fr\/wp-json\/wp\/v2\/users\/2"}],"replies":[{"embeddable":true,"href":"https:\/\/www.europesays.com\/fr\/wp-json\/wp\/v2\/comments?post=641647"}],"version-history":[{"count":0,"href":"https:\/\/www.europesays.com\/fr\/wp-json\/wp\/v2\/posts\/641647\/revisions"}],"wp:featuredmedia":[{"embeddable":true,"href":"https:\/\/www.europesays.com\/fr\/wp-json\/wp\/v2\/media\/641648"}],"wp:attachment":[{"href":"https:\/\/www.europesays.com\/fr\/wp-json\/wp\/v2\/media?parent=641647"}],"wp:term":[{"taxonomy":"category","embeddable":true,"href":"https:\/\/www.europesays.com\/fr\/wp-json\/wp\/v2\/categories?post=641647"},{"taxonomy":"post_tag","embeddable":true,"href":"https:\/\/www.europesays.com\/fr\/wp-json\/wp\/v2\/tags?post=641647"}],"curies":[{"name":"wp","href":"https:\/\/api.w.org\/{rel}","templated":true}]}}