{"id":641649,"date":"2026-01-05T03:26:42","date_gmt":"2026-01-05T03:26:42","guid":{"rendered":"https:\/\/www.europesays.com\/fr\/641649\/"},"modified":"2026-01-05T03:26:42","modified_gmt":"2026-01-05T03:26:42","slug":"accusee-par-la-russie-lukraine-assure-frapper-seulement-des-cibles-militaires","status":"publish","type":"post","link":"https:\/\/www.europesays.com\/fr\/641649\/","title":{"rendered":"Accus\u00e9e par la Russie, l\u2019Ukraine assure frapper seulement des \u00ab\u00a0cibles militaires\u00a0\u00bb"},"content":{"rendered":"<p class=\"sc-jbo7hw-7 bDkRIk\">Kiev frappe uniquement des \u00ab\u00a0cibles militaires\u00a0\u00bb russes, a d\u00e9clar\u00e9 vendredi \u00e0 l&rsquo;Agence France-Presse (AFP) un porte-parole de l&rsquo;arm\u00e9e ukrainienne apr\u00e8s que Moscou a accus\u00e9 Kiev d&rsquo;avoir tu\u00e9 27\u00a0civils lors d&rsquo;une <a tabindex=\"0\" class=\"border-b border-solid transition-colors text-blue600 hover:text-blue600 light:text-blue600 light:hover:text-blue600 dark:text-blue400 dark:hover:text-blue400 border-gray900\/25 light:border-gray900\/25 dark:border-gray100\/25 hover:border-linkDefault hover:bg-gray999\/10 light:hover:bg-gray999\/10 dark:hover:bg-gray0\/10\" href=\"https:\/\/ici.radio-canada.ca\/nouvelle\/2217203\/kiev-moscou-nouvelle-annee-attaques-drones\" target=\"_blank\" rel=\"noopener\">frappe de drones sur un caf\u00e9 et un h\u00f4tel<\/a> dans une zone occup\u00e9e du sud de l&rsquo;Ukraine.<\/p>\n<p class=\"sc-jbo7hw-7 bDkRIk\">Les Forces de d\u00e9fense de l&rsquo;Ukraine respectent les normes du droit international humanitaire et frappent exclusivement des cibles militaires ennemies, a d\u00e9clar\u00e9 \u00e0 l&rsquo;AFP le porte-parole de l&rsquo;\u00e9tat-major, Dmytro Lykhoviy.<\/p>\n<p class=\"sc-jbo7hw-7 bDkRIk\">Une source au sein des forces de d\u00e9fense ukrainiennes a confirm\u00e9 l&rsquo;attaque \u00e0\u00a0l&rsquo;AFP tout en assurant qu&rsquo;elle avait cibl\u00e9 un rassemblement militaire russe dans un site ferm\u00e9 aux civils.<\/p>\n<p class=\"sc-jbo7hw-7 bDkRIk\">La Russie avait accus\u00e9 jeudi Kiev d&rsquo;avoir frapp\u00e9 un caf\u00e9 et un h\u00f4tel pendant les c\u00e9l\u00e9brations du Nouvel An dans le village de Khorly, situ\u00e9 sur une minuscule p\u00e9ninsule de la c\u00f4te de la mer\u00a0Noire dans la partie occup\u00e9e de la r\u00e9gion ukrainienne de Kherson.<\/p>\n<p class=\"sc-jbo7hw-7 bDkRIk\">Un nouveau bilan, fourni vendredi par le gouverneur de la r\u00e9gion de Kherson nomm\u00e9 par Moscou, Vladimir Saldo, fait \u00e9tat de la mort de 27\u00a0civils, dont 2\u00a0enfants. Un pr\u00e9c\u00e9dent bilan jeudi des autorit\u00e9s russes faisait \u00e9tat de 24\u00a0morts.<\/p>\n<p class=\"sc-jbo7hw-7 bDkRIk\">La Russie a accus\u00e9 Kiev de torpiller consciemment toute tentative de recherche de solutions pacifiques au conflit.<\/p>\n<p>Une frappe russe fait 19\u00a0bless\u00e9s \u00e0 Kharkiv, Moscou d\u00e9ment<\/p>\n<p class=\"sc-jbo7hw-7 bDkRIk\">Vendredi, l&rsquo;Ukraine a accus\u00e9 la Russie d&rsquo;avoir frapp\u00e9 le centre-ville de Kharkiv avec des missiles balistiques, faisant au moins 19\u00a0bless\u00e9s, dont un b\u00e9b\u00e9 de six\u00a0mois et des personnes \u00e2g\u00e9es de 20 \u00e0 70\u00a0ans.<\/p>\n<p class=\"sc-jbo7hw-7 bDkRIk\">Moscou a d\u00e9menti les accusations du gouverneur r\u00e9gional Oleg\u00a0Synegoubov.<\/p>\n<p class=\"sc-jbo7hw-7 bDkRIk\">Ces accusations de part et d\u2019autre ont lieu alors que des conseillers \u00e0 la s\u00e9curit\u00e9 de pays europ\u00e9ens alli\u00e9s de l\u2019Ukraine doivent rencontrer samedi \u00e0 Kiev des responsables ukrainiens, avec la participation par visioconf\u00e9rence d&rsquo;une \u00e9quipe am\u00e9ricaine. Selon le pr\u00e9sident, Volodymyr Zelensky, une quinzaine de pays ont confirm\u00e9 leur participation ainsi que des repr\u00e9sentants de l&rsquo;Union europ\u00e9enne et de l&rsquo;OTAN.<\/p>\n<p class=\"sc-jbo7hw-7 bDkRIk\">Ces accusations interviennent dans un contexte d&rsquo;intenses efforts diplomatiques pilot\u00e9s par les \u00c9tats-Unis, visant \u00e0 mettre fin \u00e0 la guerre entre Kiev et Moscou d\u00e9clench\u00e9e il y a presque quatre ans par l&rsquo;invasion russe de l&rsquo;Ukraine, pire conflit arm\u00e9 en Europe depuis la Seconde Guerre mondiale.<\/p>\n<p><img decoding=\"async\" alt=\"Des flammes et de la fum\u00e9e s'\u00e9l\u00e8vent d'un incendie apr\u00e8s une attaque de drone.\" class=\"absolute left-0 top-0 size-full object-cover transition-opacity ease-out print:relative html-dark:brightness-[.8]\" loading=\"lazy\" src=\"https:\/\/www.europesays.com\/fr\/wp-content\/uploads\/2026\/01\/attaque-ukrainienne-kherson.jpg\"\/>Ouvrir en mode plein \u00e9cran<\/p>\n<p class=\"mb-0 text-3 leading-6\">Les minutes suivant l&rsquo;attaque ukrainienne de drone dans le village de Khorly le 1er janvier 2026, dans la r\u00e9gion de Kherson, une zone ukrainienne contr\u00f4l\u00e9e par la Russie.<\/p>\n<p class=\"text-gray600 light:text-gray600 dark:text-gray400 mb-0 text-small uppercase leading-6\">Photo : Reuters \/ Governor of Kherson Region Vladi<\/p>\n<p class=\"sc-jbo7hw-7 bDkRIk\">Kiev a, elle aussi, accus\u00e9 Moscou de chercher \u00e0 saper le processus diplomatique avec de la d\u00e9sinformation.<\/p>\n<p class=\"sc-jbo7hw-7 bDkRIk\">La Russie a eu recours \u00e0 plusieurs reprises \u00e0 la d\u00e9sinformation et \u00e0 de fausses d\u00e9clarations, notamment dans le but d&rsquo;influencer les partenaires internationaux de l&rsquo;Ukraine et le cours des n\u00e9gociations de paix, a d\u00e9clar\u00e9 M.\u00a0Lykhoviy.<\/p>\n<p class=\"sc-jbo7hw-7 bDkRIk\">Un porte-parole militaire ukrainien, Viktor Tregoubov, s&rsquo;est moqu\u00e9 des accusations russes sur les r\u00e9seaux sociaux jeudi.<\/p>\n<p class=\"sc-jbo7hw-7 bDkRIk\">Alors, qui s\u00e9journait \u00e0 l&rsquo;h\u00f4tel pour le Nouvel An dans un village situ\u00e9 pr\u00e8s de la ligne de front, dans la r\u00e9gion de Kherson [&#8230;]? Bien s\u00fbr, c&rsquo;\u00e9tait la population locale! Ils vont toujours dans des h\u00f4tels pour le Nouvel An! Les plages de Kherson sont particuli\u00e8rement accueillantes \u00e0 moins quatre degr\u00e9s, a-t-il \u00e9crit sur Facebook.<\/p>\n<p class=\"sc-jbo7hw-7 bDkRIk\">Un communiqu\u00e9 de l&rsquo;\u00e9tat-major publi\u00e9 jeudi matin a mentionn\u00e9 des frappes ukrainiennes ayant touch\u00e9 deux zones de concentration de personnel militaire et un poste de commandement de drones ennemi, sans toutefois les localiser.<\/p>\n","protected":false},"excerpt":{"rendered":"Kiev frappe uniquement des \u00ab\u00a0cibles militaires\u00a0\u00bb russes, a d\u00e9clar\u00e9 vendredi \u00e0 l&rsquo;Agence France-Presse (AFP) un porte-parole de l&rsquo;arm\u00e9e&hellip;\n","protected":false},"author":2,"featured_media":641650,"comment_status":"","ping_status":"","sticky":false,"template":"","format":"standard","meta":{"footnotes":""},"categories":[1590],"tags":[11,1777,674,12,220],"class_list":{"0":"post-641649","1":"post","2":"type-post","3":"status-publish","4":"format-standard","5":"has-post-thumbnail","7":"category-ukraine","8":"tag-actualites","9":"tag-eu","10":"tag-europe","11":"tag-news","12":"tag-ukraine"},"share_on_mastodon":{"url":"https:\/\/pubeurope.com\/@fr\/115840364378397292","error":""},"_links":{"self":[{"href":"https:\/\/www.europesays.com\/fr\/wp-json\/wp\/v2\/posts\/641649","targetHints":{"allow":["GET"]}}],"collection":[{"href":"https:\/\/www.europesays.com\/fr\/wp-json\/wp\/v2\/posts"}],"about":[{"href":"https:\/\/www.europesays.com\/fr\/wp-json\/wp\/v2\/types\/post"}],"author":[{"embeddable":true,"href":"https:\/\/www.europesays.com\/fr\/wp-json\/wp\/v2\/users\/2"}],"replies":[{"embeddable":true,"href":"https:\/\/www.europesays.com\/fr\/wp-json\/wp\/v2\/comments?post=641649"}],"version-history":[{"count":0,"href":"https:\/\/www.europesays.com\/fr\/wp-json\/wp\/v2\/posts\/641649\/revisions"}],"wp:featuredmedia":[{"embeddable":true,"href":"https:\/\/www.europesays.com\/fr\/wp-json\/wp\/v2\/media\/641650"}],"wp:attachment":[{"href":"https:\/\/www.europesays.com\/fr\/wp-json\/wp\/v2\/media?parent=641649"}],"wp:term":[{"taxonomy":"category","embeddable":true,"href":"https:\/\/www.europesays.com\/fr\/wp-json\/wp\/v2\/categories?post=641649"},{"taxonomy":"post_tag","embeddable":true,"href":"https:\/\/www.europesays.com\/fr\/wp-json\/wp\/v2\/tags?post=641649"}],"curies":[{"name":"wp","href":"https:\/\/api.w.org\/{rel}","templated":true}]}}