{"id":641654,"date":"2026-01-05T03:29:22","date_gmt":"2026-01-05T03:29:22","guid":{"rendered":"https:\/\/www.europesays.com\/fr\/641654\/"},"modified":"2026-01-05T03:29:22","modified_gmt":"2026-01-05T03:29:22","slug":"en-allemagne-les-geforce-rtx-5090-5080-et-5070-ti-commencent-a-disparaitre-des-ventes-a-cause-de-la-penurie","status":"publish","type":"post","link":"https:\/\/www.europesays.com\/fr\/641654\/","title":{"rendered":"En Allemagne, les GeForce RTX 5090, 5080 et 5070 Ti commencent \u00e0 dispara\u00eetre des ventes \u00e0 cause de la p\u00e9nurie"},"content":{"rendered":"<p>L\u2019ann\u00e9e 2026 d\u00e9bute sous de tr\u00e8s mauvais auspices pour les joueurs PC. En Allemagne, un revendeur a confirm\u00e9 avoir \u00e9t\u00e9 contraint de <strong>suspendre la vente<\/strong> des cartes graphiques <strong>NVIDIA GeForce RTX 5090<\/strong>, <strong>RTX 5080<\/strong> et <strong>RTX 5070 Ti<\/strong> en raison de graves probl\u00e8mes d\u2019approvisionnement au sein de la cha\u00eene de distribution.<\/p>\n<p>D\u2019apr\u00e8s des images partag\u00e9es par un commer\u00e7ant sur Reddit, le distributeur aurait tout simplement annul\u00e9 les commandes de ces mod\u00e8les, faute de stock disponible \u00e0 livrer. R\u00e9sultat : les revendeurs se retrouvent sans aucune unit\u00e9, incapables de proposer ces cartes graphiques \u00e0 leurs clients, m\u00eame sur commande.<\/p>\n<p>\t\t\t\t<a href=\"https:\/\/h3v2h5f6.delivery.rocketcdn.me\/wp-content\/uploads\/2026\/01\/allemagne-rtx-5090-5080-5070-ti-disparaitre-des-ventes-penurie-1.jpg\" target=\"_blank\" rel=\"noopener\"><img width=\"696\" height=\"594\" src=\"https:\/\/www.europesays.com\/fr\/wp-content\/uploads\/2026\/01\/allemagne-rtx-5090-5080-5070-ti-disparaitre-des-ventes-penurie-1-1024x874.jpg\" class=\"attachment-large size-large\" alt=\"En Allemagne, les GeForce RTX 5090, 5080 et 5070 Ti commencent \u00e0 dispara\u00eetre des ventes \u00e0 cause de la p\u00e9nurie\" decoding=\"async\" fetchpriority=\"high\"  \/><\/a><\/p>\n<p>Selon plusieurs t\u00e9moignages concordants, la seule carte graphique de la s\u00e9rie GeForce RTX 50 qui continue encore d\u2019arriver dans les canaux de distribution, bien que dans des volumes extr\u00eamement limit\u00e9s, serait la GeForce RTX 5070. Cette situation illustre une p\u00e9nurie grandissante des GPU RTX 50, particuli\u00e8rement marqu\u00e9e en Europe, o\u00f9 certains revendeurs \u00e9voquent d\u00e9j\u00e0 de grandes difficult\u00e9s \u00e0 satisfaire la demande.<\/p>\n<p>NVIDIA avait d\u00e9j\u00e0 annonc\u00e9 un important recul de la production des GeForce RTX 50<\/p>\n<p>Cette situation n\u2019a rien de r\u00e9ellement surprenant. D\u00e8s la mi-d\u00e9cembre, des rapports en provenance de Chine indiquaient que <a href=\"https:\/\/www.hardwarecooking.fr\/nvidia-reduction-production-rtx-50-penurie-memoire\/\" target=\"_blank\" rel=\"noopener\">NVIDIA pr\u00e9voyait une r\u00e9duction significative de la production de ses cartes graphiques GeForce RTX 50<\/a>. Ce ralentissement devait entrer en vigueur avec le passage \u00e0 la nouvelle ann\u00e9e, avec une baisse pouvant atteindre pr\u00e8s de 50 % des volumes fabriqu\u00e9s.<\/p>\n<p>La raison est d\u00e9sormais bien connue : une p\u00e9nurie s\u00e9v\u00e8re de m\u00e9moire GDDR7, indispensable \u00e0 la fabrication de ces GPU. Cette contrainte ne se traduit pas seulement par une baisse des disponibilit\u00e9s, mais entra\u00eene \u00e9galement une hausse m\u00e9canique des prix des cartes graphiques encore disponibles sur le march\u00e9.<\/p>\n<p>Un mois auparavant, des informations faisaient d\u00e9j\u00e0 \u00e9tat de la possible disparition rapide de certains mod\u00e8les, \u00e0 commencer par la GeForce RTX 5060 Ti dans sa version \u00e9quip\u00e9e de 16 Go de m\u00e9moire vid\u00e9o. Un choix logique du point de vue industriel, puisqu\u2019avec la quantit\u00e9 de m\u00e9moire utilis\u00e9e pour une seule RTX 5060 Ti 16 Go, il est possible de produire deux mod\u00e8les de 8 Go.<\/p>\n<p>\t\t\t\t<a href=\"https:\/\/h3v2h5f6.delivery.rocketcdn.me\/wp-content\/uploads\/2026\/01\/allemagne-rtx-5090-5080-5070-ti-disparaitre-des-ventes-penurie.jpg\" target=\"_blank\" rel=\"noopener\"><img loading=\"lazy\" width=\"696\" height=\"667\" src=\"data:image\/svg+xml,%3Csvg%20xmlns=\" http:=\"\" class=\"attachment-large size-large\" alt=\"En Allemagne, les GeForce RTX 5090, 5080 et 5070 Ti commencent \u00e0 dispara\u00eetre des ventes \u00e0 cause de la p\u00e9nurie\" decoding=\"async\" data-lazy- data-lazy- data-lazy-src=\"https:\/\/www.europesays.com\/fr\/wp-content\/uploads\/2026\/01\/allemagne-rtx-5090-5080-5070-ti-disparaitre-des-ventes-penurie-1024x981.jpg\"\/><\/a><\/p>\n<p>Autre \u00e9l\u00e9ment aggravant, <a href=\"https:\/\/www.nvidia.com\/fr-fr\/\" target=\"_blank\" rel=\"noopener\">NVIDIA<\/a> aurait cess\u00e9 de fournir directement des puces m\u00e9moire \u00e0 ses partenaires \u00e0 la fin du mois de novembre. Les fabricants de cartes graphiques se retrouvent donc contraints de s\u00e9curiser eux-m\u00eames leurs approvisionnements en m\u00e9moire, dans un march\u00e9 d\u00e9j\u00e0 satur\u00e9. Dans ce contexte, le prix de la m\u00e9moire devient presque secondaire face \u00e0 la difficult\u00e9, voire l\u2019impossibilit\u00e9, d\u2019en obtenir suffisamment.<\/p>\n<p>Une situation catastrophique pour le march\u00e9 du PC gaming<\/p>\n<p>Pour les consommateurs souhaitant monter ou acheter un PC gaming, la situation continue de se d\u00e9t\u00e9riorer. La m\u00e9moire DDR5 a atteint des niveaux de prix extr\u00eamement \u00e9lev\u00e9s, tandis que les SSD ont, pour certains mod\u00e8les, vu leur tarif doubler en l\u2019espace de quelques mois. \u00c0 cela s\u2019ajoute d\u00e9sormais la p\u00e9nurie de cartes graphiques, qui ne peut qu\u2019entra\u00eener une nouvelle flamb\u00e9e des prix.<\/p>\n<p>Un exemple frappant a \u00e9t\u00e9 observ\u00e9 r\u00e9cemment avec les GeForce RTX 5090, <a href=\"https:\/\/www.hardwarecooking.fr\/la-majorite-des-nvidia-geforce-rtx-5090-frolent-deja-les-4-000-euros-en-ce-debut-2026\/\" target=\"_blank\" rel=\"noopener\">dont les prix se stabilisent d\u00e9sormais autour des 4 000 euros<\/a>. Un montant presque deux fois sup\u00e9rieur au prix public recommand\u00e9. Et cette tendance pourrait encore s\u2019aggraver \u00e0 mesure que les stocks se r\u00e9duisent.<\/p>\n<p>\t\t\t\t<a href=\"https:\/\/h3v2h5f6.delivery.rocketcdn.me\/wp-content\/uploads\/2025\/01\/test-nvidia-geforce-rtx-5080-founders-edition-37.jpg\" target=\"_blank\" rel=\"noopener\"><img loading=\"lazy\" width=\"696\" height=\"457\" src=\"data:image\/svg+xml,%3Csvg%20xmlns=\" http:=\"\" class=\"attachment-large size-large\" alt=\"Test NVIDIA RTX 5080 Founders Edition\" decoding=\"async\" data-lazy- data-lazy- data-lazy-src=\"https:\/\/www.europesays.com\/fr\/wp-content\/uploads\/2026\/01\/test-nvidia-geforce-rtx-5080-founders-edition-37-1024x672.jpg\"\/><\/a><\/p>\n<p>Dans ce contexte, les processeurs modernes affichent eux aussi des tarifs difficilement justifiables au regard du gain r\u00e9el de performances par rapport \u00e0 des solutions plus anciennes. C\u2019est pourquoi il deviendra de plus en plus courant en 2026 de voir des configurations bas\u00e9es sur des processeurs Intel Core de 12e, 13e ou 14e g\u00e9n\u00e9ration, ou encore des AMD Ryzen de la s\u00e9rie 5000.<\/p>\n<p>Ces processeurs restent bien plus abordables et, \u00e0 r\u00e9solution 4K, offrent des performances tr\u00e8s proches de celles des mod\u00e8les les plus r\u00e9cents. \u00c0 cela s\u2019ajoutent des cartes m\u00e8res plus anciennes, \u00e9galement moins ch\u00e8res, et surtout <a href=\"https:\/\/www.hardwarecooking.fr\/gigabyte-lance-4-nouvelles-cartes-meres-amd-am4-ddr4\/\" target=\"_blank\" rel=\"noopener\">l\u2019utilisation de m\u00e9moire DDR4<\/a>.<\/p>\n<p>\u00c0 titre d\u2019exemple, il est encore possible de trouver 32 Go de DDR4 \u00e0 3 200 MT\/s pour environ 200 euros, tandis que le kit DDR5 le moins cher, en 6 000 MT\/s, avoisine d\u00e9sormais les 392 euros. Dans ces conditions, construire un PC autour d\u2019une plateforme plus ancienne devient une option particuli\u00e8rement rationnelle, surtout pour ceux qui n\u2019ont pas les moyens de payer une prime toujours plus \u00e9lev\u00e9e pour le mat\u00e9riel le plus r\u00e9cent du march\u00e9.<\/p>\n","protected":false},"excerpt":{"rendered":"L\u2019ann\u00e9e 2026 d\u00e9bute sous de tr\u00e8s mauvais auspices pour les joueurs PC. En Allemagne, un revendeur a confirm\u00e9&hellip;\n","protected":false},"author":2,"featured_media":641655,"comment_status":"","ping_status":"","sticky":false,"template":"","format":"standard","meta":{"footnotes":""},"categories":[1587],"tags":[11,672,1804,1805,1803,1777,674,1801,12,1802],"class_list":{"0":"post-641654","1":"post","2":"type-post","3":"status-publish","4":"format-standard","5":"has-post-thumbnail","7":"category-allemagne","8":"tag-actualites","9":"tag-allemagne","10":"tag-bundesrepublik-deutschland","11":"tag-de","12":"tag-deutschland","13":"tag-eu","14":"tag-europe","15":"tag-germany","16":"tag-news","17":"tag-republique-federale-dallemagne"},"share_on_mastodon":{"url":"https:\/\/pubeurope.com\/@fr\/115840376394190072","error":""},"_links":{"self":[{"href":"https:\/\/www.europesays.com\/fr\/wp-json\/wp\/v2\/posts\/641654","targetHints":{"allow":["GET"]}}],"collection":[{"href":"https:\/\/www.europesays.com\/fr\/wp-json\/wp\/v2\/posts"}],"about":[{"href":"https:\/\/www.europesays.com\/fr\/wp-json\/wp\/v2\/types\/post"}],"author":[{"embeddable":true,"href":"https:\/\/www.europesays.com\/fr\/wp-json\/wp\/v2\/users\/2"}],"replies":[{"embeddable":true,"href":"https:\/\/www.europesays.com\/fr\/wp-json\/wp\/v2\/comments?post=641654"}],"version-history":[{"count":0,"href":"https:\/\/www.europesays.com\/fr\/wp-json\/wp\/v2\/posts\/641654\/revisions"}],"wp:featuredmedia":[{"embeddable":true,"href":"https:\/\/www.europesays.com\/fr\/wp-json\/wp\/v2\/media\/641655"}],"wp:attachment":[{"href":"https:\/\/www.europesays.com\/fr\/wp-json\/wp\/v2\/media?parent=641654"}],"wp:term":[{"taxonomy":"category","embeddable":true,"href":"https:\/\/www.europesays.com\/fr\/wp-json\/wp\/v2\/categories?post=641654"},{"taxonomy":"post_tag","embeddable":true,"href":"https:\/\/www.europesays.com\/fr\/wp-json\/wp\/v2\/tags?post=641654"}],"curies":[{"name":"wp","href":"https:\/\/api.w.org\/{rel}","templated":true}]}}