{"id":641656,"date":"2026-01-05T03:30:15","date_gmt":"2026-01-05T03:30:15","guid":{"rendered":"https:\/\/www.europesays.com\/fr\/641656\/"},"modified":"2026-01-05T03:30:15","modified_gmt":"2026-01-05T03:30:15","slug":"des-pointes-de-fleches-reecrivent-le-scenario-de-larrivee-dhomo-sapiens-en-europe-2","status":"publish","type":"post","link":"https:\/\/www.europesays.com\/fr\/641656\/","title":{"rendered":"Des pointes de fl\u00e8ches r\u00e9\u00e9crivent le sc\u00e9nario de l\u2019arriv\u00e9e d\u2019homo sapiens en Europe"},"content":{"rendered":"<p>En combinant arch\u00e9ologie et g\u00e9n\u00e9tique, de nouvelles d\u00e9couvertes en Asie centrale esquissent un sc\u00e9nario in\u00e9dit\u00a0: Homo sapiens serait rest\u00e9 longtemps au c\u0153ur de l\u2019Eurasie avant de gagner l\u2019Europe, arm\u00e9 d\u2019innovations d\u00e9cisives. Le point avec Hugues Plisson de l\u2019universit\u00e9 de Bordeaux et Andrey I. Krivoshapkin de l\u2019acad\u00e9mie des sciences russe.<\/p>\n<p>D\u00e9velopp\u00e9s en Europe occidentale et plus particuli\u00e8rement en France \u00e0 partir de la seconde moiti\u00e9 du XIXe\u00a0si\u00e8cle, les cadres chrono-culturels et anthropologiques de la Pr\u00e9histoire et les mod\u00e8les \u00e9volutifs qu\u2019ils inspir\u00e8rent furent d\u2019abord lin\u00e9aires et europ\u00e9ocentr\u00e9s\u00a0: <a href=\"https:\/\/www.hominides.com\/hominides\/homme-de-cro-magnon\/\" rel=\"nofollow noopener\" target=\"_blank\" class=\"c-link c-link--is-underlined\">Cro-Magnon<\/a> descendant de N\u00e9anderthal posait les fondements d\u2019une sup\u00e9riorit\u00e9 civilisationnelle dont se pr\u00e9valait alors cette partie du monde. Ce n\u2019est qu\u2019un si\u00e8cle plus tard que sera mise en \u00e9vidence l\u2019origine africaine d\u2019Homo Sapiens et des traits technologiques et sociaux structurants du Pal\u00e9olithique sup\u00e9rieur occidental, de ~ 45 000 \u00e0 12 000 ans avant le pr\u00e9sent (productions symboliques, r\u00e9seaux \u00e0 grande distance, outillages et armements lithiques et osseux diversifi\u00e9s).<\/p>\n<p>Les plus anciennes \u00e9vidences de pr\u00e9sence d\u2019Homo Sapiens <a href=\"https:\/\/www.hominides.com\/installation-des-premiers-humains-en-australie-65-000-ans\/\" target=\"_blank\" class=\"c-link c-link--is-underlined\" rel=\"noopener\">en Australie vers 65.000 ans<\/a> pr\u00e9c\u00e8dent de dix mill\u00e9naires celles de l\u2019Europe dont les modalit\u00e9s du peuplement demeurent sujet de discussion. \u00c0 ce jour, le calage chronologique des toutes premi\u00e8res occupations europ\u00e9ennes du Pal\u00e9olithique sup\u00e9rieur par rapport \u00e0 celles de l\u2019est du bassin m\u00e9diterran\u00e9en, pourtant regard\u00e9es comme les plus proches, demeure insatisfaisant. Soit les donn\u00e9es sont issues de fouilles trop anciennes pour avoir \u00e9t\u00e9 suffisamment pr\u00e9cises, soit elles ne s\u2019inscrivent pas dans la filiation directe suppos\u00e9e entre le Levant et l\u2019Europe. Les racines m\u00eames du Pal\u00e9olithique sup\u00e9rieur initial levantin, malgr\u00e9 la proximit\u00e9 africaine, sont incertaines. <a href=\"https:\/\/journals.plos.org\/plosone\/article?id=10.1371\/journal.pone.0277444\" target=\"_blank\" class=\"c-link c-link--is-underlined\" rel=\"noopener\">Une origine centre asiatique<\/a>, a \u00e9t\u00e9 sugg\u00e9r\u00e9e par l\u2019arch\u00e9ologue Ludovic Slimak en\u00a02023.<\/p>\n<p>Un site en Asie centrale<\/p>\n<p>Corridor entre l\u2019ouest et l\u2019est du continent ou zone refuge, selon les phases climatiques, l\u2019Asie centrale n\u2019est encore document\u00e9e que par quelques sites pal\u00e9olithiques, mais qui sont autant de r\u00e9f\u00e9rences de l\u2019histoire de la Pr\u00e9histoire.<\/p>\n<\/p>\n<p>Parmi ceux-ci figure l\u2019abri sous roche d\u2019Obi-Rakhmat en Ouzb\u00e9kistan d\u00e9couvert en\u00a01962. Ce gisement livre sur 10 m\u00e8tres de stratigraphie, entre 80 000 et 40 000 ans, une <a href=\"https:\/\/fr.wikipedia.org\/wiki\/Industrie_lithique\" rel=\"nofollow noopener\" target=\"_blank\" class=\"c-link c-link--is-underlined\">industrie lithique<\/a> qui par certains traits s\u2019inscrit clairement dans la continuit\u00e9 du Pal\u00e9olithique moyen ancien du Levant mais par d\u2019autres fut rapproch\u00e9e du Pal\u00e9olithique sup\u00e9rieur initial. <a href=\"https:\/\/www.hominides.com\/html\/actualites\/homo-sapiens-misliya-175-200000-ans-israel-1198.php\" rel=\"nofollow noopener\" target=\"_blank\" class=\"c-link c-link--is-underlined\">Ce Pal\u00e9olithique moyen ancien du Levant,<\/a> associ\u00e9 dans le site de Misliya \u00e0 de l\u2019Homo Sapiens archa\u00efque, disparut du Proche-Orient vers 100.000 ans. \u00c0 Obi-Rakhmat, les restes cr\u00e2niens d\u2019un enfant trouv\u00e9s dans une couche \u00e0 ~ 70.000 ans, pr\u00e9sentent des caract\u00e8res regard\u00e9s comme n\u00e9anderthaliens et d\u2019autres comme anatomiquement modernes, combinaison pouvant r\u00e9sulter d\u2019une hybridation.<\/p>\n<p>Lames massives mais pointes microlithiques<\/p>\n<p>C\u2019est dans ce contexte que notre \u00e9quipe internationale, dirig\u00e9e par Andrei I. Krivoshapkin, a identifi\u00e9 dans les couches les plus anciennes de minuscules pointes de projectiles triangulaires. Mesurant moins de 2\u00a0cm de large et ne pesant que quelques grammes, elles sont impropres par leurs dimensions et leur fragilit\u00e9 \u00e0 avoir \u00e9t\u00e9 mont\u00e9es sur des hampes de lances. Leur \u00e9troitesse correspond au diam\u00e8tre (inf\u00e9rieur ou \u00e9gal \u00e0 8\u00a0mm) des hampes <a href=\"https:\/\/www.sciencedirect.com\/science\/article\/pii\/S1040618223003166\" rel=\"nofollow noopener\" target=\"_blank\" class=\"c-link c-link--is-underlined\">document\u00e9es ethnographiquement<\/a> sur tous les continents pour les fl\u00e8ches tir\u00e9es \u00e0 l\u2019arc droit.<\/p>\n<p>Question de balistique<\/p>\n<p>Les armes perforantes projet\u00e9es constituent des syst\u00e8mes complexes dont les \u00e9l\u00e9ments ne sont pas interchangeables d\u2019un type d\u2019arme \u00e0 l\u2019autre, car r\u00e9pondant \u00e0 des contraintes diff\u00e9rentes en intensit\u00e9 et en nature.<\/p>\n<p>L\u2019importante force d\u2019impact des lances tenues ou lanc\u00e9es \u00e0 la main fait de la robustesse de l\u2019arme un param\u00e8tre essentiel, aussi bien en termes d\u2019efficacit\u00e9 que de survie du chasseur, la masse assurant \u00e0 la fois cette robustesse, la force d\u2019impact et la p\u00e9n\u00e9tration. \u00c0 l\u2019oppos\u00e9, la p\u00e9n\u00e9tration des traits l\u00e9gers tir\u00e9s \u00e0 grande distance repose sur leur acuit\u00e9, car l\u2019\u00e9nergie cin\u00e9tique, beaucoup plus faible, proc\u00e8de l\u00e0 essentiellement de leur vitesse, laquelle, \u00e0 la diff\u00e9rence de la masse, d\u00e9croit tr\u00e8s rapidement sur la trajectoire et dans la cible. Cette vitesse ne pouvant \u00eatre atteinte par la seule extension du bras humain, elle est obligatoirement tributaire de l\u2019emploi d\u2019un instrument de lancer. Les pointes de fl\u00e8che et celles de lances ou de javelines ne sont donc pas con\u00e7ues selon les m\u00eames crit\u00e8res et ne se montent pas sur les m\u00eame hampes, les dimensions et le degr\u00e9 d\u2019\u00e9lasticit\u00e9 desquelles sont par ailleurs essentiels en terme balistique. Ainsi, comme en pal\u00e9ontologie o\u00f9 la forme d\u2019une dent r\u00e9v\u00e8le le type d\u2019alimentation et sugg\u00e8re le mode de locomotion, les caract\u00e9ristiques d\u2019une armature fournissent des indices sur le type d\u2019arme dont elle est l\u2019\u00e9l\u00e9ment vuln\u00e9rant.<\/p>\n<p>Un armement propre \u00e0 Sapiens\u00a0?<\/p>\n<p>Le minuscule gabarit des pointes d\u2019Obi-Rakhmat ne peut \u00eatre regard\u00e9 comme un choix par d\u00e9faut, car non seulement la mati\u00e8re premi\u00e8re lithique de bonne qualit\u00e9 dont on a tir\u00e9 de grandes lames ne manque pas \u00e0 proximit\u00e9 du site, mais l\u2019inventaire des traces d\u2019usage relev\u00e9es \u00e0 la loupe binoculaire et au microscope met en \u00e9vidence au sein du m\u00eame assemblage des pointes retouch\u00e9es beaucoup plus robustes (15 \u00e0 20 fois plus lourdes et 3 \u00e0 4 fois plus \u00e9paisses) et du gabarit des t\u00eates de lance ou de javeline.<\/p>\n<p>En retournant \u00e0 la bibliographie et \u00e0 <a href=\"https:\/\/www.persee.fr\/doc\/paleo_0153-9345_1998_num_24_1_4666\" rel=\"nofollow noopener\" target=\"_blank\" class=\"c-link c-link--is-underlined\">nos propres travaux sur des outillages du Pal\u00e9olithique moyen<\/a>, nous avons constat\u00e9 que la pr\u00e9sence dans un m\u00eame ensemble d\u2019armatures de divers types, pour partie microlithiques et produites \u00e0 cette fin, n\u2019\u00e9tait \u00e0 ce jour connue que dans les sites \u00e0 Homo Sapiens. Les plus anciennes occurrences document\u00e9es sont en Afrique du Sud dans les couches culturelles Pre-Still Bay (plus de 77.000 ans) et post\u00e9rieures du gisement de Sibudu. Dans l\u2019univers n\u00e9anderthalien, les pointes lithiques endommag\u00e9es par un usage en armature de projectile sont rares, elles sont de fort gabarit et ne se distinguent ni par leurs dimensions, leur facture ou leur type de celles employ\u00e9es \u00e0 d\u2019autres activit\u00e9s que la chasse, telles que la collecte de v\u00e9g\u00e9taux ou la boucherie. Cette distinction dans la conception des outillages et des armements prend valeur de marqueur anthropologique.<\/p>\n<p>En raison de leurs dates respectives, de la distance entre l\u2019Afrique du sud et l\u2019Asie centrale (14.000\u00a0km) et de la diff\u00e9rence de facture des armatures d\u2019Obi-Rakhmat et de Sibudu (lithique brut de d\u00e9bitage vs lithique fa\u00e7onn\u00e9 ou retouch\u00e9, osseux fa\u00e7onn\u00e9), l\u2019hypoth\u00e8se de foyers d\u2019invention ind\u00e9pendants est la plus vraisemblable.<\/p>\n<p>Des pi\u00e9monts du Tien Shan \u00e0 la vall\u00e9e du Rh\u00f4ne 25.000 plus tard<\/p>\n<p>La seule forme d\u2019armature miniature de projectile identique actuellement connue est beaucoup plus r\u00e9cente. Elle fut d\u00e9couverte par <a href=\"https:\/\/theconversation.com\/nouvelle-decouverte-dans-la-vallee-du-rhone-les-homo-sapiens-deurope-tiraient-deja-a-larc-il-y-a-54-000-ans-200326\" rel=\"nofollow noopener\" target=\"_blank\" class=\"c-link c-link--is-underlined\">Laure Metz<\/a>, sur le site de Mandrin, en vall\u00e9e du Rh\u00f4ne en France, qui livra aussi une dent de lait d\u2019Homo Sapiens d\u00e9termin\u00e9e par <a href=\"https:\/\/theconversation.com\/decouverte-des-plus-anciens-hommes-modernes-en-europe-et-ce-que-cela-change-de-ce-que-lon-pensait-de-ses-relations-avec-neandertal-176919\" rel=\"nofollow noopener\" target=\"_blank\" class=\"c-link c-link--is-underlined\">Cl\u00e9ment Zanolli<\/a>. L\u2019ensemble est dat\u00e9 d\u2019environ 54.000 ans, soit une dizaine de milliers d\u2019ann\u00e9es avant la disparition des N\u00e9anderthaliens locaux. La similitude des micro-pointes d\u2019Obi-Rakhmat et de Mandrin, pourtant s\u00e9par\u00e9es par plus de 6.000 km et vingt-cinq mill\u00e9naires, est telle que les unes et les autres pourraient \u00eatre interchang\u00e9es sans qu\u2019aucun autre d\u00e9tail que la roche ne trahisse la substitution.<\/p>\n<p>Des travaux r\u00e9cents publi\u00e9s par <a href=\"https:\/\/www.nature.com\/articles\/s41467-024-46161-7\" rel=\"nofollow noopener\" target=\"_blank\" class=\"c-link c-link--is-underlined\">Leonardo Vallini<\/a> et <a href=\"http:\/\/theconversation.com\/les-groupes-sanguins-dhomo-sapiens-eclairent-les-raisons-de-son-succes-evolutif-248034\" rel=\"nofollow noopener\" target=\"_blank\" class=\"c-link c-link--is-underlined\">St\u00e9phane Mazi\u00e8res<\/a> d\u00e9finissent le Plateau perse, \u00e0 la p\u00e9riph\u00e9rie nord-est duquel est situ\u00e9 Obi-Rakhmat, comme un concentrateur de population o\u00f9 les anc\u00eatres de tous les non-Africains actuels v\u00e9curent entre les premi\u00e8res phases de l\u2019expansion hors d\u2019Afrique \u2013 donc bien avant le Pal\u00e9olithique sup\u00e9rieur \u2013 et la colonisation plus large de l\u2019Eurasie. Cet environnement riche en ressources pourrait avoir constitu\u00e9 une zone de refuge propice \u00e0 une r\u00e9g\u00e9n\u00e9ration d\u00e9mographique apr\u00e8s le goulet d\u2019\u00e9tranglement g\u00e9n\u00e9tique de la sortie d\u2019Afrique, \u00e0 l\u2019interaction entre les groupes et par cons\u00e9quent aux innovations techniques.<\/p>\n<p><a href=\"https:\/\/www.20minutes.fr\/sciences\/prehistoire\/\" class=\"c-link c-btn c-btn--primary\" target=\"_blank\" rel=\"noopener\">Notre dossier Pr\u00e9histoire<\/a><\/p>\n<p>Mandrin et Obi-Rakhmat repr\u00e9sentent probablement deux extr\u00e9mit\u00e9s g\u00e9ographiques et temporelles d\u2019une phase pionni\u00e8re de peuplement telle qu\u2019entrevue par <a href=\"https:\/\/theconversation.com\/colonisation-de-leurope-par-homo-sapiens-une-nouvelle-etude-rebat-les-cartes-204474\" rel=\"nofollow noopener\" target=\"_blank\" class=\"c-link c-link--is-underlined\">Ludovic Slimak<\/a>, marqu\u00e9e par ce que les typologues qualifiaient jadis de fossile directeur et qui ici recouvrirait la propagation d\u2019une invention fondamentale propre \u00e0 Homo Sapiens. Jusqu\u2019\u00e0 pr\u00e9sent pass\u00e9es inaper\u00e7ues parce que brutes de d\u00e9bitage, minuscules et fragmentaires, il est \u00e0 parier que les micro-pointes de projectile dont les crit\u00e8res de reconnaissance sont maintenant pos\u00e9s commenceront \u00e0 appara\u00eetre dans des sites interm\u00e9diaires entre l\u2019Asie centrale et la M\u00e9diterran\u00e9e occidentale.<\/p>\n<p>Pr\u00e9misses d\u2019un nouveau sc\u00e9nario<\/p>\n<p>Cette d\u00e9couverte est stimulante \u00e0 plusieurs titres. Elle valide la coh\u00e9rence de l\u2019\u00e9tude du site de Mandrin qui concluait \u00e0 une br\u00e8ve incursion en territoire n\u00e9anderthalien de Sapiens arm\u00e9s d\u2019arcs, mais dont plusieurs \u00e9l\u00e9ments avaient \u00e9t\u00e9 critiqu\u00e9s \u2013 ce qui est cependant le jeu scientifique habituel lorsqu\u2019une proposition nouvelle s\u2019\u00e9carte par trop des connaissances admises \u2013 et dont la dimension pr\u00e9dictive n\u2019avait alors pas \u00e9t\u00e9 consid\u00e9r\u00e9e.<\/p>\n<p>La similitude des micro-pointes de Mandrin et d\u2019Obi-Rakhmat ne peut \u00eatre une simple co\u00efncidence. Elle ne porte pas seulement sur leur forme, mais aussi sur leur mode de fabrication, qui requi\u00e8re un r\u00e9el savoir-faire comme en t\u00e9moigne la pr\u00e9paration minutieuse de leur plan de frappe avant d\u00e9bitage, et sur leur fonctionnement. On pourra d\u00e9battre de l\u2019instrument appropri\u00e9 au tir de fl\u00e8che arm\u00e9es de si minuscules armatures, l\u2019arc \u00e9tant en filigrane, ou si l\u2019on pr\u00e9f\u00e8re garder une certaine r\u00e9serve ne parler que de tir instrument\u00e9, mais cela contraste d\u00e9j\u00e0 avec ce que l\u2019on conna\u00eet des armes de chasse de N\u00e9anderthal et de leur conception.<\/p>\n<p>L\u2019autre aspect remarquable, encore peu habituel, est la convergence et la compl\u00e9mentarit\u00e9 de donn\u00e9es provenant de la culture mat\u00e9rielle et de la m\u00e9moire de nos g\u00e8nes, qui ne purent s\u2019influencer au regard des dates d\u2019\u00e9tude et de publication respectives. Les deux conjugu\u00e9es esquissent la r\u00e9\u00e9criture du sc\u00e9nario de l\u2019arriv\u00e9e d\u2019Homo Sapiens en Europe\u00a0: on le pensait venu directement d\u2019Afrique par le chemin le plus court, il y a 45.000 ans, et on le d\u00e9couvre implant\u00e9 depuis fort longtemps au c\u0153ur du continent eurasiatique, bien avant qu\u2019il n\u2019en sorte en qu\u00eate de nouveaux territoires.<\/p>\n<p><img loading=\"lazy\" decoding=\"async\" src=\"https:\/\/www.europesays.com\/fr\/wp-content\/uploads\/2026\/01\/1767583815_265_count.gif\" alt=\"The Conversation\" width=\"1\" height=\"1\" style=\"border:none !important;box-shadow:none !important;margin:0 !important;max-height:1px !important;max-width:1px !important;min-height:1px !important;min-width:1px !important;opacity:0 !important;outline:none !important;padding:0 !important\" referrerpolicy=\"no-referrer-when-downgrade\"\/> <\/p>\n","protected":false},"excerpt":{"rendered":"En combinant arch\u00e9ologie et g\u00e9n\u00e9tique, de nouvelles d\u00e9couvertes en Asie centrale esquissent un sc\u00e9nario in\u00e9dit\u00a0: Homo sapiens serait&hellip;\n","protected":false},"author":2,"featured_media":641657,"comment_status":"","ping_status":"","sticky":false,"template":"","format":"standard","meta":{"footnotes":""},"categories":[1586],"tags":[11,49061,730,1777,674,1011,27,12,7949,959,25,41],"class_list":{"0":"post-641656","1":"post","2":"type-post","3":"status-publish","4":"format-standard","5":"has-post-thumbnail","7":"category-europe","8":"tag-actualites","9":"tag-anthropologie","10":"tag-archeologie","11":"tag-eu","12":"tag-europe","13":"tag-fr","14":"tag-france","15":"tag-news","16":"tag-prehistoire","17":"tag-recherche","18":"tag-republique-francaise","19":"tag-sciences"},"share_on_mastodon":{"url":"https:\/\/pubeurope.com\/@fr\/115840379997612391","error":""},"_links":{"self":[{"href":"https:\/\/www.europesays.com\/fr\/wp-json\/wp\/v2\/posts\/641656","targetHints":{"allow":["GET"]}}],"collection":[{"href":"https:\/\/www.europesays.com\/fr\/wp-json\/wp\/v2\/posts"}],"about":[{"href":"https:\/\/www.europesays.com\/fr\/wp-json\/wp\/v2\/types\/post"}],"author":[{"embeddable":true,"href":"https:\/\/www.europesays.com\/fr\/wp-json\/wp\/v2\/users\/2"}],"replies":[{"embeddable":true,"href":"https:\/\/www.europesays.com\/fr\/wp-json\/wp\/v2\/comments?post=641656"}],"version-history":[{"count":0,"href":"https:\/\/www.europesays.com\/fr\/wp-json\/wp\/v2\/posts\/641656\/revisions"}],"wp:featuredmedia":[{"embeddable":true,"href":"https:\/\/www.europesays.com\/fr\/wp-json\/wp\/v2\/media\/641657"}],"wp:attachment":[{"href":"https:\/\/www.europesays.com\/fr\/wp-json\/wp\/v2\/media?parent=641656"}],"wp:term":[{"taxonomy":"category","embeddable":true,"href":"https:\/\/www.europesays.com\/fr\/wp-json\/wp\/v2\/categories?post=641656"},{"taxonomy":"post_tag","embeddable":true,"href":"https:\/\/www.europesays.com\/fr\/wp-json\/wp\/v2\/tags?post=641656"}],"curies":[{"name":"wp","href":"https:\/\/api.w.org\/{rel}","templated":true}]}}