{"id":641672,"date":"2026-01-05T03:43:11","date_gmt":"2026-01-05T03:43:11","guid":{"rendered":"https:\/\/www.europesays.com\/fr\/641672\/"},"modified":"2026-01-05T03:43:11","modified_gmt":"2026-01-05T03:43:11","slug":"il-vaut-100-me-le-psg-le-veut-pour-60-me","status":"publish","type":"post","link":"https:\/\/www.europesays.com\/fr\/641672\/","title":{"rendered":"Il vaut 100 ME, le PSG le veut pour 60 ME"},"content":{"rendered":"<p><b>Le PSG a d\u00e9j\u00e0 quelques id\u00e9es en t\u00eate pour renforcer son effectif lors de la prochaine intersaison. Le club de la capitale pourrait bien trouver son bonheur du c\u00f4t\u00e9 de Leipzig.<\/b><\/p>\n<p>Cet hiver, le Paris Saint-Germain restera discret sur le march\u00e9 des transferts. Luis Enrique souhaite privil\u00e9gier la continuit\u00e9 et observer l\u2019\u00e9volution de ses joueurs jusqu\u2019\u00e0 la fin de la saison. Ensuite viendra le temps des changements.<\/p>\n<p>L\u2019entra\u00eeneur des champions d\u2019Europe a d\u00e9j\u00e0 des pistes pour renforcer son effectif. L\u2019ancien du Bar\u00e7a continue de privil\u00e9gier l\u2019arriv\u00e9e de joueurs jeunes, avec une belle marge de progression. En Allemagne, du c\u00f4t\u00e9 de Leipzig, un profil attire particuli\u00e8rement l\u2019attention du <a href=\"https:\/\/www.foot01.com\/paris\/rodrygo-au-psg-la-voie-est-libre\" target=\"_self\" rel=\"noopener\">PSG<\/a> : Yan Diomande.Diomande, une nouvelle p\u00e9pite bient\u00f4t au PSG ?\u00a0<\/p>\n<p>Selon les informations de Ben Jacobs, l\u2019ailier gauche de 19 ans figure bien dans les petits papiers des champions d\u2019Europe. Un montant de 60 millions d\u2019euros est \u00e9voqu\u00e9 pour boucler l\u2019op\u00e9ration avec la formation de Bundesliga. Moins cher que pr\u00e9vu alors qu&rsquo;un montant de 100 millions d&rsquo;euros avait \u00e9t\u00e9 pr\u00e9c\u00e9demment annonc\u00e9.\u00a0<\/p>\n<p>Outre le Paris Saint-Germain, Manchester United, le Bayern Munich et Tottenham suivent \u00e9galement de pr\u00e8s le joueur. Le natif d\u2019Abidjan aura l\u2019embarras du choix pour poursuivre sa jeune carri\u00e8re. Il devrait privil\u00e9gier un d\u00e9part en fin de saison, malgr\u00e9 des envies d\u2019ailleurs d\u00e8s cet hiver.<\/p>\n<p>Sous les ordres de Luis Enrique, Diomande pourrait s\u2019\u00e9panouir et \u00e9voluer aux c\u00f4t\u00e9s de joueurs d\u00e9j\u00e0 exp\u00e9riment\u00e9s et qui ont tout gagn\u00e9. Il pourrait notamment venir compenser un futur d\u00e9part de Bradley Barcola.<\/p>\n<p>Actuellement pr\u00e9sent \u00e0 la Coupe d\u2019Afrique des Nations sous les couleurs de la C\u00f4te d\u2019Ivoire, il devra garder la t\u00eate froide et rester concentr\u00e9 pour donner le meilleur pour son pays. Cette saison avec Leipzig, Diomande a d\u00e9j\u00e0 inscrit 7 buts et d\u00e9livr\u00e9 4 passes d\u00e9cisives en 16 matchs toutes comp\u00e9titions confondues. Leipzig aura bien du mal \u00e0 le conserver, surtout au regard des nombreux clubs int\u00e9ress\u00e9s.<\/p>\n","protected":false},"excerpt":{"rendered":"Le PSG a d\u00e9j\u00e0 quelques id\u00e9es en t\u00eate pour renforcer son effectif lors de la prochaine intersaison. Le&hellip;\n","protected":false},"author":2,"featured_media":641673,"comment_status":"","ping_status":"","sticky":false,"template":"","format":"standard","meta":{"footnotes":""},"categories":[1410],"tags":[63,1011,27,1434,93,60],"class_list":{"0":"post-641672","1":"post","2":"type-post","3":"status-publish","4":"format-standard","5":"has-post-thumbnail","7":"category-football","8":"tag-football","9":"tag-fr","10":"tag-france","11":"tag-mercato","12":"tag-psg","13":"tag-sports"},"share_on_mastodon":{"url":"https:\/\/pubeurope.com\/@fr\/115840431142390920","error":""},"_links":{"self":[{"href":"https:\/\/www.europesays.com\/fr\/wp-json\/wp\/v2\/posts\/641672","targetHints":{"allow":["GET"]}}],"collection":[{"href":"https:\/\/www.europesays.com\/fr\/wp-json\/wp\/v2\/posts"}],"about":[{"href":"https:\/\/www.europesays.com\/fr\/wp-json\/wp\/v2\/types\/post"}],"author":[{"embeddable":true,"href":"https:\/\/www.europesays.com\/fr\/wp-json\/wp\/v2\/users\/2"}],"replies":[{"embeddable":true,"href":"https:\/\/www.europesays.com\/fr\/wp-json\/wp\/v2\/comments?post=641672"}],"version-history":[{"count":0,"href":"https:\/\/www.europesays.com\/fr\/wp-json\/wp\/v2\/posts\/641672\/revisions"}],"wp:featuredmedia":[{"embeddable":true,"href":"https:\/\/www.europesays.com\/fr\/wp-json\/wp\/v2\/media\/641673"}],"wp:attachment":[{"href":"https:\/\/www.europesays.com\/fr\/wp-json\/wp\/v2\/media?parent=641672"}],"wp:term":[{"taxonomy":"category","embeddable":true,"href":"https:\/\/www.europesays.com\/fr\/wp-json\/wp\/v2\/categories?post=641672"},{"taxonomy":"post_tag","embeddable":true,"href":"https:\/\/www.europesays.com\/fr\/wp-json\/wp\/v2\/tags?post=641672"}],"curies":[{"name":"wp","href":"https:\/\/api.w.org\/{rel}","templated":true}]}}