{"id":641674,"date":"2026-01-05T03:44:11","date_gmt":"2026-01-05T03:44:11","guid":{"rendered":"https:\/\/www.europesays.com\/fr\/641674\/"},"modified":"2026-01-05T03:44:11","modified_gmt":"2026-01-05T03:44:11","slug":"mort-de-calbo-rappeur-du-groupe-arsenik-et-du-collectif-secteur-a-a-lage-de-53-ans","status":"publish","type":"post","link":"https:\/\/www.europesays.com\/fr\/641674\/","title":{"rendered":"Mort de Calbo, rappeur du groupe \u00c4rsenik et du collectif Secteur \u00c4, \u00e0 l\u2019\u00e2ge de 53\u00a0ans"},"content":{"rendered":"<p>        <img decoding=\"async\" loading=\"lazy\" src=\"https:\/\/www.europesays.com\/fr\/wp-content\/uploads\/2026\/01\/44a1882_upload-1-zxpk4ipgky21-afp-20260104-89l679f-v1-highres-francemusicrapobit.jpg\"  width=\"728\" height=\"409\" alt=\"Le rappeur Calbo pose lors d\u2019une s\u00e9ance photo \u00e0 Paris, le 30\u00a0janvier 2018. Il est d\u00e9c\u00e9d\u00e9 \u00e0 l\u2019\u00e2ge de 53\u00a0ans, a annonc\u00e9 sa famille sur les r\u00e9seaux sociaux le 4\u00a0janvier 2026.\"\/>  <\/p>\n<p>JOEL SAGET \/ AFP<\/p>\n<p>Le rappeur Calbo pose lors d\u2019une s\u00e9ance photo \u00e0 Paris, le 30\u00a0janvier 2018. Il est d\u00e9c\u00e9d\u00e9 \u00e0 l\u2019\u00e2ge de 53\u00a0ans, a annonc\u00e9 sa famille sur les r\u00e9seaux sociaux le 4\u00a0janvier 2026.<\/p>\n<p class=\"asset asset-text\">Il a marqu\u00e9 l\u2019\u00e2ge d\u2019or du rap fran\u00e7ais avec le groupe de hip-hop Secteur \u00c4. Le <a href=\"https:\/\/www.huffingtonpost.fr\/international\/article\/pourquoi-la-police-antiterroriste-britannique-enquete-sur-un-groupe-de-rap_249494.html\" target=\"_blank\" rel=\"noopener\">rappeur<\/a> Calbo, co-fondateur du duo \u00c4rsenik avec son fr\u00e8re Lino, est <a href=\"https:\/\/www.huffingtonpost.fr\/morts-en-2025\/\" target=\"_blank\" rel=\"noopener\">d\u00e9c\u00e9d\u00e9<\/a> ce dimanche 4\u00a0janvier \u00e0 l\u2019\u00e2ge de 53\u00a0ans, a indiqu\u00e9 sa famille dans un communiqu\u00e9 diffus\u00e9 sur Instagram.<\/p>\n<p class=\"asset asset-text\">\u00ab\u00a0La famille Mbani a la profonde tristesse d\u2019annoncer le d\u00e9c\u00e8s de Calbony Mbani, connu du public sous le nom de Calbo, survenu le 4\u00a0janvier\u00a02026\u00a0\u00bb, indique ce texte mis en ligne sur le compte officiel de \u00c4rsenik. La cause de son d\u00e9c\u00e8s n\u2019a pas \u00e9t\u00e9 pr\u00e9cis\u00e9e.<\/p>\n<p class=\"asset asset-text\">\u00ab\u00a0On a perdu un grand monsieur du rap, et un grand fr\u00e8re de la vie\u00a0\u00bb, a comment\u00e9 sur le r\u00e9seau X le rappeur Rohff.<\/p>\n<p> La lecture de ce contenu est susceptible d\u2019entra\u00eener un d\u00e9p\u00f4t de cookies de la part de l\u2019op\u00e9rateur tiers qui l\u2019h\u00e9berge. Compte-tenu des choix que vous avez exprim\u00e9s en mati\u00e8re de d\u00e9p\u00f4t de cookies, nous avons bloqu\u00e9 l\u2019affichage de ce contenu. Si vous souhaitez y acc\u00e9der, vous devez accepter la cat\u00e9gorie de cookies \u201cContenus tiers\u201d en cliquant sur le bouton ci-dessous. <\/p>\n<p> Lire la Vid\u00e9o            <\/p>\n<p class=\"asset asset-text\">D\u2019autres hommages venus du monde du rap ont suivi l\u2019annonce du d\u00e9c\u00e8s de l\u2019artiste. \u00ab\u00a0\u00c0 chaque fois que je le croisais, il ne me donnait que de l\u2019amour\u00a0\u00bb, a indiqu\u00e9 Kery James sur son compte Instagram, tandis que M\u00e9dine a adress\u00e9 un \u00ab\u00a0repose en paix\u00a0\u00bb \u00e0 Calbo. \u00ab\u00a0Calbo est, et restera, avec nous\u00a0\u00bb, a \u00e9crit sur le m\u00eame r\u00e9seau social le rappeur Stomy Bugsy. \u00ab\u00a0Le rap fran\u00e7ais en deuil\u00a0\u00bb, \u00e9crivent \u00e9galement sur leurs r\u00e9seaux sociaux les fr\u00e8res du duo Bigflo et Oli.<\/p>\n<p> La lecture de ce contenu est susceptible d\u2019entra\u00eener un d\u00e9p\u00f4t de cookies de la part de l\u2019op\u00e9rateur tiers qui l\u2019h\u00e9berge. Compte-tenu des choix que vous avez exprim\u00e9s en mati\u00e8re de d\u00e9p\u00f4t de cookies, nous avons bloqu\u00e9 l\u2019affichage de ce contenu. Si vous souhaitez y acc\u00e9der, vous devez accepter la cat\u00e9gorie de cookies \u201cContenus tiers\u201d en cliquant sur le bouton ci-dessous. <\/p>\n<p> Lire la Vid\u00e9o        L\u2019un des groupes \u00ab\u00a0les plus importants du rap des ann\u00e9es 90\u00a0\u00bb    <\/p>\n<p class=\"asset asset-text\">Avec son fr\u00e8re Lino, Calbo fonde au d\u00e9but des ann\u00e9es 1990 le groupe \u00c4rsenik, devenu une figure marquante du rap fran\u00e7ais qui prend alors son essor.<\/p>\n<p class=\"asset asset-text\">\u00ab\u00a0C\u2019est un des groupes les plus importants du rap des ann\u00e9es 90, donc des grands d\u00e9buts du rap fran\u00e7ais\u00a0\u00bb, commente aupr\u00e8s de l\u2019AFP le journaliste Olivier Cachin, sp\u00e9cialiste du rap. \u00ab\u00a0Ils arrivent avec un premier album en 98, qui va \u00eatre un grand choc, parce qu\u2019on d\u00e9couvre la confirmation du talent incroyable de Lino et de Calbo pour l\u2019\u00e9criture\u00a0\u00bb.<\/p>\n<p class=\"asset asset-text\">Le morceau Boxe avec les mots, issu de ce premier album baptis\u00e9\u00a0Quelques gouttes suffisent, va contribuer \u00e0 la renomm\u00e9e du duo, qui rejoint le collectif Secteur \u00c4\u00a0aux c\u00f4t\u00e9s d\u2019artistes comme Passi et Stomy Bugsy (du groupe Minist\u00e8re Amer), Doc Gyneco, ou Neg\u2019 Marrons.<\/p>\n<p class=\"asset asset-text\">Le collectif avait notamment marqu\u00e9 les esprits lors de deux soir\u00e9es r\u00e9unissant l\u2019ensemble de ses membres en mai\u00a01998 \u00e0 l\u2019Olympia pour marquer le 150e anniversaire de l\u2019abolition de l\u2019esclavage.<\/p>\n<p class=\"asset asset-text\">En 2002, \u00c4rsenik sort son deuxi\u00e8me et ultime album, Quelque chose a surv\u00e9cu. \u00ab\u00a0Ils avaient justement trouv\u00e9 cet \u00e9quilibre tr\u00e8s difficile entre la qualit\u00e9 du texte et le c\u00f4t\u00e9 populaire aussi. Il n\u2019y a eu que deux albums d\u2019\u00c4rsenik mais ce sont deux albums qui ont vraiment marqu\u00e9 leur \u00e9poque\u00a0\u00bb, r\u00e9sume Olivier Cachin.<\/p>\n<p class=\"asset asset-text\">En 2022, Calbo \u00e9tait revenu avec un album solo, Quelques gouttes de plus.<\/p>\n","protected":false},"excerpt":{"rendered":"JOEL SAGET \/ AFP Le rappeur Calbo pose lors d\u2019une s\u00e9ance photo \u00e0 Paris, le 30\u00a0janvier 2018. Il&hellip;\n","protected":false},"author":2,"featured_media":641675,"comment_status":"","ping_status":"","sticky":false,"template":"","format":"standard","meta":{"footnotes":""},"categories":[1359],"tags":[251,58,59,1011,27,6968,873,973,6198],"class_list":{"0":"post-641674","1":"post","2":"type-post","3":"status-publish","4":"format-standard","5":"has-post-thumbnail","7":"category-people","8":"tag-culture","9":"tag-divertissement","10":"tag-entertainment","11":"tag-fr","12":"tag-france","13":"tag-mortalite","14":"tag-musique","15":"tag-people","16":"tag-rappeur"},"share_on_mastodon":{"url":"https:\/\/pubeurope.com\/@fr\/115840435088770150","error":""},"_links":{"self":[{"href":"https:\/\/www.europesays.com\/fr\/wp-json\/wp\/v2\/posts\/641674","targetHints":{"allow":["GET"]}}],"collection":[{"href":"https:\/\/www.europesays.com\/fr\/wp-json\/wp\/v2\/posts"}],"about":[{"href":"https:\/\/www.europesays.com\/fr\/wp-json\/wp\/v2\/types\/post"}],"author":[{"embeddable":true,"href":"https:\/\/www.europesays.com\/fr\/wp-json\/wp\/v2\/users\/2"}],"replies":[{"embeddable":true,"href":"https:\/\/www.europesays.com\/fr\/wp-json\/wp\/v2\/comments?post=641674"}],"version-history":[{"count":0,"href":"https:\/\/www.europesays.com\/fr\/wp-json\/wp\/v2\/posts\/641674\/revisions"}],"wp:featuredmedia":[{"embeddable":true,"href":"https:\/\/www.europesays.com\/fr\/wp-json\/wp\/v2\/media\/641675"}],"wp:attachment":[{"href":"https:\/\/www.europesays.com\/fr\/wp-json\/wp\/v2\/media?parent=641674"}],"wp:term":[{"taxonomy":"category","embeddable":true,"href":"https:\/\/www.europesays.com\/fr\/wp-json\/wp\/v2\/categories?post=641674"},{"taxonomy":"post_tag","embeddable":true,"href":"https:\/\/www.europesays.com\/fr\/wp-json\/wp\/v2\/tags?post=641674"}],"curies":[{"name":"wp","href":"https:\/\/api.w.org\/{rel}","templated":true}]}}