{"id":641676,"date":"2026-01-05T03:45:10","date_gmt":"2026-01-05T03:45:10","guid":{"rendered":"https:\/\/www.europesays.com\/fr\/641676\/"},"modified":"2026-01-05T03:45:10","modified_gmt":"2026-01-05T03:45:10","slug":"le-peintre-roland-richardson-memoire-vivante-de-saint-martin","status":"publish","type":"post","link":"https:\/\/www.europesays.com\/fr\/641676\/","title":{"rendered":"Le peintre Roland Richardson, m\u00e9moire vivante de Saint-Martin"},"content":{"rendered":"<p class=\"svelte-qfpp5o first-paragraph\">En pr\u00e9ambule, Roland Richardson explique ce qui caract\u00e9rise son approche et son travail.<\/p>\n<blockquote class=\"quote svelte-15qzpub\">\n<p class=\"text svelte-15qzpub\">\u00ab Qu&rsquo;est-ce qui anime mon tableau, mon travail ? C&rsquo;est l&rsquo;\u00e9tude de la couleur. Ce n&rsquo;est pas l&rsquo;objet. L&rsquo;objet est color\u00e9 et c&rsquo;est la couleur qui m&rsquo;attire.  \u00bb<\/p>\n<p> Roland Richardson, peintre impressionniste<\/p><\/blockquote>\n<p class=\"svelte-qfpp5o\">La couleur est donc la mati\u00e8re premi\u00e8re de l&rsquo;artiste peintre, un outil vivant pour se connecter \u00e0 un univers toujours en mouvement.<\/p>\n<blockquote class=\"quote svelte-15qzpub\">\n<p class=\"text svelte-15qzpub\">\u00ab Quand on regarde la colline, toutes les feuilles sont en train de bouger et, donc, vibration et mouvement sont une partie essentielle de la vie. Et \u00e7a devrait \u00eatre dans le tableau et \u00e7a ne peut pas \u00eatre fabriqu\u00e9. Donc, il faut venir sur place et voir. On m\u00e9lange la couleur, elle est partie, on voit quelque chose d&rsquo;autre. C\u2019est comme \u00e7a, ce n\u2019est jamais fixe.  \u00bb<\/p>\n<p> Roland Richardson, peintre impressionniste<\/p><\/blockquote>\n<p class=\"svelte-qfpp5o\">\u00c0 81 ans, Roland Richardson sublime inlassablement, par ses peintures, l&rsquo;attrait des paysages et le charme des habitants de son \u00eele natale. Il travaille \u00e0 partir d&rsquo;une trinit\u00e9 chromatique compos\u00e9e de jaune, de rouge et de bleu.<\/p>\n<blockquote class=\"quote svelte-15qzpub\">\n<p class=\"text svelte-15qzpub\">\u00ab Puisque c&rsquo;est la lumi\u00e8re qui est la premi\u00e8re cr\u00e9ation du divin, la couleur est une r\u00e9v\u00e9lation du divin. La couleur est divine et c&rsquo;est avec cette couleur, qui est intangible, comme la lumi\u00e8re est intangible, qui n&rsquo;a pas de forme, mais qui est pr\u00e9sente, qu&rsquo;on peut voir. Donc, chacune de ces trois couleurs a un caract\u00e8re dimensionnel.\u00a0  \u00bb<\/p>\n<p> Roland Richardson, peintre impressionniste<\/p><\/blockquote>\n<p class=\"svelte-qfpp5o\">Roland Richardson a \u00e9tudi\u00e9 les beaux-arts aux \u00c9tats-Unis. Mais ce Carib\u00e9en convaincu se nourrit des \u00e9nergies que renvoient ses mod\u00e8les, dans une sorte de l\u00e2cher-prise cr\u00e9atif.<\/p>\n<blockquote class=\"quote svelte-15qzpub\">\n<p class=\"text svelte-15qzpub\">\u00ab Au lieu d&rsquo;essayer de m&rsquo;exprimer et de mettre mon petit quelque chose dans le tableau, moi, je voudrais plut\u00f4t \u00eatre compl\u00e8tement lib\u00e9r\u00e9 de toute pens\u00e9e et simplement r\u00e9pondre chaque fois que le sujet me montre quelque chose qui rentre en moi.  \u00bb<\/p>\n<p> Roland Richardson, peintre impressionniste<\/p><\/blockquote>\n<p class=\"svelte-qfpp5o\">Le passage de l&rsquo;h\u00f4tel vers la galerie d&rsquo;art voisine lui donne l&rsquo;occasion d&rsquo;avouer un petit bonheur en plus, de dessiner un portrait.<\/p>\n<blockquote class=\"quote svelte-15qzpub\">\n<p class=\"text svelte-15qzpub\">\u00ab Entre un \u00eatre humain, dans le sens solide, et un bol de fruits, dans le sens solide, il n&rsquo;y a pas de diff\u00e9rence. Sauf ce qu&rsquo;il y a dedans, cet esprit. Et donc l&rsquo;esprit devient, dans le portrait, le sujet.  \u00bb<\/p>\n<p> Roland Richardson, peintre impressionniste<\/p><\/blockquote>\n<p class=\"svelte-qfpp5o\">Acteur culturel engag\u00e9, Roland Richardson a aussi fait sienne la sauvegarde du patrimoine saint-martinois. Il en a grav\u00e9 ici une partie, sur des plaquettes de cuivre ou de zinc. La qualit\u00e9 de son travail est de renomm\u00e9e internationale et son attachement reste ind\u00e9fectible \u00e0 Saint-Martin ; ils font de celui que l&rsquo;on surnomme \u00ab\u00a0le p\u00e8re de l&rsquo;impressionnisme carib\u00e9en\u00a0\u00bb la fiert\u00e9 de l&rsquo;\u00eele.<\/p>\n<p class=\"svelte-qfpp5o\"><b>REPORTAGE\/<\/b> Herv\u00e9 P\u00e9durand (r\u00e9daction, tournage, montage) et Cody Rauzduel (mixage) \u2013 Guadeloupe la 1\u00e8re.<\/p>\n","protected":false},"excerpt":{"rendered":"En pr\u00e9ambule, Roland Richardson explique ce qui caract\u00e9rise son approche et son travail. \u00ab Qu&rsquo;est-ce qui anime mon&hellip;\n","protected":false},"author":2,"featured_media":641677,"comment_status":"","ping_status":"","sticky":false,"template":"","format":"standard","meta":{"footnotes":""},"categories":[1358],"tags":[1348,1384,1385,1386,58,59,1011,27],"class_list":{"0":"post-641676","1":"post","2":"type-post","3":"status-publish","4":"format-standard","5":"has-post-thumbnail","7":"category-arts-et-design","8":"tag-arts","9":"tag-arts-and-design","10":"tag-arts-et-design","11":"tag-design","12":"tag-divertissement","13":"tag-entertainment","14":"tag-fr","15":"tag-france"},"share_on_mastodon":{"url":"https:\/\/pubeurope.com\/@fr\/115840438936588651","error":""},"_links":{"self":[{"href":"https:\/\/www.europesays.com\/fr\/wp-json\/wp\/v2\/posts\/641676","targetHints":{"allow":["GET"]}}],"collection":[{"href":"https:\/\/www.europesays.com\/fr\/wp-json\/wp\/v2\/posts"}],"about":[{"href":"https:\/\/www.europesays.com\/fr\/wp-json\/wp\/v2\/types\/post"}],"author":[{"embeddable":true,"href":"https:\/\/www.europesays.com\/fr\/wp-json\/wp\/v2\/users\/2"}],"replies":[{"embeddable":true,"href":"https:\/\/www.europesays.com\/fr\/wp-json\/wp\/v2\/comments?post=641676"}],"version-history":[{"count":0,"href":"https:\/\/www.europesays.com\/fr\/wp-json\/wp\/v2\/posts\/641676\/revisions"}],"wp:featuredmedia":[{"embeddable":true,"href":"https:\/\/www.europesays.com\/fr\/wp-json\/wp\/v2\/media\/641677"}],"wp:attachment":[{"href":"https:\/\/www.europesays.com\/fr\/wp-json\/wp\/v2\/media?parent=641676"}],"wp:term":[{"taxonomy":"category","embeddable":true,"href":"https:\/\/www.europesays.com\/fr\/wp-json\/wp\/v2\/categories?post=641676"},{"taxonomy":"post_tag","embeddable":true,"href":"https:\/\/www.europesays.com\/fr\/wp-json\/wp\/v2\/tags?post=641676"}],"curies":[{"name":"wp","href":"https:\/\/api.w.org\/{rel}","templated":true}]}}