{"id":641678,"date":"2026-01-05T03:47:16","date_gmt":"2026-01-05T03:47:16","guid":{"rendered":"https:\/\/www.europesays.com\/fr\/641678\/"},"modified":"2026-01-05T03:47:16","modified_gmt":"2026-01-05T03:47:16","slug":"ne-tenfuis-plus-une-saison-2-est-elle-prevue-pour-la-serie-netflix-adaptee-dharlan-coben","status":"publish","type":"post","link":"https:\/\/www.europesays.com\/fr\/641678\/","title":{"rendered":"Ne t&rsquo;enfuis plus : Une saison 2 est-elle pr\u00e9vue pour la s\u00e9rie Netflix adapt\u00e9e d&rsquo;Harlan Coben ?"},"content":{"rendered":"<p>La nouvelle adaptation d\u2019un roman d\u2019Harlan Coben, intitul\u00e9e Ne t\u2019enfuis plus, est disponible depuis le 1er janvier sur Netflix avec un total de 8 \u00e9pisodes. Mais peut-on s\u2019attendre \u00e0 une saison 2 prochainement ?<\/p>\n<p>Un meurtre, une disparition, un p\u00e8re de famille inquiet\u2026 la recette parfaite pour qu\u2019Harlan Coben puisse nous cuisiner une histoire palpitante et pleine de rebondissements. <a href=\"https:\/\/www.programme-tv.net\/news\/series-tv\/395034-ne-tenfuis-plus-on-a-vu-la-nouvelle-serie-netflix-adaptee-dharlan-coben-reussite-ou-nouvelle-deception\/\" data-api-deeplink=\"teleloisirs:\/\/news\/395034\" target=\"_blank\" rel=\"noopener\">Bien que la s\u00e9rie ne soit pas exempte de d\u00e9fauts<\/a>, on ne peut lui enlever son ambition ni la richesse de son histoire et des th\u00e9matiques qu\u2019elle aborde \u2013 et dont <a href=\"https:\/\/www.programme-tv.net\/news\/series-tv\/395173-ne-t-enfuis-plus-netflix-harlan-coben-s-est-inspire-de-sa-vie-personnelle-pour-creer-l-histoire-de-ce-thriller\/\" data-api-deeplink=\"teleloisirs:\/\/news\/395173\" target=\"_blank\" rel=\"noopener\">l\u2019auteur n\u2019a pas eu \u00e0 chercher bien loin pour ses sources d\u2019inspiration<\/a>. Mais maintenant qu\u2019on a pu d\u00e9vorer l\u2019int\u00e9gralit\u00e9 des 8 \u00e9pisodes de la s\u00e9rie, peut-on esp\u00e9rer voir un jour une suite d\u00e9barquer sur la plateforme et ainsi retrouver Simon, Paige et les autres protagonistes dans une saison 2 ?<\/p>\n<p>Ne t&rsquo;enfuis plus (Netflix) : une saison 2 est-elle envisageable ?<\/p>\n<p>Si Harlan Coben n&rsquo;a, \u00e0 ce jour, fait aucune d\u00e9claration concernant une suite \u00e0 Ne t&rsquo;enfuis plus, on peut d\u00e9j\u00e0 consid\u00e9rer qu&rsquo;il est tr\u00e8s peu probable que la s\u00e9rie soit prolong\u00e9e avec une saison 2. Dans un premier temps, celle-ci est l&rsquo;adaptation compl\u00e8te du roman du m\u00eame nom d&rsquo;Harlan Coben, sorti en 2019, qui n&rsquo;a jamais fait l&rsquo;objet d&rsquo;une suite. Ainsi, \u00e0 moins que l&rsquo;auteur ne travaille dessus depuis tout ce temps en secret, ou qu&rsquo;il soit impliqu\u00e9 dans l&rsquo;\u00e9criture d&rsquo;une saison 2 qui ne serait adapt\u00e9e cette fois d&rsquo;aucun roman \u2013 <a href=\"https:\/\/www.programme-tv.net\/news\/series-tv\/248077-game-of-thrones-george-r-r-martin-avait-envisage-une-fin-bien-differente-pour-la-serie\/\" data-api-deeplink=\"teleloisirs:\/\/news\/248077\" target=\"_blank\" rel=\"noopener\">ce qui pourrait rappeler de mauvais souvenirs aux fans de Game of Thrones<\/a> \u2013, il y a tr\u00e8s peu de chances de retrouver la famille Paige de nouveau. De plus, l&rsquo;int\u00e9gralit\u00e9 des intrigues (pourtant tr\u00e8s nombreuses) trouve <a href=\"https:\/\/www.programme-tv.net\/news\/series-tv\/395109-ne-t-enfuis-plus-netflix-la-fin-du-thriller-d-harlan-coben-expliquee\/\" data-api-deeplink=\"teleloisirs:\/\/news\/395109\" target=\"_blank\" rel=\"noopener\">une conclusion \u00e0 la fin des 8 \u00e9pisodes<\/a> : on sait qui a tu\u00e9 Aaron, Ash et Dee sont d\u00e9finitivement hors jeu, la secte de L\u2019\u00c9toile de la V\u00e9rit\u00e9 rayonnante a \u00e9t\u00e9 dissoute, le leader arr\u00eat\u00e9 et Paige a \u00e9t\u00e9 retrouv\u00e9e saine et sauve. Aucune piste n&rsquo;a donc \u00e9t\u00e9 laiss\u00e9e pour une potentielle suite \u00e0 cette histoire, malgr\u00e9 une fin l\u00e9g\u00e8rement douce-am\u00e8re pour le personnage de Simon, oblig\u00e9 de vivre pour le restant de ses jours dans le mensonge afin de prot\u00e9ger l&rsquo;int\u00e9grit\u00e9 de sa famille.<\/p>\n<p>Alors, si vous \u00eates en manque d\u2019Harlan Coben et que vous \u00eates d\u00e9\u00e7u par cette nouvelle, pas de panique : celui-ci a sign\u00e9 un contrat avec Netflix pour adapter pas moins de 14 de ses polars. Et, si ce n\u2019est pas d\u00e9j\u00e0 fait, vous pouvez \u00e9galement vous diriger sur ce qui est, \u00e0 ce jour, <a href=\"https:\/\/www.programme-tv.net\/news\/series-tv\/390322-c-est-la-meilleure-serie-adaptee-d-harlan-coben-depuis-des-lustres-mais-elle-nest-pas-sur-netflix\/\" data-api-deeplink=\"teleloisirs:\/\/news\/390322\" target=\"_blank\" rel=\"noopener\">la meilleure adaptation de l\u2019un de ses romans.<\/a><\/p>\n","protected":false},"excerpt":{"rendered":"La nouvelle adaptation d\u2019un roman d\u2019Harlan Coben, intitul\u00e9e Ne t\u2019enfuis plus, est disponible depuis le 1er janvier sur&hellip;\n","protected":false},"author":2,"featured_media":641679,"comment_status":"","ping_status":"","sticky":false,"template":"","format":"standard","meta":{"footnotes":""},"categories":[1356],"tags":[244,58,59,1011,27,10864,74831,74830,74829,127,1722,1721,129,252,1364],"class_list":{"0":"post-641678","1":"post","2":"type-post","3":"status-publish","4":"format-standard","5":"has-post-thumbnail","7":"category-television","8":"tag-commentaire","9":"tag-divertissement","10":"tag-entertainment","11":"tag-fr","12":"tag-france","13":"tag-harlan-coben","14":"tag-ne-tenfuis-plus","15":"tag-ne-tenfuis-plus-season-1-2025","16":"tag-ne-tenfuis-plus-su00e9rie-52196888","17":"tag-netflix","18":"tag-pub-streaming-netflix","19":"tag-su00e9rie-netflix","20":"tag-svod","21":"tag-television","22":"tag-tv"},"share_on_mastodon":{"url":"https:\/\/pubeurope.com\/@fr\/115840446836763974","error":""},"_links":{"self":[{"href":"https:\/\/www.europesays.com\/fr\/wp-json\/wp\/v2\/posts\/641678","targetHints":{"allow":["GET"]}}],"collection":[{"href":"https:\/\/www.europesays.com\/fr\/wp-json\/wp\/v2\/posts"}],"about":[{"href":"https:\/\/www.europesays.com\/fr\/wp-json\/wp\/v2\/types\/post"}],"author":[{"embeddable":true,"href":"https:\/\/www.europesays.com\/fr\/wp-json\/wp\/v2\/users\/2"}],"replies":[{"embeddable":true,"href":"https:\/\/www.europesays.com\/fr\/wp-json\/wp\/v2\/comments?post=641678"}],"version-history":[{"count":0,"href":"https:\/\/www.europesays.com\/fr\/wp-json\/wp\/v2\/posts\/641678\/revisions"}],"wp:featuredmedia":[{"embeddable":true,"href":"https:\/\/www.europesays.com\/fr\/wp-json\/wp\/v2\/media\/641679"}],"wp:attachment":[{"href":"https:\/\/www.europesays.com\/fr\/wp-json\/wp\/v2\/media?parent=641678"}],"wp:term":[{"taxonomy":"category","embeddable":true,"href":"https:\/\/www.europesays.com\/fr\/wp-json\/wp\/v2\/categories?post=641678"},{"taxonomy":"post_tag","embeddable":true,"href":"https:\/\/www.europesays.com\/fr\/wp-json\/wp\/v2\/tags?post=641678"}],"curies":[{"name":"wp","href":"https:\/\/api.w.org\/{rel}","templated":true}]}}