{"id":641682,"date":"2026-01-05T03:49:28","date_gmt":"2026-01-05T03:49:28","guid":{"rendered":"https:\/\/www.europesays.com\/fr\/641682\/"},"modified":"2026-01-05T03:49:28","modified_gmt":"2026-01-05T03:49:28","slug":"kingdom-of-heaven-arte-ridley-scott-kingdom-of-heaven-se-veut-un-plaidoyer-pour-la-tolerance-tele-7-jours","status":"publish","type":"post","link":"https:\/\/www.europesays.com\/fr\/641682\/","title":{"rendered":"Kingdom of Heaven (Arte) &#8211; Ridley Scott : &quot;Kingdom of Heaven se veut un plaidoyer pour la tol\u00e9rance&quot; &#8211; T\u00e9l\u00e9 7 Jours"},"content":{"rendered":"<ol>\n<li><a href=\"https:\/\/news.google.com\/rss\/articles\/CBMi_AFBVV95cUxPU0JyNzNDY2dzSmhfZUF1S09fNjBFWjdGSTRjUFhXUkNpb0Nyc1VPSDNMSkIwdGtrOW41NHZDNEtpT1EwWG9Oek9PUUZvdkxuV3E2OGpYLVhWOGt5RFdNV3BmZjE1MlRkeTlBN1E5YUxYczFPTVNJVHJ6a0dIQmlVWEpHMFFBSkZXRDQ4cTdEdU5IZGNfYzBkcTFuUUYwVi1SUlNZc1hTcTN3Um00N1hVRjBqc3J0c1MyZV9wMkR1UnRwUlZkS0NFSFpTcm5IMkJEM2R0T3N4LWVWT1ZKSHlXTVRpdlJsSnVsaTVIWVoyc080RnhYdHRrRkZHcUg?oc=5\" target=\"_blank\" rel=\"noopener\">Kingdom of Heaven (Arte) &#8211; Ridley Scott : \u00ab\u00a0Kingdom of Heaven se veut un plaidoyer pour la tol\u00e9rance\u00a0\u00bb<\/a>&nbsp;&nbsp;T\u00e9l\u00e9 7 Jours<\/li>\n<li><a href=\"https:\/\/news.google.com\/rss\/articles\/CBMiswFBVV95cUxQWTVvZDVzYUJPY0xKa3hoNTgzVEtUb0E2Ty1OQS1xNFdIOTB3bDd6Ql9MZWVYNWMtejRyRlB2cWtMYjJRWndIc01LMEFUb2RpTFNrYUN3RWpuQjcxSlR5dEY0QVY4bEs5MWxkZWV4bFpBYUVWMnlncm9XSnFtWC1jY1BEZzk1dEpPeFZ0eXRKbkd3WS1LeC1CRDhvSjZiWm9jVF9aY0JnM1ExOUZ3dXJlVDU3dw?oc=5\" target=\"_blank\" rel=\"noopener\">\u00ab Kingdom of Heaven \u00bb : le film de Ridley Scott que la Fox voyait comme le nouveau \u00ab Gladiator \u00bb<\/a>&nbsp;&nbsp;Le Point<\/li>\n<li><a href=\"https:\/\/news.google.com\/rss\/articles\/CBMiuAFBVV95cUxQZU5lVHJ2dGFNeXkycFJYMnM5dGxzMGh1b0VWY0J3anY3dFNOWmZmeXdsaGdNQXVQNGdZNy13ZG9qZEgtd0U3WTFvaG5sMDVlbUotaThhQlBSQTVoakNGekRIc1NrR1pmWFBkdXJ5UlBXeGVxT1d0b0l5SlppM3g3UHc3anRQay1ncm02b1JJSFoxN3hydVUxSXhLOTFFcnlSZy1XUUI1d3VvdUJPNmF3ODhYTzJScGpW?oc=5\" target=\"_blank\" rel=\"noopener\">\u201cKingdom of heaven\u201d, de Ridley Scott : un plaisir de cin\u00e9ma na\u00eff et sinc\u00e8re<\/a>&nbsp;&nbsp;T\u00e9l\u00e9rama<\/li>\n<li><a href=\"https:\/\/news.google.com\/rss\/articles\/CBMiygFBVV95cUxNV09NTVJZZUZpTUpXU0ozc1pLNmNfbl9HTmphSEQzdFJMRHB0TERYRHBsdmlnd0FhcGZkaFNhUW51R1kxZGNkdWpHSWtwNmllUXZrbjk2UTdLRmxnUHBIQ2ljMU5zdkROWC1SNkpEMnYxalgwRklfNTBQdk5manpGdjVSMHFNWVIzQ05tUFBlal9rMEdYcE9Bbk9oMGVFNkdQVjJqdi1ERXlFM3kwdE5yMGFNMFlFWUMwbVd0aDBWMFAzaEZWRUlhZThn?oc=5\" target=\"_blank\" rel=\"noopener\">\u00ab\u00a0Je me trouvais moche\u00a0\u00bb : Le casting catastrophique d&rsquo;Eva Green pour Kingdom of Heaven<\/a>&nbsp;&nbsp;programme-tv.net<\/li>\n<li><a href=\"https:\/\/news.google.com\/rss\/articles\/CBMihAJBVV95cUxPV0pOd3NhcFA0dERqRERCS2liY1NKcnJJRTZxSVE4NE9RVnk2NGlpU205VG5xQVp3RV9wSzM4OXdJRWFVcUQ2SlQtSVFmUE50NzZxMEE2X3lhNElLX2ZsNmtFeXlreDNlaUdDcGFPbmU4RFVsN3Rhb3B6R091bWFLbDJxdWR1RlJMVWxBa2E3ZWs4VDJPNmo0bTZjVmRlbFRvR3FrMmgzV0p1a1ZkS3VYUVNZYk1MMHA2d3V6OUxhc1pHZmZBamp1OC1yUDJTVUtjUHNYX2VUTWwtWFloUkVfa0pXVjJ6Mm16emRKZm90NVN0M1NQWmgwV0h4OGhoZEhvZS04Ng?oc=5\" target=\"_blank\" rel=\"noopener\">Kingdom of Heaven de Ridley Scott : quelles sont les diff\u00e9rences entre la version cin\u00e9ma et la version longue diffus\u00e9e ce soir sur Arte ?<\/a>&nbsp;&nbsp;Diverto<\/li>\n<\/ol>\n","protected":false},"excerpt":{"rendered":"Kingdom of Heaven (Arte) &#8211; Ridley Scott : \u00ab\u00a0Kingdom of Heaven se veut un plaidoyer pour la tol\u00e9rance\u00a0\u00bb&nbsp;&nbsp;T\u00e9l\u00e9&hellip;\n","protected":false},"author":2,"featured_media":395849,"comment_status":"","ping_status":"","sticky":false,"template":"","format":"standard","meta":{"footnotes":""},"categories":[1354],"tags":[58,59,1346,1011,27,1360],"class_list":{"0":"post-641682","1":"post","2":"type-post","3":"status-publish","4":"format-standard","5":"has-post-thumbnail","7":"category-films","8":"tag-divertissement","9":"tag-entertainment","10":"tag-films","11":"tag-fr","12":"tag-france","13":"tag-movies"},"share_on_mastodon":{"url":"https:\/\/pubeurope.com\/@fr\/115840454632690345","error":""},"_links":{"self":[{"href":"https:\/\/www.europesays.com\/fr\/wp-json\/wp\/v2\/posts\/641682","targetHints":{"allow":["GET"]}}],"collection":[{"href":"https:\/\/www.europesays.com\/fr\/wp-json\/wp\/v2\/posts"}],"about":[{"href":"https:\/\/www.europesays.com\/fr\/wp-json\/wp\/v2\/types\/post"}],"author":[{"embeddable":true,"href":"https:\/\/www.europesays.com\/fr\/wp-json\/wp\/v2\/users\/2"}],"replies":[{"embeddable":true,"href":"https:\/\/www.europesays.com\/fr\/wp-json\/wp\/v2\/comments?post=641682"}],"version-history":[{"count":0,"href":"https:\/\/www.europesays.com\/fr\/wp-json\/wp\/v2\/posts\/641682\/revisions"}],"wp:featuredmedia":[{"embeddable":true,"href":"https:\/\/www.europesays.com\/fr\/wp-json\/wp\/v2\/media\/395849"}],"wp:attachment":[{"href":"https:\/\/www.europesays.com\/fr\/wp-json\/wp\/v2\/media?parent=641682"}],"wp:term":[{"taxonomy":"category","embeddable":true,"href":"https:\/\/www.europesays.com\/fr\/wp-json\/wp\/v2\/categories?post=641682"},{"taxonomy":"post_tag","embeddable":true,"href":"https:\/\/www.europesays.com\/fr\/wp-json\/wp\/v2\/tags?post=641682"}],"curies":[{"name":"wp","href":"https:\/\/api.w.org\/{rel}","templated":true}]}}