{"id":641687,"date":"2026-01-05T03:53:22","date_gmt":"2026-01-05T03:53:22","guid":{"rendered":"https:\/\/www.europesays.com\/fr\/641687\/"},"modified":"2026-01-05T03:53:22","modified_gmt":"2026-01-05T03:53:22","slug":"revolutionner-la-prise-de-notes-en-reunion-plaud-lance-son-nouvel-enregistreur-et-une-app-desktop","status":"publish","type":"post","link":"https:\/\/www.europesays.com\/fr\/641687\/","title":{"rendered":"R\u00e9volutionner la prise de notes en r\u00e9union\u00a0? Plaud lance son nouvel enregistreur et une app desktop"},"content":{"rendered":"<p>                    <b>Plaud continue son chemin sur le march\u00e9 de la prise de notes assist\u00e9e par intelligence artificielle. L\u2019entreprise am\u00e9ricaine, d\u00e9j\u00e0 utilis\u00e9e par plus de 1,5 million d\u2019utilisateurs dans le monde, annonce aujourd\u2019hui le lancement du Plaud NotePin S\u00a0\u2014 un nouveau mini enregistreur\u00a0\u2014, ainsi que Plaud Desktop, une application de bureau pens\u00e9e pour capturer et r\u00e9sumer les r\u00e9unions en ligne sans recourir \u00e0 des bots.<\/b><\/p>\n<p>                                                                                                                                                        <img decoding=\"async\" src=\"https:\/\/www.europesays.com\/fr\/wp-content\/uploads\/2026\/01\/64a305e064_plaud-notepin-s.webp.webp\" alt=\"Plaud NotePin S\" width=\"1200\" height=\"676\" loading=\"lazy\"\/>        <\/p>\n<p>Plaud NotePin S\u00a0: un assistant IA portable encore plus intuitif<\/p>\n<p>Successeur direct du premier NotePin, <b>Plaud NotePin S conserve le design discret et la polyvalence<\/b> qui ont fait le succ\u00e8s du mod\u00e8le initial, tout en am\u00e9liorant l\u2019ergonomie, la praticit\u00e9 et les performances. Il poss\u00e8de d\u00e9sormais un bouton et est compatible avec le r\u00e9seau Localiser d&rsquo;Apple. En revanche, il ne poss\u00e8de pas le petit \u00e9cran du PlaudNote Pro, ni son format bancaire ultra plat. <\/p>\n<p>Comme les Plaud Note et Note Pro, le <a target=\"_blank\" href=\"https:\/\/shop.mac4ever.com\/gateway?pid=deeplink&amp;mid=am&amp;ml=8f40&amp;st=article&amp;sid=193912&amp;said=2220&amp;sp=www\" rel=\"nofollow noopener\">NotePin S<\/a> int\u00e8gre un bouton de surlignage. Une simple pression permet de <b>marquer instantan\u00e9ment un moment cl\u00e9 <\/b>pendant une conversation. Ce signal envoy\u00e9 \u00e0 l\u2019IA permet d\u2019aligner en temps r\u00e9el l\u2019intention de l\u2019utilisateur avec l\u2019analyse automatique, pour produire des r\u00e9sum\u00e9s et des insights plus fid\u00e8les et plus exploitables.<\/p>\n<p>                                                                                                                                                        <img decoding=\"async\" src=\"https:\/\/www.europesays.com\/fr\/wp-content\/uploads\/2026\/01\/9a1e1c616b_plaud-lance-notepin-s-et-plaud-desktop-une-solution-complete-de-prise-de-notes-ia-sans-bo.webp\" alt=\"R\u00e9volutionner la prise de notes en r\u00e9union\u00a0? Plaud lance son nouvel enregistreur et une app desktop\" width=\"1200\" height=\"501\" loading=\"lazy\"\/>        <\/p>\n<p>Pens\u00e9 pour se faire oublier, <b>le <a href=\"https:\/\/fr.plaud.ai\/products\/plaud-notepin-s\" target=\"_blank\" rel=\"noopener\">NotePin S<\/a> peut \u00eatre port\u00e9 au poignet, en collier, en badge ou via un clip<\/b>, devenant un compagnon de prise de notes toujours disponible, sans perturber les \u00e9changes.<\/p>\n<p>                                                                                                                                                        <img decoding=\"async\" src=\"https:\/\/www.europesays.com\/fr\/wp-content\/uploads\/2026\/01\/89257e0474_plaud-lance-notepin-s-et-plaud-desktop-une-solution-complete-de-prise-de-notes-ia-sans-bo.webp\" alt=\"R\u00e9volutionner la prise de notes en r\u00e9union\u00a0? Plaud lance son nouvel enregistreur et une app desktop\" width=\"1200\" height=\"536\" loading=\"lazy\"\/>        <\/p>\n<p>Ce qui distingue Plaud, c\u2019est notre capacit\u00e9 \u00e0 nous adapter \u00e0 tous les contextes\u00a0: en personne, au t\u00e9l\u00e9phone ou \u00e0 l\u2019\u00e9cran. C\u2019est ainsi que l\u2019intelligence circule naturellement, explique Nathan Xu, cofondateur et CEO de Plaud. Capturer les conversations dans leur forme naturelle est la meilleure mani\u00e8re d\u2019autonomiser les personnes dans la vie r\u00e9elle. <\/p>\n<p><b>D\u00e9clin\u00e9 en trois coloris (noir, argent et violet), il est disponible d\u00e8s \u00e0 pr\u00e9sent pour 179 euros<\/b>. Il b\u00e9n\u00e9ficie du forfait Starter gratuit, soir 300 minutes de transcription par mois incluses. Au del\u00e0 , il faudra passer \u00e0 la formule Pro ou Unlimited pour obtenir plus de minutes et des fonctionnalit\u00e9s IA avanc\u00e9es. Il est compatibles avec Plaud Desktop (la nouvelle plateforme). <\/p>\n<p>                                                                                                                                                        <img decoding=\"async\" src=\"https:\/\/www.europesays.com\/fr\/wp-content\/uploads\/2026\/01\/6c8a52a807_revolutionner-la-prise-de-notes-en-reunion-plaud-lance-son-nouvel-enregistreur-et-une-app.webp\" alt=\"R\u00e9volutionner la prise de notes en r\u00e9union\u00a0? Plaud lance son nouvel enregistreur et une app desktop\" width=\"1200\" height=\"885\" loading=\"lazy\"\/>        <\/p>\n<p>Plaud Desktop\u00a0: capturer les r\u00e9unions en ligne sans bots intrusifs<\/p>\n<p>En parall\u00e8le, <b>Plaud d\u00e9voile <a href=\"https:\/\/fr.plaud.ai\/pages\/plaud-desktop\" target=\"_blank\" rel=\"noopener\">Plaud Desktop<\/a>, une application de bureau con\u00e7ue pour r\u00e9pondre \u00e0 une critique r\u00e9currente des solutions actuellement sur le march\u00e9<\/b>\u00a0: la d\u00e9pendance aux bots et aux extensions navigateur.<\/p>\n<p>                                                                                                                                                        <img decoding=\"async\" src=\"https:\/\/www.europesays.com\/fr\/wp-content\/uploads\/2026\/01\/02afd5c52e_revolutionner-la-prise-de-notes-en-reunion-plaud-lance-son-nouvel-enregistreur-et-une-app.webp\" alt=\"R\u00e9volutionner la prise de notes en r\u00e9union\u00a0? Plaud lance son nouvel enregistreur et une app desktop\" width=\"1200\" height=\"617\" loading=\"lazy\"\/>        <\/p>\n<p>Plaud Desktop <b>d\u00e9tecte automatiquement les r\u00e9unions actives<\/b> sur Zoom, Google Meet, Microsoft Teams et autres plateformes similaires. En un clic, l\u2019utilisateur peut lancer une capture audio s\u00e9curis\u00e9e, sans qu\u2019un bot ne s\u2019invite \u00e0 la r\u00e9union ni qu\u2019une extension ne vienne ralentir le navigateur.<\/p>\n<p>                                                                                                                                                        <img decoding=\"async\" src=\"https:\/\/www.europesays.com\/fr\/wp-content\/uploads\/2026\/01\/2e92b1fa7c_revolutionner-la-prise-de-notes-en-reunion-plaud-lance-son-nouvel-enregistreur-et-une-app.webp\" alt=\"R\u00e9volutionner la prise de notes en r\u00e9union\u00a0? Plaud lance son nouvel enregistreur et une app desktop\" width=\"1200\" height=\"701\" loading=\"lazy\"\/>        <\/p>\n<p><b>L\u2019application mise \u00e9galement sur des entr\u00e9es multimodales <\/b>: ajout de visuels, surlignage de moments cl\u00e9s, prise de notes textuelles\u2026 le tout dans un flux continu. L\u2019ensemble des enregistrements, transcriptions et id\u00e9es est ensuite centralis\u00e9 via Plaud Intelligence, et accessible aussi bien sur Plaud Desktop que sur Plaud App et Plaud Web.<\/p>\n<p>                                                                                                                                                        <img decoding=\"async\" src=\"https:\/\/www.europesays.com\/fr\/wp-content\/uploads\/2026\/01\/f7af87adc9_revolutionner-la-prise-de-notes-en-reunion-plaud-lance-son-nouvel-enregistreur-et-une-app.webp\" alt=\"R\u00e9volutionner la prise de notes en r\u00e9union\u00a0? Plaud lance son nouvel enregistreur et une app desktop\" width=\"1200\" height=\"901\" loading=\"lazy\"\/>        <\/p>\n<p>Plaud Desktop me permet de rester pleinement concentr\u00e9 sur l\u2019instant\u00a0: pendant qu\u2019il prend les notes, je peux me consacrer totalement \u00e0 la conversation, t\u00e9moigne Jeff Allen, Senior Economic Specialist.<\/p>\n<p>                                                                                                                                                        <img decoding=\"async\" src=\"https:\/\/www.europesays.com\/fr\/wp-content\/uploads\/2026\/01\/3d204e9c4e_plaud-lance-notepin-s-et-plaud-desktop-une-solution-complete-de-prise-de-notes-ia-sans-bo.webp\" alt=\"R\u00e9volutionner la prise de notes en r\u00e9union\u00a0? Plaud lance son nouvel enregistreur et une app desktop\" width=\"1200\" height=\"689\" loading=\"lazy\"\/>        <\/p>\n<p>        Qu&rsquo;en penser\u00a0? Une prise de notes pens\u00e9e pour un travail hybride<\/p>\n<p>Dans un quotidien professionnel de plus en plus fragment\u00e9 entre r\u00e9unions physiques, appels et visioconf\u00e9rences, <b>Plaud veut proposer une approche plus naturelle de la capture d\u2019information<\/b>. Le but est de pr\u00e9server le contexte, extraire des insights pertinents et transformer les \u00e9changes en donn\u00e9es exploitables, sans alourdir les outils existants.<\/p>\n<p>Cette strat\u00e9gie repose sur une combinaison mat\u00e9riel\u2013logiciel, d\u00e9j\u00e0 au c\u0153ur de l\u2019\u00e9cosyst\u00e8me Plaud, qui s\u2019enrichit aujourd\u2019hui avec deux produits compl\u00e9mentaires. Avec ces deux nouveaut\u00e9s, Plaud entend couvrir l\u2019ensemble des usages professionnels, qu\u2019ils soient en pr\u00e9sentiel, par t\u00e9l\u00e9phone ou en ligne, et entend se pr\u00e9senter comme la seule solution de prise de notes IA r\u00e9ellement transversale.<\/p>\n<p>                                                                                                                                                        <img decoding=\"async\" src=\"https:\/\/www.europesays.com\/fr\/wp-content\/uploads\/2026\/01\/919d98f4ec_revolutionner-la-prise-de-notes-en-reunion-plaud-lance-son-nouvel-enregistreur-et-une-app.webp\" alt=\"R\u00e9volutionner la prise de notes en r\u00e9union\u00a0? Plaud lance son nouvel enregistreur et une app desktop\" width=\"1200\" height=\"622\" loading=\"lazy\"\/>\n                    <\/p>\n","protected":false},"excerpt":{"rendered":"Plaud continue son chemin sur le march\u00e9 de la prise de notes assist\u00e9e par intelligence artificielle. L\u2019entreprise am\u00e9ricaine,&hellip;\n","protected":false},"author":2,"featured_media":641688,"comment_status":"","ping_status":"","sticky":false,"template":"","format":"standard","meta":{"footnotes":""},"categories":[7],"tags":[1011,27,74832,43,40,41,39,42,44],"class_list":{"0":"post-641687","1":"post","2":"type-post","3":"status-publish","4":"format-standard","5":"has-post-thumbnail","7":"category-sciences-et-technologies","8":"tag-fr","9":"tag-france","10":"tag-plaud","11":"tag-science","12":"tag-science-and-technology","13":"tag-sciences","14":"tag-sciences-et-technologies","15":"tag-technologies","16":"tag-technology"},"share_on_mastodon":{"url":"https:\/\/pubeurope.com\/@fr\/115840470929686956","error":""},"_links":{"self":[{"href":"https:\/\/www.europesays.com\/fr\/wp-json\/wp\/v2\/posts\/641687","targetHints":{"allow":["GET"]}}],"collection":[{"href":"https:\/\/www.europesays.com\/fr\/wp-json\/wp\/v2\/posts"}],"about":[{"href":"https:\/\/www.europesays.com\/fr\/wp-json\/wp\/v2\/types\/post"}],"author":[{"embeddable":true,"href":"https:\/\/www.europesays.com\/fr\/wp-json\/wp\/v2\/users\/2"}],"replies":[{"embeddable":true,"href":"https:\/\/www.europesays.com\/fr\/wp-json\/wp\/v2\/comments?post=641687"}],"version-history":[{"count":0,"href":"https:\/\/www.europesays.com\/fr\/wp-json\/wp\/v2\/posts\/641687\/revisions"}],"wp:featuredmedia":[{"embeddable":true,"href":"https:\/\/www.europesays.com\/fr\/wp-json\/wp\/v2\/media\/641688"}],"wp:attachment":[{"href":"https:\/\/www.europesays.com\/fr\/wp-json\/wp\/v2\/media?parent=641687"}],"wp:term":[{"taxonomy":"category","embeddable":true,"href":"https:\/\/www.europesays.com\/fr\/wp-json\/wp\/v2\/categories?post=641687"},{"taxonomy":"post_tag","embeddable":true,"href":"https:\/\/www.europesays.com\/fr\/wp-json\/wp\/v2\/tags?post=641687"}],"curies":[{"name":"wp","href":"https:\/\/api.w.org\/{rel}","templated":true}]}}