{"id":641691,"date":"2026-01-05T03:55:11","date_gmt":"2026-01-05T03:55:11","guid":{"rendered":"https:\/\/www.europesays.com\/fr\/641691\/"},"modified":"2026-01-05T03:55:11","modified_gmt":"2026-01-05T03:55:11","slug":"eva-schloss-demi-soeur-danne-frank-et-survivante-dauschwitz-est-morte","status":"publish","type":"post","link":"https:\/\/www.europesays.com\/fr\/641691\/","title":{"rendered":"Eva Schloss, demi-s\u0153ur d\u2019Anne Frank et survivante d\u2019Auschwitz, est morte"},"content":{"rendered":"<p>                      <img loading=\"lazy\" decoding=\"async\" src=\"https:\/\/www.europesays.com\/fr\/wp-content\/uploads\/2026\/01\/b52041e_ftp-1-9rixjwskazvt-5801976-01-06.jpg\" alt=\"Eva Schloss lors d\u2019une r\u00e9ception organis\u00e9e \u00e0 l\u2019occasion de la journ\u00e9e de comm\u00e9moration de la Shoah et du 75\u1d49\u00a0anniversaire de la publication du journal d\u2019Anne Frank, \u00e0 Londres, le 20\u00a0janvier\u00a02022.\"   width=\"664\" height=\"443\"\/>    Eva Schloss lors d\u2019une r\u00e9ception organis\u00e9e \u00e0 l\u2019occasion de la journ\u00e9e de comm\u00e9moration de la Shoah et du 75\u1d49\u00a0anniversaire de la publication du journal d\u2019Anne Frank, \u00e0 Londres, le 20\u00a0janvier\u00a02022.  CHRIS JACKSON\/AFP                    <\/p>\n<p class=\"article__paragraph  \">Survivante de la Shoah, Eva Schloss a \u0153uvr\u00e9 toute sa vie \u00e0 transmettre sa m\u00e9moire et sensibiliser le public, notamment les jeunes. La demi-s\u0153ur par alliance d\u2019Anne Frank est morte, samedi 3\u00a0janvier, \u00e0 Londres \u00e0 l\u2019\u00e2ge de 96\u00a0ans,<a href=\"https:\/\/www.annefrank.org.uk\/news\/anne-frank-trust-mourns-eva-schloss-mbe-holocaust-survivor-and-honorary-president\" target=\"_blank\" rel=\"noopener\" title=\"Nouvelle fen\u00eatre\"> a annonc\u00e9 sa fondation dans un communiqu\u00e9<\/a>.<\/p>\n<p class=\"article__paragraph  \">Sa famille a fait part, dimanche, de sa \u00ab\u00a0grande tristesse\u00a0\u00bb apr\u00e8s la perte de cette \u00ab\u00a0femme remarquable, survivante du camp d\u2019Auschwitz, \u00e9ducatrice d\u00e9vou\u00e9e de la Shoah, infatigable dans son travail pour la m\u00e9moire, la compr\u00e9hension et la paix\u00a0\u00bb.<\/p>\n<p class=\"article__paragraph  \">Le roi Charles III, qui avait dans\u00e9 avec cette rescap\u00e9e lors d\u2019un \u00e9v\u00e9nement \u00e0 Londres en\u00a02022, et son \u00e9pouse Camilla, marraine de sa fondation Anne Frank UK, se sont dit \u00ab\u00a0profond\u00e9ment attrist\u00e9s\u00a0\u00bb. \u00ab\u00a0Nous avons eu le privil\u00e8ge et la fiert\u00e9 de l\u2019avoir connue, et nous l\u2019admirions profond\u00e9ment\u00a0\u00bb, a salu\u00e9 le couple royal, sur\u00a0X.<\/p>\n<p>                                 Lire aussi |  <a href=\"https:\/\/www.lemonde.fr\/europe\/article\/2009\/10\/08\/la-parole-liberee-d-eva-schloss_1251090_3214.html\" class=\"js-article-read-also catcher--favoris__link\" data-premium=\"\" id=\"article-title-616362\" target=\"_blank\" rel=\"noopener\">La parole lib\u00e9r\u00e9e d&rsquo;Eva Schloss<\/a>    <\/p>\n<p>   Lire plus tard  <\/p>\n<p class=\"article__paragraph  \">Eva Schloss a cofond\u00e9 cette organisation en\u00a01990 pour transmettre la m\u00e9moire de la Shoah aupr\u00e8s des jeunes et lutter contre les pr\u00e9jug\u00e9s. Elle a \u00e9crit plusieurs livres et racont\u00e9 son exp\u00e9rience dans le monde entier. \u00ab\u00a0Nous devons vivre ensemble malgr\u00e9 nos diff\u00e9rences. Le seul moyen d\u2019y parvenir est l\u2019\u00e9ducation, et plus on commence t\u00f4t, mieux c\u2019est\u00a0\u00bb, d\u00e9clarait-elle en\u00a02024.<\/p>\n<p>              D\u2019abord voisine et copine d\u2019Anne Frank              <\/p>\n<p class=\"article__paragraph  \">N\u00e9e Eva Geiringer en Autriche en\u00a01929, elle \u00e9tait enfant lors de l\u2019invasion de son pays par les nazis. Sa famille juive a d\u2019abord fui en Belgique puis \u00e0 Amsterdam, aux Pays-Bas, o\u00f9 elle s\u2019est install\u00e9e en face de la maison d\u2019Anne Frank, qui deviendra mondialement c\u00e9l\u00e8bre apr\u00e8s sa mort gr\u00e2ce \u00e0 son journal.<\/p>\n<p>                                 Lire le d\u00e9cryptage :  Article r\u00e9serv\u00e9 \u00e0 nos abonn\u00e9s  <a href=\"https:\/\/www.lemonde.fr\/international\/article\/2022\/01\/18\/derriere-les-revelations-sur-le-denonciateur-de-la-famille-d-anne-frank-six-ans-d-enquete_6109865_3210.html\" class=\"js-article-read-also catcher--favoris__link\" data-premium=\"1\" id=\"article-title-3256165\" target=\"_blank\" rel=\"noopener\">Anne Frank\u00a0: derri\u00e8re les r\u00e9v\u00e9lations sur le d\u00e9nonciateur de sa famille, six ans d\u2019enqu\u00eate<\/a>    <\/p>\n<p>   Lire plus tard  <\/p>\n<p class=\"article__paragraph  \">Les deux fillettes ont le m\u00eame \u00e2ge et jouent souvent ensemble. Mais \u00e0 partir de 1942, leurs deux familles doivent se cacher pour \u00e9chapper aux rafles. Eva et sa m\u00e8re Elfriede, son p\u00e8re Erich et son fr\u00e8re Heinz sont trahis deux ans plus tard par un sympathisant nazi. Ils sont arr\u00eat\u00e9s le jour de son quinzi\u00e8me anniversaire et envoy\u00e9s au camp d\u2019extermination d\u2019Auschwitz en mai\u00a01944. Eva, qui a pu rester en contact avec sa m\u00e8re, a \u00e9t\u00e9 s\u00e9par\u00e9e de son p\u00e8re et son fr\u00e8re, qui sont tous les deux morts en captivit\u00e9.<\/p>\n<p class=\"article__paragraph  \">Peu apr\u00e8s leur lib\u00e9ration en\u00a01945, la jeune fille s\u2019installe \u00e0 Londres pour faire ses \u00e9tudes, et rencontre son futur \u00e9poux Zvi Schloss. Sa m\u00e8re, qui rentre \u00e0 Amsterdam, se marie avec le p\u00e8re d\u2019Anne Frank, Otto, lui aussi veuf \u00e0 son retour d\u2019Auschwitz.<\/p>\n<p class=\"article__paragraph  \">Le couple Schloss, qui a eu trois filles, avait obtenu la nationalit\u00e9 britannique. Eva Schloss avait \u00e9galement recouvr\u00e9 sa nationalit\u00e9 autrichienne en\u00a02021, \u00e0 l\u2019\u00e2ge de 92\u00a0ans. Elle avait \u00e9t\u00e9 faite membre de l\u2019ordre de l\u2019Empire britannique par le roi en\u00a02013, lorsqu\u2019il \u00e9tait prince de Galles.<\/p>\n<p>                                 Lire aussi l\u2019\u00e9ditorial |  <a href=\"https:\/\/www.lemonde.fr\/idees\/article\/2025\/01\/27\/auschwitz-un-avertissement-pour-l-espece-humaine_6517958_3232.html\" class=\"js-article-read-also catcher--favoris__link\" data-premium=\"\" id=\"article-title-3407242\" target=\"_blank\" rel=\"noopener\">Auschwitz, un avertissement pour l\u2019esp\u00e8ce humaine<\/a>    <\/p>\n<p>   Lire plus tard  <\/p>\n<p class=\"author__detail\">  Le Monde avec AFP  <\/p>\n<p>                <a href=\"https:\/\/www.lemonde.fr\/syndication\/\" class=\"reuse__content\" title=\"R\u00e9utiliser ce contenu\" target=\"_blank\" rel=\"noopener\">R\u00e9utiliser ce contenu<\/a>      <\/p>\n","protected":false},"excerpt":{"rendered":"Eva Schloss lors d\u2019une r\u00e9ception organis\u00e9e \u00e0 l\u2019occasion de la journ\u00e9e de comm\u00e9moration de la Shoah et du&hellip;\n","protected":false},"author":2,"featured_media":641692,"comment_status":"","ping_status":"","sticky":false,"template":"","format":"standard","meta":{"footnotes":""},"categories":[5],"tags":[11,1011,27,14,12,28],"class_list":{"0":"post-641691","1":"post","2":"type-post","3":"status-publish","4":"format-standard","5":"has-post-thumbnail","7":"category-international","8":"tag-actualites","9":"tag-fr","10":"tag-france","11":"tag-international","12":"tag-news","13":"tag-world"},"share_on_mastodon":{"url":"https:\/\/pubeurope.com\/@fr\/115840478311051054","error":""},"_links":{"self":[{"href":"https:\/\/www.europesays.com\/fr\/wp-json\/wp\/v2\/posts\/641691","targetHints":{"allow":["GET"]}}],"collection":[{"href":"https:\/\/www.europesays.com\/fr\/wp-json\/wp\/v2\/posts"}],"about":[{"href":"https:\/\/www.europesays.com\/fr\/wp-json\/wp\/v2\/types\/post"}],"author":[{"embeddable":true,"href":"https:\/\/www.europesays.com\/fr\/wp-json\/wp\/v2\/users\/2"}],"replies":[{"embeddable":true,"href":"https:\/\/www.europesays.com\/fr\/wp-json\/wp\/v2\/comments?post=641691"}],"version-history":[{"count":0,"href":"https:\/\/www.europesays.com\/fr\/wp-json\/wp\/v2\/posts\/641691\/revisions"}],"wp:featuredmedia":[{"embeddable":true,"href":"https:\/\/www.europesays.com\/fr\/wp-json\/wp\/v2\/media\/641692"}],"wp:attachment":[{"href":"https:\/\/www.europesays.com\/fr\/wp-json\/wp\/v2\/media?parent=641691"}],"wp:term":[{"taxonomy":"category","embeddable":true,"href":"https:\/\/www.europesays.com\/fr\/wp-json\/wp\/v2\/categories?post=641691"},{"taxonomy":"post_tag","embeddable":true,"href":"https:\/\/www.europesays.com\/fr\/wp-json\/wp\/v2\/tags?post=641691"}],"curies":[{"name":"wp","href":"https:\/\/api.w.org\/{rel}","templated":true}]}}