{"id":641699,"date":"2026-01-05T04:05:20","date_gmt":"2026-01-05T04:05:20","guid":{"rendered":"https:\/\/www.europesays.com\/fr\/641699\/"},"modified":"2026-01-05T04:05:20","modified_gmt":"2026-01-05T04:05:20","slug":"top-14-le-stade-rochelais-bat-toulon-66-a-0-et-se-rapproche-du-top-6","status":"publish","type":"post","link":"https:\/\/www.europesays.com\/fr\/641699\/","title":{"rendered":"Top 14 : le Stade Rochelais bat Toulon 66 \u00e0 0 et se rapproche du Top 6"},"content":{"rendered":"<p>Top 14 : le Stade Rochelais signe le bonus offensif face \u00e0 Toulon en s&rsquo;imposant 66 \u00e0 0. Le RCT sans de nombreux cadres n&rsquo;a pas tenu la distance face aux maritimes.<\/p>\n<p>Apr\u00e8s\u00a0<a class=\"IciLink ici-link IciArticleLink g-ici-body-regular-1 underline brand svelte-1chfe2s\" href=\"https:\/\/www.francebleu.fr\/sports\/rugby\/en-direct-top-14-suivez-toulouse-la-rochelle-sur-ici-la-rochelle-5173242\" target=\"_blank\" rel=\"noopener\">un revers 60 \u00e0 14<\/a>\u00a0\u00e0 Toulouse dimanche dernier, le Stade Rochelais voulait retrouver le bon chemin en ce d\u00e9but d&rsquo;ann\u00e9e en recevant Toulon. Le RCT qui voyageait sans 19 de ses joueurs habituels, bless\u00e9s ou en vacances avait align\u00e9 une ossature de jeunes joueurs. Cette jeunesse l\u00e0 n&rsquo;a pas tenu la distance face \u00e0 une \u00e9quipe de La Rochelle qui se devait de r\u00e9agir. <strong>En inscrivant 10 essais, le Stade Rochelais prend le bonus offensif<\/strong> et se rapproche du Top 6, \u00e0 la 7\u00e8 place, \u00e0 deux points de Montpellier.<\/p>\n<p> Pas d&rsquo;immenses certitudes avant d&rsquo;aller jouer le Leinster \u00e0 Dublin<\/p>\n<p>Une prestation qui replace La Rochelle dans la course aux phases finales, mais qui dans le contenu ne donnera pas d&rsquo;immenses certitudes \u00e0 quelques jours d&rsquo;un match intense \u00e0 Dublin samedi face au Leinster en Champions Cup. Une autre comp\u00e9tition, <strong>\u00e0 l&rsquo;Aviva Stadium, stade o\u00f9 La Rochelle s&rsquo;est impos\u00e9 en finale de la Champions Cup en 2023<\/strong> face \u00e0 ce m\u00eame Leinster.<\/p>\n<p><strong>Nolann Le Garrec\u00a0:<\/strong> \u00ab\u00a0C&rsquo;est un mois de janvier intense. Samedi prochain, on va au Leinster, l\u00e0 cette victoire bonifi\u00e9e face \u00e0 Toulon, m\u00eame rajeunit, on prend. On a respect\u00e9 cette jeune \u00e9quipe. L&rsquo;ambiance au stade \u00e9tait folle, je suis venu ici pour ce genre de moment l\u00e0.\u00a0\u00bb<\/p>\n<p><strong>R\u00e9my Tal\u00e8s, entra\u00eeneur adjoint du Stade Rochelais<\/strong> :\u00a0\u00bb Dans ce championnat tr\u00e8s \u00e9lev\u00e9, quand une \u00e9quipe adverse arrive sans ses cadres, cela donne ce type de r\u00e9sultat. On s&rsquo;est pris aussi un gros score \u00e0 Toulouse la semaine derni\u00e8re. L\u00e0 on recolle au classement, c&rsquo;est la bonne op\u00e9ration ce soir. On va devoir se tourner rapidement vers le d\u00e9placement \u00e0 Dublin face au Leinster.\u00a0\u00bb<\/p>\n<p>loading<\/p>\n<p>loading<\/p>\n<p>loading<\/p>\n","protected":false},"excerpt":{"rendered":"Top 14 : le Stade Rochelais signe le bonus offensif face \u00e0 Toulon en s&rsquo;imposant 66 \u00e0 0.&hellip;\n","protected":false},"author":2,"featured_media":641700,"comment_status":"","ping_status":"","sticky":false,"template":"","format":"standard","meta":{"footnotes":""},"categories":[9619],"tags":[1111,11,1777,674,1011,27,12,882,25,2310],"class_list":{"0":"post-641699","1":"post","2":"type-post","3":"status-publish","4":"format-standard","5":"has-post-thumbnail","7":"category-toulon","8":"tag-actu","9":"tag-actualites","10":"tag-eu","11":"tag-europe","12":"tag-fr","13":"tag-france","14":"tag-news","15":"tag-provence-alpes-cote-dazur","16":"tag-republique-francaise","17":"tag-toulon"},"share_on_mastodon":{"url":"https:\/\/pubeurope.com\/@fr\/115840517551670274","error":""},"_links":{"self":[{"href":"https:\/\/www.europesays.com\/fr\/wp-json\/wp\/v2\/posts\/641699","targetHints":{"allow":["GET"]}}],"collection":[{"href":"https:\/\/www.europesays.com\/fr\/wp-json\/wp\/v2\/posts"}],"about":[{"href":"https:\/\/www.europesays.com\/fr\/wp-json\/wp\/v2\/types\/post"}],"author":[{"embeddable":true,"href":"https:\/\/www.europesays.com\/fr\/wp-json\/wp\/v2\/users\/2"}],"replies":[{"embeddable":true,"href":"https:\/\/www.europesays.com\/fr\/wp-json\/wp\/v2\/comments?post=641699"}],"version-history":[{"count":0,"href":"https:\/\/www.europesays.com\/fr\/wp-json\/wp\/v2\/posts\/641699\/revisions"}],"wp:featuredmedia":[{"embeddable":true,"href":"https:\/\/www.europesays.com\/fr\/wp-json\/wp\/v2\/media\/641700"}],"wp:attachment":[{"href":"https:\/\/www.europesays.com\/fr\/wp-json\/wp\/v2\/media?parent=641699"}],"wp:term":[{"taxonomy":"category","embeddable":true,"href":"https:\/\/www.europesays.com\/fr\/wp-json\/wp\/v2\/categories?post=641699"},{"taxonomy":"post_tag","embeddable":true,"href":"https:\/\/www.europesays.com\/fr\/wp-json\/wp\/v2\/tags?post=641699"}],"curies":[{"name":"wp","href":"https:\/\/api.w.org\/{rel}","templated":true}]}}