{"id":641703,"date":"2026-01-05T04:12:41","date_gmt":"2026-01-05T04:12:41","guid":{"rendered":"https:\/\/www.europesays.com\/fr\/641703\/"},"modified":"2026-01-05T04:12:41","modified_gmt":"2026-01-05T04:12:41","slug":"hockey-sur-glace-ligue-magnus-suspendu-en-interne-depuis-deux-rencontres-pour-un-comportement-inapproprie-alexis-binner-quitte-les-bruleurs-de-loups","status":"publish","type":"post","link":"https:\/\/www.europesays.com\/fr\/641703\/","title":{"rendered":"Hockey sur glace &#8211; Ligue Magnus. Suspendu en interne depuis deux rencontres pour un comportement inappropri\u00e9, Alexis Binner quitte les Br\u00fbleurs de loups"},"content":{"rendered":"<p>Alexis Binner ne sera pas sur la glace de Brian\u00e7on ce dimanche et il ne portera plus du tout les couleurs des Br\u00fbleurs de loups. Le d\u00e9fenseur su\u00e9dois (27 ans) quitte le club grenoblois, avec qui il a remport\u00e9 le championnat de France en 2025, en pleine saison. Il va s\u2019engager en Finlande dans les tout prochains jours.<\/p>\n<p>Comment en est-on arriv\u00e9 l\u00e0\u00a0? Le Su\u00e9dois, homme de confiance la saison derni\u00e8re du duo Hanberg-Terglav et tr\u00e8s appr\u00e9ci\u00e9 par les supporters des Br\u00fbleurs de loups, avait d\u00e9cid\u00e9 de prolonger l\u2019aventure pendant l\u2019\u00e9t\u00e9 avec Grenoble, malgr\u00e9 la concurrence de plusieurs clubs, notamment Bordeaux, pour l\u2019engager.<\/p>\n<p><strong>&gt;&gt;\u00a0<\/strong><a href=\"https:\/\/www.ledauphine.com\/sport\/calendrier-resultats\/hockey-sur-glace\/national-ligue-magnus\" target=\"_blank\" rel=\"noopener\"><strong>Les r\u00e9sultats, le classement et le calendrier de Ligue Magnus<\/strong><\/a><\/p>\n<p>  Il va rebondir en Finlande<\/p>\n<p>Depuis quelques semaines, des tensions sont apparues en interne entre le Scandinave, ses co\u00e9quipiers et la direction. Suspendu depuis la reprise en raison d\u2019un comportement inappropri\u00e9, le joueur n\u2019\u00e9tait du d\u00e9placement \u00e0 Anglet et il n\u2019\u00e9tait pas align\u00e9 contre Rouen vendredi soir, alors que le secteur d\u00e9fensif de Grenoble est affaibli entre les malades et le suspendu Pierre Crinon.<\/p>\n<p>Les jeunes du centre de formation grenoblois ont \u00e9t\u00e9 appel\u00e9s pour le choc face aux Dragons, <a href=\"https:\/\/www.ledauphine.com\/sport\/2026\/01\/03\/le-marathon-des-bruleurs-de-loups\" target=\"_blank\" rel=\"noopener\">remport\u00e9 par les Grenoblois (5-1)<\/a>.<\/p>\n<p>Les choses se sont acc\u00e9l\u00e9r\u00e9es en interne et <a href=\"https:\/\/www.ledauphine.com\/sport\/2024\/10\/24\/meilleur-buteur-grenoblois-reclame-par-l-entraineur-qui-est-alexis-binner-le-suedois-tout-feu-tout-flamme\" target=\"_blank\" rel=\"noopener\"> le d\u00e9part de Binner<\/a> est maintenant act\u00e9. Le joueur a m\u00eame quitt\u00e9 la France pour prendre la direction de la Finlande pour poser ses patins dans une \u00e9quipe de Liiga, l\u2019\u00e9lite du championnat finnois. Alexis Binner devrait s\u2019engager avec l\u2019\u00e9quipe de Turku, actuel 10e\u00a0 de la ligue. Grenoble recherche activement un nouveau d\u00e9fenseur pour le remplacer.<\/p>\n","protected":false},"excerpt":{"rendered":"Alexis Binner ne sera pas sur la glace de Brian\u00e7on ce dimanche et il ne portera plus du&hellip;\n","protected":false},"author":2,"featured_media":641704,"comment_status":"","ping_status":"","sticky":false,"template":"","format":"standard","meta":{"footnotes":""},"categories":[9566],"tags":[1111,11,2430,112,113,114,1777,674,1701,1795,1011,27,2731,2732,4133,10145,108,10146,12,25,517,1947],"class_list":{"0":"post-641703","1":"post","2":"type-post","3":"status-publish","4":"format-standard","5":"has-post-thumbnail","7":"category-grenoble","8":"tag-actu","9":"tag-actualites","10":"tag-auvergne-rhone-alpes","11":"tag-edition-grenoble-agglomeration","12":"tag-edition-gresivaudan-oisans","13":"tag-edition-voiron-saint-marcellin","14":"tag-eu","15":"tag-europe","16":"tag-fil-info-sport","17":"tag-fil-web","18":"tag-fr","19":"tag-france","20":"tag-grenoble","21":"tag-grenoble-bassin","22":"tag-hockey-sur-glace","23":"tag-hockey-sur-glace-grenoble","24":"tag-isere","25":"tag-ligue-magnus-hockey-sur-glace","26":"tag-news","27":"tag-republique-francaise","28":"tag-sport","29":"tag-sport-national"},"share_on_mastodon":{"url":"https:\/\/pubeurope.com\/@fr\/115840545086476625","error":""},"_links":{"self":[{"href":"https:\/\/www.europesays.com\/fr\/wp-json\/wp\/v2\/posts\/641703","targetHints":{"allow":["GET"]}}],"collection":[{"href":"https:\/\/www.europesays.com\/fr\/wp-json\/wp\/v2\/posts"}],"about":[{"href":"https:\/\/www.europesays.com\/fr\/wp-json\/wp\/v2\/types\/post"}],"author":[{"embeddable":true,"href":"https:\/\/www.europesays.com\/fr\/wp-json\/wp\/v2\/users\/2"}],"replies":[{"embeddable":true,"href":"https:\/\/www.europesays.com\/fr\/wp-json\/wp\/v2\/comments?post=641703"}],"version-history":[{"count":0,"href":"https:\/\/www.europesays.com\/fr\/wp-json\/wp\/v2\/posts\/641703\/revisions"}],"wp:featuredmedia":[{"embeddable":true,"href":"https:\/\/www.europesays.com\/fr\/wp-json\/wp\/v2\/media\/641704"}],"wp:attachment":[{"href":"https:\/\/www.europesays.com\/fr\/wp-json\/wp\/v2\/media?parent=641703"}],"wp:term":[{"taxonomy":"category","embeddable":true,"href":"https:\/\/www.europesays.com\/fr\/wp-json\/wp\/v2\/categories?post=641703"},{"taxonomy":"post_tag","embeddable":true,"href":"https:\/\/www.europesays.com\/fr\/wp-json\/wp\/v2\/tags?post=641703"}],"curies":[{"name":"wp","href":"https:\/\/api.w.org\/{rel}","templated":true}]}}