{"id":641705,"date":"2026-01-05T04:14:40","date_gmt":"2026-01-05T04:14:40","guid":{"rendered":"https:\/\/www.europesays.com\/fr\/641705\/"},"modified":"2026-01-05T04:14:40","modified_gmt":"2026-01-05T04:14:40","slug":"rennes-beye-fustige-letang-et-defend-larbitrage-sports","status":"publish","type":"post","link":"https:\/\/www.europesays.com\/fr\/641705\/","title":{"rendered":"Rennes\u00a0: Beye fustige L\u00e9tang et d\u00e9fend l&rsquo;arbitrage : Sports"},"content":{"rendered":"<p class=\"date\">\n                                                            Jean Canesse, Media365, publi\u00e9 le dimanche 04 janvier 2026 \u00e0 08h42\n                                                    <\/p>\n<p>Vainqueur avec Rennes \u00e0 Lille samedi soir (0-2), dans un contexte \u00ab\u00a0\u00e9lectrique\u00a0\u00bb, Habib Beye n&rsquo;a pas du tout appr\u00e9ci\u00e9 l&rsquo;ire des dirigeants lillois. Et il l&rsquo;a fait savoir.<\/p>\n<p>Tout est parti d&rsquo;un acte de triche d&rsquo;Alexsandro, tr\u00e8s t\u00f4t dans le match, auteur d&rsquo;une faute volontaire pour emp\u00eacher Breel Embolo d&rsquo;entrer dans la surface. Le stoppeur lillois a r\u00e9colt\u00e9 un carton rouge direct, avec l&rsquo;appr\u00e9ciation qu&rsquo;il annihilait une occasion de but, et les responsables du Losc ont exprim\u00e9 une col\u00e8re noire \u00e0 la mi-temps envers Eric Wattellier. Pr\u00e9sent en conf\u00e9rence de presse apr\u00e8s le match, Habib Beye a vertement critiqu\u00e9 l&rsquo;attitude du pr\u00e9sident Olivier L\u00e9tang.<\/p>\n<p>\u00ab\u00a0On est rest\u00e9 calme, dans un contexte qui \u00e9tait un peu \u00e9lectrique. Les dirigeants lillois et de temps en temps, le pr\u00e9sident lillois, un peu \u00e0 son habitude, a tent\u00e9 de cr\u00e9er un contexte. Cela ne devrait plus jamais arriver en football, a d\u00e9nonc\u00e9 l&rsquo;entra\u00eeneur rennais devant les journalistes. Je le dis ici \u00e0 Lille mais si demain c&rsquo;\u00e9tait les dirigeants du Stade Rennais je dirais la m\u00eame chose. Il faut comprendre qu&rsquo;il faut aider aujourd&rsquo;hui les acteurs du jeu, qu&rsquo;ils soient footballeurs ou arbitres, et ce type de pression qu&rsquo;on peut avoir \u00e0 la mi-temps d\u00e9stabilise tout un contexte.\u00a0\u00bb<\/p>\n<p>\u00ab\u00a0Nos arbitres n&rsquo;ont pas besoin de \u00e7a\u00a0\u00bb<\/p>\n<p>Relanc\u00e9 plus tard lors de cette conf\u00e9rence, notamment au sujet de la pr\u00e9sence des pr\u00e9sidents dans les couloirs menant aux vestiaires ou en bord terrain, Beye a appuy\u00e9 son propos. \u00ab\u00a0Le terrain appartient aux acteurs du terrain, donc il devrait appartenir aux joueurs, au staff et \u00e0 personne d&rsquo;autre et pas dans une logique de mettre la pression \u00e0 qui que ce soit, a-t-il soulign\u00e9. Je ne suis pas celui qui va vous dire que \u00e7a n&rsquo;arrive pas ailleurs mais en tout cas c&rsquo;\u00e9tait encore le cas ce soir (pour Olivier L\u00e9tang, ndlr) et je trouve que ce n&rsquo;est pas forc\u00e9ment une belle image pour notre football. Nos arbitres n&rsquo;ont pas besoin de \u00e7a. Ils ont besoin d&rsquo;\u00eatre soutenus.\u00a0\u00bb<\/p>\n<p>Habib Beye, tr\u00e8s critique envers le pr\u00e9sident du Losc, n&rsquo;a toutefois pas voulu se d\u00e9marquer de son corps de m\u00e9tier, celui des entra\u00eeneurs. \u00ab\u00a0Je suis le premier \u00e0 me plaindre quand il y a de mauvaises d\u00e9cisions, on le fait tous donc je ne suis pas diff\u00e9rent d&rsquo;un autre entra\u00eeneur. Attention, je ne suis pas en train de vous dire que, moi, je ne fais pas \u00e7a, dit-il, avant de nuancer. On a tous nos frustrations mais quand on les a, il faut savoir reconna\u00eetre que \u00e7a ne sert pas notre contexte et \u00e7a ne sert pas la rencontre, de toute fa\u00e7on.\u00a0\u00bb Une rencontre face \u00e0 un concurrent direct que Lille a perdue samedi soir, marquant un coup d&rsquo;arr\u00eat dans la course \u00e0 la Ligue des champions.<\/p>\n","protected":false},"excerpt":{"rendered":"Jean Canesse, Media365, publi\u00e9 le dimanche 04 janvier 2026 \u00e0 08h42 Vainqueur avec Rennes \u00e0 Lille samedi soir&hellip;\n","protected":false},"author":2,"featured_media":641706,"comment_status":"","ping_status":"","sticky":false,"template":"","format":"standard","meta":{"footnotes":""},"categories":[2821],"tags":[1111,11,829,1777,674,1011,27,12,584,25],"class_list":{"0":"post-641705","1":"post","2":"type-post","3":"status-publish","4":"format-standard","5":"has-post-thumbnail","7":"category-rennes","8":"tag-actu","9":"tag-actualites","10":"tag-bretagne","11":"tag-eu","12":"tag-europe","13":"tag-fr","14":"tag-france","15":"tag-news","16":"tag-rennes","17":"tag-republique-francaise"},"share_on_mastodon":{"url":"https:\/\/pubeurope.com\/@fr\/115840552980711929","error":""},"_links":{"self":[{"href":"https:\/\/www.europesays.com\/fr\/wp-json\/wp\/v2\/posts\/641705","targetHints":{"allow":["GET"]}}],"collection":[{"href":"https:\/\/www.europesays.com\/fr\/wp-json\/wp\/v2\/posts"}],"about":[{"href":"https:\/\/www.europesays.com\/fr\/wp-json\/wp\/v2\/types\/post"}],"author":[{"embeddable":true,"href":"https:\/\/www.europesays.com\/fr\/wp-json\/wp\/v2\/users\/2"}],"replies":[{"embeddable":true,"href":"https:\/\/www.europesays.com\/fr\/wp-json\/wp\/v2\/comments?post=641705"}],"version-history":[{"count":0,"href":"https:\/\/www.europesays.com\/fr\/wp-json\/wp\/v2\/posts\/641705\/revisions"}],"wp:featuredmedia":[{"embeddable":true,"href":"https:\/\/www.europesays.com\/fr\/wp-json\/wp\/v2\/media\/641706"}],"wp:attachment":[{"href":"https:\/\/www.europesays.com\/fr\/wp-json\/wp\/v2\/media?parent=641705"}],"wp:term":[{"taxonomy":"category","embeddable":true,"href":"https:\/\/www.europesays.com\/fr\/wp-json\/wp\/v2\/categories?post=641705"},{"taxonomy":"post_tag","embeddable":true,"href":"https:\/\/www.europesays.com\/fr\/wp-json\/wp\/v2\/tags?post=641705"}],"curies":[{"name":"wp","href":"https:\/\/api.w.org\/{rel}","templated":true}]}}