{"id":641713,"date":"2026-01-05T04:22:24","date_gmt":"2026-01-05T04:22:24","guid":{"rendered":"https:\/\/www.europesays.com\/fr\/641713\/"},"modified":"2026-01-05T04:22:24","modified_gmt":"2026-01-05T04:22:24","slug":"plus-lumineuse-que-nantes-moins-chere-que-bordeaux-cette-ville-de-louest-devient-incontournable","status":"publish","type":"post","link":"https:\/\/www.europesays.com\/fr\/641713\/","title":{"rendered":"Plus lumineuse que Nantes, moins ch\u00e8re que Bordeaux : cette ville de l\u2019Ouest devient incontournable"},"content":{"rendered":"<p>Je me souviens encore de ma premi\u00e8re visite \u00e0 <strong>La Rochelle<\/strong>, quand les rayons du soleil ont illumin\u00e9 les pierres blanches du Vieux-Port. Cette cit\u00e9 maritime m\u2019a imm\u00e9diatement conquise par son atmosph\u00e8re unique, o\u00f9 l\u2019oc\u00e9an dialogue constamment avec l\u2019architecture.<\/p>\n<p>Un ensoleillement exceptionnel au c\u0153ur de la Charente-Maritime<\/p>\n<p>Lorsque j\u2019ai consult\u00e9 les <strong>statistiques m\u00e9t\u00e9orologiques<\/strong>, j\u2019ai d\u00e9couvert que La Rochelle b\u00e9n\u00e9ficie de pr\u00e8s de 2300 heures de soleil par an. Ce chiffre d\u00e9passe largement celui de Nantes, situ\u00e9e plus au nord. En fl\u00e2nant sur le quai Duperr\u00e9, j\u2019observe comment cette luminosit\u00e9 particuli\u00e8re transforme les fa\u00e7ades blanches en v\u00e9ritables miroirs naturels.<\/p>\n<p>\n&gt;<\/p>\n<p>Les arcades m\u00e9di\u00e9vales du centre-ville cr\u00e9ent un jeu d\u2019ombres et de lumi\u00e8res captivant tout au long de la journ\u00e9e. Je vous recommande particuli\u00e8rement la fin d\u2019apr\u00e8s-midi, quand les tours m\u00e9di\u00e9vales se parent d\u2019or et que l\u2019atmosph\u00e8re devient presque irr\u00e9elle. Cette configuration g\u00e9ographique, entre \u00eele de R\u00e9 et continent, offre un <strong>microclimat privil\u00e9gi\u00e9<\/strong> que j\u2019appr\u00e9cie \u00e0 chaque s\u00e9jour.<\/p>\n<p>Voici mes moments pr\u00e9f\u00e9r\u00e9s pour profiter de cette luminosit\u00e9 exceptionnelle :<\/p>\n<ul>\n<li>Les matin\u00e9es sur le march\u00e9 du Vieux-Port, quand la lumi\u00e8re rasante sublime les \u00e9tals color\u00e9s<\/li>\n<li>Les promenades vesp\u00e9rales le long de la digue Richelieu, face aux reflets dor\u00e9s<\/li>\n<li>Les pauses caf\u00e9 en terrasse rue Saint-Jean-du-P\u00e9rot, baign\u00e9es de soleil d\u00e8s 10 heures<\/li>\n<\/ul>\n<p>Un budget ma\u00eetris\u00e9 pour d\u00e9couvrir une destination authentique<\/p>\n<p>J\u2019ai toujours \u00e9t\u00e9 sensible au <strong>rapport qualit\u00e9-prix<\/strong> d\u2019une destination, et La Rochelle excelle dans ce domaine. Lors de mon dernier p\u00e9riple, j\u2019ai compar\u00e9 les tarifs avec Bordeaux : l\u2019\u00e9cart m\u2019a surprise favorablement. Un repas dans une brasserie traditionnelle vous co\u00fbtera entre 15 et 25 euros, contre 25 \u00e0 35 euros dans la capitale girondine.<\/p>\n<p>Les h\u00e9bergements offrent \u00e9galement une accessibilit\u00e9 financi\u00e8re remarquable. J\u2019ai s\u00e9journ\u00e9 dans une charmante maison d\u2019h\u00f4tes \u00e0 deux pas des tours, pour un budget nettement inf\u00e9rieur \u00e0 ce que j\u2019aurais d\u00e9pens\u00e9 ailleurs. Cette \u00e9conomie me permet de prolonger mon s\u00e9jour et d\u2019chercher davantage les environs, comme je l\u2019explique dans mon article sur <a href=\"https:\/\/www.carredinfo.fr\/voyage\/plus-elegante-que-bordeaux-moins-chere-que-rochelle-ville-portuaire-vaut-vraiment-detour\/\" target=\"_blank\" rel=\"noopener\">cette destination portuaire qui vaut vraiment le d\u00e9tour<\/a>.<\/p>\n<tr>\nPoste de d\u00e9pense<br \/>\nLa Rochelle<br \/>\nBordeaux<br \/>\n<\/tr>\n<tr>\n<td>Nuit en h\u00f4tel 3 \u00e9toiles<\/td>\n<td>75-95\u20ac<\/td>\n<td>110-140\u20ac<\/td>\n<\/tr>\n<tr>\n<td>Repas restaurant<\/td>\n<td>20\u20ac<\/td>\n<td>30\u20ac<\/td>\n<\/tr>\n<tr>\n<td>Location v\u00e9lo journ\u00e9e<\/td>\n<td>12\u20ac<\/td>\n<td>18\u20ac<\/td>\n<\/tr>\n<p><img loading=\"lazy\" width=\"1200\" height=\"800\" decoding=\"async\" src=\"data:image\/svg+xml,%3Csvg%20xmlns=\" http:=\"\" alt=\"Plus lumineuse que Nantes, moins ch\u00e8re que Bordeaux : cette ville de l\u2019Ouest devient incontournable\" data-lazy-src=\"https:\/\/www.europesays.com\/fr\/wp-content\/uploads\/2026\/01\/ville_ouest_lumineuse_abordable_7249.jpg\"\/><\/p>\n<p>Une richesse patrimoniale et maritime incomparable<\/p>\n<p>Je ne me lasse jamais d\u2019arpenter les ruelles pav\u00e9es du <strong>quartier historique<\/strong>. Les galeries couvertes abritent boutiques d\u2019artisans et restaurants de fruits de mer, o\u00f9 je d\u00e9guste r\u00e9guli\u00e8rement des hu\u00eetres fra\u00eechement p\u00each\u00e9es. L\u2019histoire maritime transpire \u00e0 chaque coin de rue, depuis les trois tours embl\u00e9matiques jusqu\u2019aux bateaux traditionnels amarr\u00e9s au bassin des Chalutiers.<\/p>\n<p>Le patrimoine architectural t\u00e9moigne d\u2019un pass\u00e9 glorieux : maisons \u00e0 colombages, h\u00f4tels particuliers Renaissance, fortifications de Vauban. J\u2019adore me perdre dans ces d\u00e9dales o\u00f9 chaque fa\u00e7ade raconte une \u00e9poque diff\u00e9rente. L\u2019Aquarium, que j\u2019ai visit\u00e9 plusieurs fois, constitue l\u2019une des <strong>attractions majeures d\u2019Europe<\/strong> et ravit autant les familles que les passionn\u00e9s comme moi.<\/p>\n<p>Cette destination charentaise s\u2019impose naturellement comme une alternative s\u00e9duisante aux grandes m\u00e9tropoles r\u00e9gionales, combinant douceur climatique et authenticit\u00e9 pr\u00e9serv\u00e9e.<\/p>\n<p><img loading=\"lazy\" decoding=\"async\" src=\"data:image\/svg+xml,%3Csvg%20xmlns=\" http:=\"\" width=\"100\" height=\"100\" alt=\"Anne-Sophie\" itemprop=\"image\" data-lazy-src=\"https:\/\/www.europesays.com\/fr\/wp-content\/uploads\/2025\/06\/Anne-Sophie.jpg\"\/><\/p>\n<p>Je m\u2019appelle Anne-Sophie et je suis la madame voyage en France de carr\u00e9 d\u2019info !<br \/>Exploratrice boh\u00e8me passionn\u00e9e de d\u00e9couvertes. Ma\u00eetrise l\u2019art de d\u00e9nicher les tr\u00e9sors cach\u00e9s des villes et des villages de France .<br \/>Je sait capturer l\u2019essence des lieux en photographies et j\u2019adore vous emmener avec moi pour profiter de notre magnifique pays \ud83d\ude42<\/p>\n","protected":false},"excerpt":{"rendered":"Je me souviens encore de ma premi\u00e8re visite \u00e0 La Rochelle, quand les rayons du soleil ont illumin\u00e9&hellip;\n","protected":false},"author":2,"featured_media":641714,"comment_status":"","ping_status":"","sticky":false,"template":"","format":"standard","meta":{"footnotes":""},"categories":[2817],"tags":[1111,11,74833,1997,1777,674,1011,27,12,2219,25,74834,20595],"class_list":{"0":"post-641713","1":"post","2":"type-post","3":"status-publish","4":"format-standard","5":"has-post-thumbnail","7":"category-bordeaux","8":"tag-actu","9":"tag-actualites","10":"tag-architecture-maritime","11":"tag-bordeaux","12":"tag-eu","13":"tag-europe","14":"tag-fr","15":"tag-france","16":"tag-news","17":"tag-nouvelle-aquitaine","18":"tag-republique-francaise","19":"tag-tourisme-balneaire","20":"tag-tourisme-culturel"},"share_on_mastodon":{"url":"https:\/\/pubeurope.com\/@fr\/115840584503766753","error":""},"_links":{"self":[{"href":"https:\/\/www.europesays.com\/fr\/wp-json\/wp\/v2\/posts\/641713","targetHints":{"allow":["GET"]}}],"collection":[{"href":"https:\/\/www.europesays.com\/fr\/wp-json\/wp\/v2\/posts"}],"about":[{"href":"https:\/\/www.europesays.com\/fr\/wp-json\/wp\/v2\/types\/post"}],"author":[{"embeddable":true,"href":"https:\/\/www.europesays.com\/fr\/wp-json\/wp\/v2\/users\/2"}],"replies":[{"embeddable":true,"href":"https:\/\/www.europesays.com\/fr\/wp-json\/wp\/v2\/comments?post=641713"}],"version-history":[{"count":0,"href":"https:\/\/www.europesays.com\/fr\/wp-json\/wp\/v2\/posts\/641713\/revisions"}],"wp:featuredmedia":[{"embeddable":true,"href":"https:\/\/www.europesays.com\/fr\/wp-json\/wp\/v2\/media\/641714"}],"wp:attachment":[{"href":"https:\/\/www.europesays.com\/fr\/wp-json\/wp\/v2\/media?parent=641713"}],"wp:term":[{"taxonomy":"category","embeddable":true,"href":"https:\/\/www.europesays.com\/fr\/wp-json\/wp\/v2\/categories?post=641713"},{"taxonomy":"post_tag","embeddable":true,"href":"https:\/\/www.europesays.com\/fr\/wp-json\/wp\/v2\/tags?post=641713"}],"curies":[{"name":"wp","href":"https:\/\/api.w.org\/{rel}","templated":true}]}}