{"id":641717,"date":"2026-01-05T04:24:15","date_gmt":"2026-01-05T04:24:15","guid":{"rendered":"https:\/\/www.europesays.com\/fr\/641717\/"},"modified":"2026-01-05T04:24:15","modified_gmt":"2026-01-05T04:24:15","slug":"une-cagnotte-ouverte-pour-lune-des-victimes-de-toulouse","status":"publish","type":"post","link":"https:\/\/www.europesays.com\/fr\/641717\/","title":{"rendered":"une cagnotte ouverte pour l&rsquo;une des victimes de Toulouse"},"content":{"rendered":"<p>                    Par<br \/>\n        <strong><br \/>\n            <a href=\"https:\/\/actu.fr\/auteur\/marie-lamarque\" title=\"Consulter tous les articles de Marie Lamarque\" target=\"_blank\" rel=\"noopener\">Marie Lamarque<\/a><br \/>\n                    <\/strong><\/p>\n<p>        Publi\u00e9 le<\/p>\n<p>            4 janv. 2026 \u00e0 16h55        <\/p>\n<p>Quatre jours apr\u00e8s le drame, <a href=\"https:\/\/actu.fr\/faits-divers\/incendie-de-crans-montana-les-corps-de-seize-victimes-identifies-dont-un-francais-de-39-ans_63648232.html\" target=\"_blank\" rel=\"noopener\">les victimes sont petit \u00e0 petit identifi\u00e9es<\/a>. L\u2019incendie survenu dans <strong>une bo\u00eete de nuit de la station de ski Crans-Montana<\/strong>, en Suisse, a fait <strong>40 morts et 119 bless\u00e9s<\/strong>. Le drame est survenu durant la nuit du Nouvel an.<\/p>\n<p class=\" wall-content\">Depuis, des familles restent toujours sans nouvelles de leurs proches. Parmi elles, celle de <strong>No\u00e9mie Dabin<\/strong>, 26 ans, toujours recherch\u00e9e. La jeune femme \u00e9tait dans ce bar avec son amie, <strong>Pauline Peressini<\/strong>, \u00e2g\u00e9e de 25 ans. Toutes les deux sont Toulousaines.<\/p>\n<p>Une cagnotte ouverte pour Pauline<\/p>\n<p class=\" wall-content\"><a href=\"https:\/\/www.leetchi.com\/fr\/c\/soutien-a-pauline-blessee-a-crans-montana-5994232?utm_source=copylink&amp;utm_medium=social_sharing&amp;fbclid=IwY2xjawPHBB9leHRuA2FlbQIxMABicmlkETFqQkFxVDNaTkV3aGF1OEw1c3J0YwZhcHBfaWQPNTE0NzcxNTY5MjI4MDYxAAEeCnQ8le4etSVxtho9RspJ3HwJgEWCFHvycqiw1xojJ-ap9kqDOVzo7uCrk6U_aem_QIRVajRUPjp3UMjITqDt3Q\" target=\"_blank\" rel=\"noopener\">Une cagnotte a \u00e9t\u00e9 cr\u00e9\u00e9e<\/a> ce samedi 3 janvier pour venir en aide \u00e0 la famille de Pauline. \u00ab\u00a0Cette cagnotte est organis\u00e9e afin que le papa soit au c\u00f4t\u00e9 de Pauline qui est hospitalis\u00e9e \u00e0 l\u2019\u00e9tranger\u00a0\u00bb, indique son cr\u00e9ateur, un coll\u00e8gue de travail du p\u00e8re de Pauline. <strong>Plus de 1200 euros ont d\u00e9j\u00e0 \u00e9t\u00e9 r\u00e9colt\u00e9s<\/strong>.<\/p>\n<p class=\" wall-content\">La jeune femme, souffrant de graves blessures, a \u00e9t\u00e9 mise dans le coma, expliquait sa s\u0153ur \u00e0 Actu Toulouse\u00a0ce vendredi. Ce dimanche, elle apporte des nouvelles rassurantes, soulignant que son \u00e9tat de sant\u00e9 \u00ab\u00a0\u00e9volue plut\u00f4t bien\u00a0\u00bb.<\/p>\n<p class=\" wall-content\">En revanche, la famille de No\u00e9mie reste, \u00e0 ce jour, sans nouvelles informations.<\/p>\n<p>Vid\u00e9os : en ce moment sur Actu23 Fran\u00e7ais bless\u00e9s<\/p>\n<p class=\" wall-content\">Ce dimanche, 16 victimes ont \u00e9t\u00e9 identifi\u00e9es, dont un Fran\u00e7ais de 39 ans. Le ministre des Affaires \u00e9trang\u00e8res, <strong>Jean-No\u00ebl Barrot<\/strong>, a confirm\u00e9 sur France 2 qu\u2019il y a, \u00ab \u00e0 ce stade, 23 Fran\u00e7ais bless\u00e9s \u00bb.<\/p>\n<p class=\" wall-content\">En tout, 24 personnes tu\u00e9es dans l\u2019incendie du bar ont pu \u00eatre identifi\u00e9es. L\u2019incendie serait vraisemblablement <a href=\"https:\/\/actu.fr\/societe\/l-incendie-de-crans-montana-cause-par-des-feux-de-bengale-voici-comment-ils-sont-reglementes-en-france_63646942.html\" target=\"_blank\" rel=\"noopener\">parti de bougies-\u00e9tincelles<\/a> positionn\u00e9es sur des bouteilles de champagne.<\/p>\n<p class=\" wall-content\">Personnalisez votre actualit\u00e9 en ajoutant vos villes et m\u00e9dias en favori avec <a href=\"https:\/\/moncompte.actu.fr\" title=\"D\u00e9couvez Mon Actu\" rel=\"nofollow noopener\" data-trk=\"{&quot;cta&quot;:{&quot;action&quot;:&quot;https:\\\/\\\/moncompte.actu.fr&quot;,&quot;category&quot;:&quot;mon compte&quot;,&quot;from&quot;:&quot;article footer&quot;,&quot;name&quot;:&quot;Mon actu&quot;,&quot;type&quot;:&quot;cta&quot;}}\" target=\"_blank\">Mon Actu<\/a>.<\/p>\n","protected":false},"excerpt":{"rendered":"Par Marie Lamarque Publi\u00e9 le 4 janv. 2026 \u00e0 16h55 Quatre jours apr\u00e8s le drame, les victimes sont&hellip;\n","protected":false},"author":2,"featured_media":641718,"comment_status":"","ping_status":"","sticky":false,"template":"","format":"standard","meta":{"footnotes":""},"categories":[2816],"tags":[1111,11,1777,674,118,1011,27,1310,12,2680,1311,25,2312],"class_list":{"0":"post-641717","1":"post","2":"type-post","3":"status-publish","4":"format-standard","5":"has-post-thumbnail","7":"category-toulouse","8":"tag-actu","9":"tag-actualites","10":"tag-eu","11":"tag-europe","12":"tag-faits-divers","13":"tag-fr","14":"tag-france","15":"tag-incendie","16":"tag-news","17":"tag-occitanie","18":"tag-pompiers","19":"tag-republique-francaise","20":"tag-toulouse"},"share_on_mastodon":{"url":"https:\/\/pubeurope.com\/@fr\/115840592280849700","error":""},"_links":{"self":[{"href":"https:\/\/www.europesays.com\/fr\/wp-json\/wp\/v2\/posts\/641717","targetHints":{"allow":["GET"]}}],"collection":[{"href":"https:\/\/www.europesays.com\/fr\/wp-json\/wp\/v2\/posts"}],"about":[{"href":"https:\/\/www.europesays.com\/fr\/wp-json\/wp\/v2\/types\/post"}],"author":[{"embeddable":true,"href":"https:\/\/www.europesays.com\/fr\/wp-json\/wp\/v2\/users\/2"}],"replies":[{"embeddable":true,"href":"https:\/\/www.europesays.com\/fr\/wp-json\/wp\/v2\/comments?post=641717"}],"version-history":[{"count":0,"href":"https:\/\/www.europesays.com\/fr\/wp-json\/wp\/v2\/posts\/641717\/revisions"}],"wp:featuredmedia":[{"embeddable":true,"href":"https:\/\/www.europesays.com\/fr\/wp-json\/wp\/v2\/media\/641718"}],"wp:attachment":[{"href":"https:\/\/www.europesays.com\/fr\/wp-json\/wp\/v2\/media?parent=641717"}],"wp:term":[{"taxonomy":"category","embeddable":true,"href":"https:\/\/www.europesays.com\/fr\/wp-json\/wp\/v2\/categories?post=641717"},{"taxonomy":"post_tag","embeddable":true,"href":"https:\/\/www.europesays.com\/fr\/wp-json\/wp\/v2\/tags?post=641717"}],"curies":[{"name":"wp","href":"https:\/\/api.w.org\/{rel}","templated":true}]}}