{"id":641719,"date":"2026-01-05T04:26:40","date_gmt":"2026-01-05T04:26:40","guid":{"rendered":"https:\/\/www.europesays.com\/fr\/641719\/"},"modified":"2026-01-05T04:26:40","modified_gmt":"2026-01-05T04:26:40","slug":"lille-letang-genesio-meunier-bentaleb-quel-bazar-sports","status":"publish","type":"post","link":"https:\/\/www.europesays.com\/fr\/641719\/","title":{"rendered":"Lille : L\u00e9tang, Genesio, Meunier, Bentaleb&#8230; Quel bazar ! : Sports"},"content":{"rendered":"<p class=\"date\">\n                                                            Emmanuel LANGELLIER, Media365 : publi\u00e9 le dimanche 04 janvier 2026 \u00e0 08h54\n                                                    <\/p>\n<p>Samedi soir, \u00e0 l&rsquo;occasion du match Lille-Rennes finalement perdu par le LOSC (0-2), les Nordistes ont tous craqu\u00e9, tous !<\/p>\n<p>Le LOSC a bien mal commenc\u00e9 2026. Non seulement Lille a conc\u00e9d\u00e9 une 5e d\u00e9faite lors de l&rsquo;exercice 2025-26 en <a href=\"https:\/\/sports.orange.fr\/football\/ligue-1\/debrief\/ligue-1-j17-rennes-piege-lille-CNT000002msXfQ.html\" target=\"_blank\" rel=\"noopener\">s&rsquo;inclinant \u00e0 domicile devant Rennes (0-2)<\/a>, mais le club nordiste a \u00e9galement affich\u00e9 une attitude d\u00e9plorable dans son enceinte du Stade Pierre-Mauroy. Et il n&rsquo;y en a pas vraiment un pour rattraper l&rsquo;autre, ils s&rsquo;y sont tous mis, \u00e0 chaque \u00e9tage de l&rsquo;institution, pour d\u00e9border du cadre en allant trop loin pour fustiger l&rsquo;arbitrage de Monsieur Wattellier, coupable \u00e0 leurs yeux d&rsquo;avoir <a href=\"https:\/\/sports.orange.fr\/football\/ligue-1\/article\/ligue-1-j17-alexsandro-merlin-frankowski-les-tops-flops-de-lille-rennes-exclu-CNT000002msXsT.html\" target=\"_blank\" rel=\"noopener\"> expuls\u00e9 le d\u00e9fenseur br\u00e9silien Alexsandro <\/a> d\u00e8s la 13e minute de jeu. Mais l&rsquo;arbitre n&rsquo;a fait qu&rsquo;appliquer les r\u00e8gles et en particulier la loi 12&#8230;<\/p>\n<p>L\u00e9tang : \u00ab C&rsquo;est une honte, c&rsquo;est un scandale \u00bb<\/p>\n<p>Comme tr\u00e8s souvent, Olivier L\u00e9tang a d\u00e9goupill\u00e9, et rapidement. Habitu\u00e9 aux prises de parole intempestives, le pr\u00e9sident des Dogues s&rsquo;est l\u00e2ch\u00e9 dans le couloir \u00e0 la mi-temps, alors que le score \u00e9tait encore de 0-0. \u00ab Vous savez ce que vous avez fait : c&rsquo;est une honte, c&rsquo;est un scandale \u00bb, a-t-il l\u00e2ch\u00e9 \u00e0 l&rsquo;attention de l&rsquo;arbitre. Il a alors \u00e9t\u00e9 retenu par Sylvain Armand, son adjoint et ancien d\u00e9fenseur qui a lanc\u00e9 : \u00ab Assumez vos erreurs, c&rsquo;est tout \u00bb. \u00ab Tant qu&rsquo;on ne fera rien tous les week-ends, \u00e7a ne changera pas. On aura un Championnat fauss\u00e9 tous les week-ends \u00bb, a dit plus tard L\u00e9tang selon des mots capt\u00e9s par les micros de Ligue 1+.<\/p>\n<p>Genesio : \u00ab Y&rsquo;a que des merdes, c&rsquo;est pire encore que l&rsquo;ann\u00e9e derni\u00e8re \u00bb<\/p>\n<p>A la moiti\u00e9 du match, Bruno Genesio \u00e9tait lui furieux et, alors qu&rsquo;il courait sur la pelouse pour s&rsquo;adresser \u00e0 l&rsquo;arbitre, il a d\u00fb \u00eatre retenu par Nabil Bentaleb. \u00ab Depuis hier y&rsquo;a que des merdes, c&rsquo;est pire encore que l&rsquo;ann\u00e9e derni\u00e8re, lui c&rsquo;est le number one, lui c&rsquo;est le top du top \u00bb, s&rsquo;est \u00e9nerv\u00e9 l&rsquo;entra\u00eeneur lillois qui ne s&rsquo;est pas pr\u00e9sent\u00e9 en conf\u00e9rence de presse d&rsquo;apr\u00e8s-match, probablement trop remont\u00e9.<\/p>\n<p>Bentaleb : \u00ab On n&rsquo;a pas le droit de parler avec lui \u00bb<\/p>\n<p>Les joueurs nordistes n&rsquo;ont \u00e9galement pas cach\u00e9 leur courroux \u00e0 l&rsquo;issue de la rencontre perdue contre Rennes. \u00ab On n&rsquo;a pas le droit de parler avec lui, on n&rsquo;a pas le droit de communiquer. Je lui ai tout simplement demand\u00e9 de patienter, de regarder la VAR et d&rsquo;\u00eatre s\u00fbr de lui avant de prendre une d\u00e9cision d&rsquo;une telle importance \u00bb, a confi\u00e9 Bentaleb, tandis que Thomas Meunier pointait \u00e9videmment la d\u00e9cision pr\u00e9coce et pol\u00e9mique de M. Wattellier. \u00ab La faute est claire, nette, pr\u00e9cise, mais il est compl\u00e8tement excentr\u00e9 mais on a encore 2 d\u00e9fenseurs dans les 16 m\u00e8tres qui peuvent intervenir \u00bb, fulminait le Belge.<\/p>\n<p>Lille retrouvera le chemin des terrains dimanche prochain \u00e0 l&rsquo;occasion des 16es de finale de la Coupe de France, contre Lyon. A nouveau au Stade Pierre-Mauroy, o\u00f9 la tension sera sans doute retomb\u00e9e. Enfin, on l&rsquo;esp\u00e8re&#8230;<\/p>\n","protected":false},"excerpt":{"rendered":"Emmanuel LANGELLIER, Media365 : publi\u00e9 le dimanche 04 janvier 2026 \u00e0 08h54 Samedi soir, \u00e0 l&rsquo;occasion du match&hellip;\n","protected":false},"author":2,"featured_media":641720,"comment_status":"","ping_status":"","sticky":false,"template":"","format":"standard","meta":{"footnotes":""},"categories":[2815],"tags":[1111,11,1777,674,1011,27,811,1307,12,25],"class_list":{"0":"post-641719","1":"post","2":"type-post","3":"status-publish","4":"format-standard","5":"has-post-thumbnail","7":"category-lille","8":"tag-actu","9":"tag-actualites","10":"tag-eu","11":"tag-europe","12":"tag-fr","13":"tag-france","14":"tag-hauts-de-france","15":"tag-lille","16":"tag-news","17":"tag-republique-francaise"},"share_on_mastodon":{"url":"https:\/\/pubeurope.com\/@fr\/115840600105739660","error":""},"_links":{"self":[{"href":"https:\/\/www.europesays.com\/fr\/wp-json\/wp\/v2\/posts\/641719","targetHints":{"allow":["GET"]}}],"collection":[{"href":"https:\/\/www.europesays.com\/fr\/wp-json\/wp\/v2\/posts"}],"about":[{"href":"https:\/\/www.europesays.com\/fr\/wp-json\/wp\/v2\/types\/post"}],"author":[{"embeddable":true,"href":"https:\/\/www.europesays.com\/fr\/wp-json\/wp\/v2\/users\/2"}],"replies":[{"embeddable":true,"href":"https:\/\/www.europesays.com\/fr\/wp-json\/wp\/v2\/comments?post=641719"}],"version-history":[{"count":0,"href":"https:\/\/www.europesays.com\/fr\/wp-json\/wp\/v2\/posts\/641719\/revisions"}],"wp:featuredmedia":[{"embeddable":true,"href":"https:\/\/www.europesays.com\/fr\/wp-json\/wp\/v2\/media\/641720"}],"wp:attachment":[{"href":"https:\/\/www.europesays.com\/fr\/wp-json\/wp\/v2\/media?parent=641719"}],"wp:term":[{"taxonomy":"category","embeddable":true,"href":"https:\/\/www.europesays.com\/fr\/wp-json\/wp\/v2\/categories?post=641719"},{"taxonomy":"post_tag","embeddable":true,"href":"https:\/\/www.europesays.com\/fr\/wp-json\/wp\/v2\/tags?post=641719"}],"curies":[{"name":"wp","href":"https:\/\/api.w.org\/{rel}","templated":true}]}}