{"id":641721,"date":"2026-01-05T04:28:10","date_gmt":"2026-01-05T04:28:10","guid":{"rendered":"https:\/\/www.europesays.com\/fr\/641721\/"},"modified":"2026-01-05T04:28:10","modified_gmt":"2026-01-05T04:28:10","slug":"un-homme-tue-par-balles-dans-le-quartier-de-belsunce-a-marseille","status":"publish","type":"post","link":"https:\/\/www.europesays.com\/fr\/641721\/","title":{"rendered":"Un homme tu\u00e9 par balles dans le quartier de Belsunce \u00e0 Marseille"},"content":{"rendered":"<p>Un homme a \u00e9t\u00e9 tu\u00e9 par balles ce dimanche soir dans le centre-ville de Marseille dans le quartier de Belsunce. Touch\u00e9 au thorax par plusieurs balles, il d\u00e9c\u00e9d\u00e9 sur place, indiquent les marins-pompiers qui sont intervenus. Le ou les tireurs sont toujours en fuite.  <\/p>\n<p>D\u00e9j\u00e0 un deuxi\u00e8me homicide \u00e0 Marseille sans doute sur fonds de trafic de drogue en ce d\u00e9but d&rsquo;ann\u00e9e\u00a0: un homme a \u00e9t\u00e9 <strong>tu\u00e9 par balles ce dimanche soir dans le centre-ville, dans le quartier Belsunce<\/strong> \u00e0 deux pas de la Canebi\u00e8re. Touch\u00e9 au <strong>thorax par plusieurs balles<\/strong>, l&rsquo;homme est d\u00e9c\u00e9d\u00e9 sur place d&rsquo;apr\u00e8s les marins-pompiers de Marseille qui sont intervenus vers 21h30. Une dizaine de coups de feu ont retenti. D&rsquo;apr\u00e8s la police, il n&rsquo;y a <strong>pas eu d&rsquo;interpellation<\/strong> pour l&rsquo;instant.<\/p>\n<p>Un d\u00e9but d&rsquo;ann\u00e9e sanglant \u00e0 Marseille, jeudi dernier d\u00e9j\u00e0, le 1er janvier\u00a0<a class=\"IciLink ici-link IciArticleLink g-ici-body-regular-1 underline brand svelte-1chfe2s\" href=\"https:\/\/www.francebleu.fr\/infos\/faits-divers-justice\/un-corps-retrouve-dans-le-coffre-d-une-voiture-incendiee-a-marseille-5101751\" target=\"_blank\" rel=\"noopener\">un corps a \u00e9t\u00e9\u00a0d\u00e9couvert dans le coffre d&rsquo;une voiture incendi\u00e9e<\/a>\u00a0avenue des Arnavaux dans le 14e arrondissement. La victime n&rsquo;\u00e9tait toujours pas identifi\u00e9e formellement samedi, selon le parquet.\u00a0Selon un d\u00e9compte de l&rsquo;AFP, 19 personnes ont perdu la vie dans des narchomicides en 2025 dans le d\u00e9partement des Bouches-du-Rh\u00f4ne, la grande majorit\u00e9 \u00e0 Marseille.<\/p>\n","protected":false},"excerpt":{"rendered":"Un homme a \u00e9t\u00e9 tu\u00e9 par balles ce dimanche soir dans le centre-ville de Marseille dans le quartier&hellip;\n","protected":false},"author":2,"featured_media":641722,"comment_status":"","ping_status":"","sticky":false,"template":"","format":"standard","meta":{"footnotes":""},"categories":[2814],"tags":[1111,11,1777,674,1011,27,884,12,882,25],"class_list":{"0":"post-641721","1":"post","2":"type-post","3":"status-publish","4":"format-standard","5":"has-post-thumbnail","7":"category-marseille","8":"tag-actu","9":"tag-actualites","10":"tag-eu","11":"tag-europe","12":"tag-fr","13":"tag-france","14":"tag-marseille","15":"tag-news","16":"tag-provence-alpes-cote-dazur","17":"tag-republique-francaise"},"share_on_mastodon":{"url":"https:\/\/pubeurope.com\/@fr\/115840608062470363","error":""},"_links":{"self":[{"href":"https:\/\/www.europesays.com\/fr\/wp-json\/wp\/v2\/posts\/641721","targetHints":{"allow":["GET"]}}],"collection":[{"href":"https:\/\/www.europesays.com\/fr\/wp-json\/wp\/v2\/posts"}],"about":[{"href":"https:\/\/www.europesays.com\/fr\/wp-json\/wp\/v2\/types\/post"}],"author":[{"embeddable":true,"href":"https:\/\/www.europesays.com\/fr\/wp-json\/wp\/v2\/users\/2"}],"replies":[{"embeddable":true,"href":"https:\/\/www.europesays.com\/fr\/wp-json\/wp\/v2\/comments?post=641721"}],"version-history":[{"count":0,"href":"https:\/\/www.europesays.com\/fr\/wp-json\/wp\/v2\/posts\/641721\/revisions"}],"wp:featuredmedia":[{"embeddable":true,"href":"https:\/\/www.europesays.com\/fr\/wp-json\/wp\/v2\/media\/641722"}],"wp:attachment":[{"href":"https:\/\/www.europesays.com\/fr\/wp-json\/wp\/v2\/media?parent=641721"}],"wp:term":[{"taxonomy":"category","embeddable":true,"href":"https:\/\/www.europesays.com\/fr\/wp-json\/wp\/v2\/categories?post=641721"},{"taxonomy":"post_tag","embeddable":true,"href":"https:\/\/www.europesays.com\/fr\/wp-json\/wp\/v2\/tags?post=641721"}],"curies":[{"name":"wp","href":"https:\/\/api.w.org\/{rel}","templated":true}]}}