{"id":641723,"date":"2026-01-05T04:29:11","date_gmt":"2026-01-05T04:29:11","guid":{"rendered":"https:\/\/www.europesays.com\/fr\/641723\/"},"modified":"2026-01-05T04:29:11","modified_gmt":"2026-01-05T04:29:11","slug":"une-septuagenaire-retrouvee-sans-vie-chez-elle-son-fils-arrete","status":"publish","type":"post","link":"https:\/\/www.europesays.com\/fr\/641723\/","title":{"rendered":"une septuag\u00e9naire retrouv\u00e9e sans vie chez elle, son\u00a0fils arr\u00eat\u00e9"},"content":{"rendered":"<p itemprop=\"description\"><strong>Une macabre d\u00e9couverte a eu lieu ce dimanche matin.<\/strong><\/p>\n<p>Peu avant 10h, une infirmi\u00e8re intervenant au domicile d\u2019une femme de 72 ans a retrouv\u00e9 cette derni\u00e8re inanim\u00e9e dans l\u2019appartement situ\u00e9 route de Vienne, dans le 8e arrondissement de Lyon, rapporte le <a href=\"https:\/\/c.leprogres.fr\/faits-divers-justice\/2026\/01\/04\/une-femme-retrouvee-morte-route-de-vienne-son-fils-interpelle\" target=\"_blank\" rel=\"noopener\">Progr\u00e8s<\/a>.\u00a0<\/p>\n<p>C&rsquo;\u2019est le fils de la victime, \u00e2g\u00e9 de 36 ans, qui a ouvert la porte \u00e0 la professionnelle de sant\u00e9. L\u2019homme, atteint de schizophr\u00e9nie, se trouvait dans le logement au moment des faits.<\/p>\n<p>La septuag\u00e9naire a \u00e9t\u00e9 retrouv\u00e9e sans vie, envelopp\u00e9e dans des draps. Face \u00e0 la situation, l\u2019infirmi\u00e8re a imm\u00e9diatement alert\u00e9 les secours en composant le 17. Les forces de l\u2019ordre sont rapidement intervenues sur place et ont d\u00e9couvert le trentenaire en \u00e9tat de crise.<\/p>\n<p>Le fils de la victime a \u00e9t\u00e9 interpell\u00e9. \u00c0 ce stade, les circonstances exactes du d\u00e9c\u00e8s de la m\u00e8re de famille demeurent inconnues. Les enqu\u00eateurs cherchent \u00e0 d\u00e9terminer s\u2019il s\u2019agit d\u2019une mort naturelle ou d\u2019un acte criminel.<\/p>\n<p>Une autopsie doit \u00eatre pratiqu\u00e9e afin d\u2019\u00e9tablir les causes pr\u00e9cises de la mort. L\u2019enqu\u00eate a \u00e9t\u00e9 confi\u00e9e \u00e0 la division de la criminalit\u00e9 territoriale (DCT).<\/p>\n","protected":false},"excerpt":{"rendered":"Une macabre d\u00e9couverte a eu lieu ce dimanche matin. Peu avant 10h, une infirmi\u00e8re intervenant au domicile d\u2019une&hellip;\n","protected":false},"author":2,"featured_media":641724,"comment_status":"","ping_status":"","sticky":false,"template":"","format":"standard","meta":{"footnotes":""},"categories":[1889],"tags":[1111,11,2813,2190,2430,1109,251,1112,2811,1777,674,118,1011,27,1922,1110,1114,2428,2810,12,241,316,25,2812,517,800],"class_list":{"0":"post-641723","1":"post","2":"type-post","3":"status-publish","4":"format-standard","5":"has-post-thumbnail","7":"category-lyon","8":"tag-actu","9":"tag-actualites","10":"tag-article","11":"tag-asvel","12":"tag-auvergne-rhone-alpes","13":"tag-breves","14":"tag-culture","15":"tag-depeches","16":"tag-economique","17":"tag-eu","18":"tag-europe","19":"tag-faits-divers","20":"tag-fr","21":"tag-france","22":"tag-info","23":"tag-informations","24":"tag-infos","25":"tag-lyon","26":"tag-lyonmag","27":"tag-news","28":"tag-ol","29":"tag-politique","30":"tag-republique-francaise","31":"tag-sociale","32":"tag-sport","33":"tag-transports"},"share_on_mastodon":{"url":"https:\/\/pubeurope.com\/@fr\/115840612133828928","error":""},"_links":{"self":[{"href":"https:\/\/www.europesays.com\/fr\/wp-json\/wp\/v2\/posts\/641723","targetHints":{"allow":["GET"]}}],"collection":[{"href":"https:\/\/www.europesays.com\/fr\/wp-json\/wp\/v2\/posts"}],"about":[{"href":"https:\/\/www.europesays.com\/fr\/wp-json\/wp\/v2\/types\/post"}],"author":[{"embeddable":true,"href":"https:\/\/www.europesays.com\/fr\/wp-json\/wp\/v2\/users\/2"}],"replies":[{"embeddable":true,"href":"https:\/\/www.europesays.com\/fr\/wp-json\/wp\/v2\/comments?post=641723"}],"version-history":[{"count":0,"href":"https:\/\/www.europesays.com\/fr\/wp-json\/wp\/v2\/posts\/641723\/revisions"}],"wp:featuredmedia":[{"embeddable":true,"href":"https:\/\/www.europesays.com\/fr\/wp-json\/wp\/v2\/media\/641724"}],"wp:attachment":[{"href":"https:\/\/www.europesays.com\/fr\/wp-json\/wp\/v2\/media?parent=641723"}],"wp:term":[{"taxonomy":"category","embeddable":true,"href":"https:\/\/www.europesays.com\/fr\/wp-json\/wp\/v2\/categories?post=641723"},{"taxonomy":"post_tag","embeddable":true,"href":"https:\/\/www.europesays.com\/fr\/wp-json\/wp\/v2\/tags?post=641723"}],"curies":[{"name":"wp","href":"https:\/\/api.w.org\/{rel}","templated":true}]}}