{"id":641729,"date":"2026-01-05T04:33:13","date_gmt":"2026-01-05T04:33:13","guid":{"rendered":"https:\/\/www.europesays.com\/fr\/641729\/"},"modified":"2026-01-05T04:33:13","modified_gmt":"2026-01-05T04:33:13","slug":"previsions-du-lundi-5-janvier-2026-7","status":"publish","type":"post","link":"https:\/\/www.europesays.com\/fr\/641729\/","title":{"rendered":"pr\u00e9visions du lundi 5 janvier 2026"},"content":{"rendered":"<p>La grisaille ne se dissipe toujours pas, il va y avoir encore de l\u00e9gers nuages aujourd&rsquo;hui. Il va faire froid \u00e0 Paris avec des valeurs qui afficheront entre -1 et 3\u00b0C. Un petit vent de sud-ouest soufflera. Le soleil aura du mal \u00e0 percer au milieu de l\u00e9gers nuages qui persisteront dans la matin\u00e9e. L&rsquo;hiver sera bien au rendez-vous puisque les temp\u00e9ratures seront quand m\u00eame de -1\u00b0C au plus bas et de 1\u00b0C au maximum. On observera la pr\u00e9sence persistante de nuages l&rsquo;apr\u00e8s-midi. On attend d&rsquo;importantes chutes de neige. L&rsquo;hiver s&rsquo;est d\u00e9finitivement install\u00e9 puisque les valeurs iront de 0 \u00e0 3\u00b0C. Le soir, il faudra se pr\u00e9parer au froid et surtout \u00e0 importantes chutes de neige. Le mercure affichera 1\u00b0C en moyenne. On passera de lundi \u00e0 mardi par une nuit claire.<\/p>\n<p>C&rsquo;est un soleil radieux qui va briller demain sur Paris. Une baisse des temp\u00e9ratures est pr\u00e9vue rappelant l&rsquo;hiver aux bons souvenirs des habitants. L&rsquo;hiver se fait sentir : les temp\u00e9ratures seront comprises entre -2 et 2\u00b0C. Une modeste brise de nord-ouest sera ressentie par les habitants. Les Parisiens vont avoir froid le matin : les temp\u00e9ratures ne vont pas d\u00e9passer 1\u00b0C. Les valeurs s&rsquo;\u00e9chelonneront entre -2 et 1\u00b0C, un temps r\u00e9solument de saison. Les Parisiens vont avoir froid demain apr\u00e8s-midi : les temp\u00e9ratures ne vont pas d\u00e9passer 2\u00b0C. Les valeurs afficheront entre -1\u00b0C et 2\u00b0C, rappelant l&rsquo;hiver au bon souvenir des habitants. Des \u00e9claircies feront leur apparition dans la soir\u00e9e.<\/p>\n<p>Une d\u00e9gradation est attendue pour les jours \u00e0 venir. Une m\u00e9t\u00e9o nuageuse, pour des temp\u00e9ratures de -2\u00b0C environ, est \u00e0 pr\u00e9voir.<\/p>\n<p>Aujourd&rsquo;hui c&rsquo;est l&rsquo;\u00c9piphanie et l&rsquo;occasion de se r\u00e9unir autour d&rsquo;une galette. Saisissez votre chance de d\u00e9crocher la f\u00e8ve !<\/p>\n","protected":false},"excerpt":{"rendered":"La grisaille ne se dissipe toujours pas, il va y avoir encore de l\u00e9gers nuages aujourd&rsquo;hui. Il va&hellip;\n","protected":false},"author":2,"featured_media":641730,"comment_status":"","ping_status":"","sticky":false,"template":"","format":"standard","meta":{"footnotes":""},"categories":[1888],"tags":[1111,1928,11,1927,1777,674,1011,27,12,1926,626,1925,2119,25],"class_list":{"0":"post-641729","1":"post","2":"type-post","3":"status-publish","4":"format-standard","5":"has-post-thumbnail","7":"category-paris","8":"tag-actu","9":"tag-actu-paris","10":"tag-actualites","11":"tag-actualites-paris","12":"tag-eu","13":"tag-europe","14":"tag-fr","15":"tag-france","16":"tag-news","17":"tag-news-paris","18":"tag-paris","19":"tag-paris-news","20":"tag-previsions-meteo","21":"tag-republique-francaise"},"share_on_mastodon":{"url":"https:\/\/pubeurope.com\/@fr\/115840627718326782","error":""},"_links":{"self":[{"href":"https:\/\/www.europesays.com\/fr\/wp-json\/wp\/v2\/posts\/641729","targetHints":{"allow":["GET"]}}],"collection":[{"href":"https:\/\/www.europesays.com\/fr\/wp-json\/wp\/v2\/posts"}],"about":[{"href":"https:\/\/www.europesays.com\/fr\/wp-json\/wp\/v2\/types\/post"}],"author":[{"embeddable":true,"href":"https:\/\/www.europesays.com\/fr\/wp-json\/wp\/v2\/users\/2"}],"replies":[{"embeddable":true,"href":"https:\/\/www.europesays.com\/fr\/wp-json\/wp\/v2\/comments?post=641729"}],"version-history":[{"count":0,"href":"https:\/\/www.europesays.com\/fr\/wp-json\/wp\/v2\/posts\/641729\/revisions"}],"wp:featuredmedia":[{"embeddable":true,"href":"https:\/\/www.europesays.com\/fr\/wp-json\/wp\/v2\/media\/641730"}],"wp:attachment":[{"href":"https:\/\/www.europesays.com\/fr\/wp-json\/wp\/v2\/media?parent=641729"}],"wp:term":[{"taxonomy":"category","embeddable":true,"href":"https:\/\/www.europesays.com\/fr\/wp-json\/wp\/v2\/categories?post=641729"},{"taxonomy":"post_tag","embeddable":true,"href":"https:\/\/www.europesays.com\/fr\/wp-json\/wp\/v2\/tags?post=641729"}],"curies":[{"name":"wp","href":"https:\/\/api.w.org\/{rel}","templated":true}]}}