{"id":641737,"date":"2026-01-05T04:37:18","date_gmt":"2026-01-05T04:37:18","guid":{"rendered":"https:\/\/www.europesays.com\/fr\/641737\/"},"modified":"2026-01-05T04:37:18","modified_gmt":"2026-01-05T04:37:18","slug":"loperation-americaine-au-venezuela-un-evenement-a-double-tranchant-pour-vladimir-poutine","status":"publish","type":"post","link":"https:\/\/www.europesays.com\/fr\/641737\/","title":{"rendered":"L\u2019op\u00e9ration am\u00e9ricaine au Venezuela, un \u00e9v\u00e9nement \u00e0\u00a0double tranchant pour Vladimir Poutine"},"content":{"rendered":"<p>                     <img loading=\"lazy\" decoding=\"async\" src=\"https:\/\/www.europesays.com\/fr\/wp-content\/uploads\/2026\/01\/a0ae694_ftp-1-tfq242fom8as-2026-01-03t141038z-2031239212-rc2zceaw2cdd-rtrmadp-3-usa-venezuela.JPG\" alt=\"Le pr\u00e9sident russe, Vladimir Poutine, et son homologue v\u00e9n\u00e9zu\u00e9lien, Nicolas Maduro, lors d\u2019une rencontre au Kremlin, \u00e0 Moscou, le 7\u00a0mai 2025. \"   width=\"664\" height=\"443\"\/>    Le pr\u00e9sident russe, Vladimir Poutine, et son homologue v\u00e9n\u00e9zu\u00e9lien, Nicolas Maduro, lors d\u2019une rencontre au Kremlin, \u00e0 Moscou, le 7\u00a0mai 2025.  ALEXANDER ZEMLIANICHENKO \/ VIA REUTERS                 <\/p>\n<p class=\"article__paragraph  \">Volodymyr Zelensky n\u2019a pu r\u00e9primer un sourire, de d\u00e9pit, sans doute. Quelques heures apr\u00e8s l\u2019annonce, samedi 3\u00a0janvier, de <a href=\"https:\/\/www.lemonde.fr\/international\/article\/2026\/01\/03\/operation-absolute-resolve-l-enlevement-de-nicolas-maduro-decrit-etape-par-etape-par-le-chef-d-etat-major-americain_6660463_3210.html\" target=\"_blank\" rel=\"noopener\">l\u2019op\u00e9ration militaire spectaculaire men\u00e9e par les Etats-Unis pour capturer le pr\u00e9sident v\u00e9n\u00e9zu\u00e9lien, Nicolas Maduro<\/a>, accus\u00e9 de narcotrafic, le dirigeant ukrainien s\u2019est pris \u00e0 r\u00eaver. \u00ab\u00a0S\u2019il est possible de traiter avec des dictateurs de cette fa\u00e7on, aussi facilement, alors les Etats-Unis d\u2019Am\u00e9rique savent ce qu\u2019il faut faire ensuite\u00a0\u00bb, a-t-il lanc\u00e9 devant un parterre de journalistes r\u00e9unis \u00e0 Kiev. Personne n\u2019a eu besoin de sous-titre. M.\u00a0Zelensky visait Vladimir Poutine, son homologue russe, qui fait l\u2019objet d\u2019un mandat d\u2019arr\u00eat de la Cour p\u00e9nale internationale pour crime de guerre.<\/p>\n<p class=\"article__paragraph  \">L\u2019Ukraine se bat depuis plus de dix ans pour d\u00e9fendre sa souverainet\u00e9 mise \u00e0 mal par les vell\u00e9it\u00e9s imp\u00e9rialistes du chef du Kremlin. Apr\u00e8s avoir annex\u00e9 la Crim\u00e9e, en\u00a02014, soutenu et arm\u00e9 les s\u00e9paratistes du Donbass, M.\u00a0Poutine a lanc\u00e9 les chars russes dans le pays, en f\u00e9vrier\u00a02022, bombardant les cibles militaires comme les populations civiles, au pr\u00e9texte de vouloir \u00ab\u00a0d\u00e9nazifier\u00a0\u00bb le pays.<\/p>\n<p class=\"reading-mode-only \"><strong>Il vous reste 86.24% de cet article \u00e0 lire. La suite est r\u00e9serv\u00e9e aux abonn\u00e9s.<\/strong><\/p>\n","protected":false},"excerpt":{"rendered":"Le pr\u00e9sident russe, Vladimir Poutine, et son homologue v\u00e9n\u00e9zu\u00e9lien, Nicolas Maduro, lors d\u2019une rencontre au Kremlin, \u00e0 Moscou,&hellip;\n","protected":false},"author":2,"featured_media":641738,"comment_status":"","ping_status":"","sticky":false,"template":"","format":"standard","meta":{"footnotes":""},"categories":[1591],"tags":[11,1887,12,1885,1886,132],"class_list":{"0":"post-641737","1":"post","2":"type-post","3":"status-publish","4":"format-standard","5":"has-post-thumbnail","7":"category-russie","8":"tag-actualites","9":"tag-federation-de-russie","10":"tag-news","11":"tag-russia","12":"tag-russian-federation","13":"tag-russie"},"share_on_mastodon":{"url":"https:\/\/pubeurope.com\/@fr\/115840643496646671","error":""},"_links":{"self":[{"href":"https:\/\/www.europesays.com\/fr\/wp-json\/wp\/v2\/posts\/641737","targetHints":{"allow":["GET"]}}],"collection":[{"href":"https:\/\/www.europesays.com\/fr\/wp-json\/wp\/v2\/posts"}],"about":[{"href":"https:\/\/www.europesays.com\/fr\/wp-json\/wp\/v2\/types\/post"}],"author":[{"embeddable":true,"href":"https:\/\/www.europesays.com\/fr\/wp-json\/wp\/v2\/users\/2"}],"replies":[{"embeddable":true,"href":"https:\/\/www.europesays.com\/fr\/wp-json\/wp\/v2\/comments?post=641737"}],"version-history":[{"count":0,"href":"https:\/\/www.europesays.com\/fr\/wp-json\/wp\/v2\/posts\/641737\/revisions"}],"wp:featuredmedia":[{"embeddable":true,"href":"https:\/\/www.europesays.com\/fr\/wp-json\/wp\/v2\/media\/641738"}],"wp:attachment":[{"href":"https:\/\/www.europesays.com\/fr\/wp-json\/wp\/v2\/media?parent=641737"}],"wp:term":[{"taxonomy":"category","embeddable":true,"href":"https:\/\/www.europesays.com\/fr\/wp-json\/wp\/v2\/categories?post=641737"},{"taxonomy":"post_tag","embeddable":true,"href":"https:\/\/www.europesays.com\/fr\/wp-json\/wp\/v2\/tags?post=641737"}],"curies":[{"name":"wp","href":"https:\/\/api.w.org\/{rel}","templated":true}]}}