{"id":641739,"date":"2026-01-05T04:38:12","date_gmt":"2026-01-05T04:38:12","guid":{"rendered":"https:\/\/www.europesays.com\/fr\/641739\/"},"modified":"2026-01-05T04:38:12","modified_gmt":"2026-01-05T04:38:12","slug":"en-direct-guerre-en-ukraine-deux-morts-a-kiev-dans-des-attaques-russes","status":"publish","type":"post","link":"https:\/\/www.europesays.com\/fr\/641739\/","title":{"rendered":"En direct, Guerre en Ukraine \u2013 Deux morts \u00e0 Kiev dans des attaques russes"},"content":{"rendered":"<p>      L\u2019essentiel<\/p>\n<p><strong>Frappes sur Kiev.\u00a0<\/strong>Des attaques russes dans la nuit de dimanche \u00e0 lundi ont fait deux morts \u00e0 Kiev et dans sa p\u00e9riph\u00e9rie, ont rapport\u00e9 les autorit\u00e9s locales.<\/p>\n<p><strong>Diplomatie.\u00a0<\/strong>Les alli\u00e9s europ\u00e9ens de l\u2019Ukraine se sont rencontr\u00e9s samedi \u00e0 Kiev pour examiner les d\u00e9tails de la derni\u00e8re mouture du plan de sortie du conflit avec la Russie, en amont d\u2019un sommet la semaine prochaine en France des pays de la \u00abcoalition des volontaires\u00bb soutenant l\u2019Ukraine. L\u2019envoy\u00e9 sp\u00e9cial de Donald Trump, Steve Witkoff, a particip\u00e9 \u00e0 distance.<\/p>\n<p><strong>Accusations.\u00a0<\/strong>L\u2019arm\u00e9e russe a r\u00e9affirm\u00e9 mercredi que l\u2019Ukraine avait attaqu\u00e9 avec des drones une r\u00e9sidence du pr\u00e9sident Vladimir Poutine. Elle a diffus\u00e9 une vid\u00e9o montrant un soldat au visage dissimul\u00e9 se tenant pr\u00e8s des d\u00e9bris d\u2019un drone. \u00abUne diversion\u00bb, pour la cheffe de la diplomatie europ\u00e9enne. Donald Trump a indiqu\u00e9 dimanche ne pas croire les affirmations de Moscou.<\/p>\n","protected":false},"excerpt":{"rendered":"L\u2019essentiel Frappes sur Kiev.\u00a0Des attaques russes dans la nuit de dimanche \u00e0 lundi ont fait deux morts \u00e0&hellip;\n","protected":false},"author":2,"featured_media":641740,"comment_status":"","ping_status":"","sticky":false,"template":"","format":"standard","meta":{"footnotes":""},"categories":[1590],"tags":[11,1777,674,4438,12,132,220],"class_list":{"0":"post-641739","1":"post","2":"type-post","3":"status-publish","4":"format-standard","5":"has-post-thumbnail","7":"category-ukraine","8":"tag-actualites","9":"tag-eu","10":"tag-europe","11":"tag-free","12":"tag-news","13":"tag-russie","14":"tag-ukraine"},"share_on_mastodon":{"url":"https:\/\/pubeurope.com\/@fr\/115840647481424040","error":""},"_links":{"self":[{"href":"https:\/\/www.europesays.com\/fr\/wp-json\/wp\/v2\/posts\/641739","targetHints":{"allow":["GET"]}}],"collection":[{"href":"https:\/\/www.europesays.com\/fr\/wp-json\/wp\/v2\/posts"}],"about":[{"href":"https:\/\/www.europesays.com\/fr\/wp-json\/wp\/v2\/types\/post"}],"author":[{"embeddable":true,"href":"https:\/\/www.europesays.com\/fr\/wp-json\/wp\/v2\/users\/2"}],"replies":[{"embeddable":true,"href":"https:\/\/www.europesays.com\/fr\/wp-json\/wp\/v2\/comments?post=641739"}],"version-history":[{"count":0,"href":"https:\/\/www.europesays.com\/fr\/wp-json\/wp\/v2\/posts\/641739\/revisions"}],"wp:featuredmedia":[{"embeddable":true,"href":"https:\/\/www.europesays.com\/fr\/wp-json\/wp\/v2\/media\/641740"}],"wp:attachment":[{"href":"https:\/\/www.europesays.com\/fr\/wp-json\/wp\/v2\/media?parent=641739"}],"wp:term":[{"taxonomy":"category","embeddable":true,"href":"https:\/\/www.europesays.com\/fr\/wp-json\/wp\/v2\/categories?post=641739"},{"taxonomy":"post_tag","embeddable":true,"href":"https:\/\/www.europesays.com\/fr\/wp-json\/wp\/v2\/tags?post=641739"}],"curies":[{"name":"wp","href":"https:\/\/api.w.org\/{rel}","templated":true}]}}