{"id":641744,"date":"2026-01-05T04:41:17","date_gmt":"2026-01-05T04:41:17","guid":{"rendered":"https:\/\/www.europesays.com\/fr\/641744\/"},"modified":"2026-01-05T04:41:17","modified_gmt":"2026-01-05T04:41:17","slug":"lallemagne-ecrase-les-pays-bas-la-grande-bretagne-elimine-le-japon-sans-raducanu-tennistemple","status":"publish","type":"post","link":"https:\/\/www.europesays.com\/fr\/641744\/","title":{"rendered":"l\u2019Allemagne \u00e9crase les Pays-Bas, la Grande-Bretagne \u00e9limine le Japon sans Raducanu \u2022 TennisTemple"},"content":{"rendered":"\n<p>\ud83c\uddeb\ud83c\uddf7 \u00ab Plus personne ne veut s\u2019entra\u00eener avec moi ! En tant que gaucher, c\u2019est d\u00e9j\u00e0 compliqu\u00e9, mais avec un doigt en moins, c\u2019est pire. \u00c0 Madrid, j&rsquo;ai tap\u00e9 toute la semaine avec des sparrings.<\/p>\n<p>La semaine derni\u00e8re \u00e0 Munich, j\u2019avais sign\u00e9 pour m\u2019entra\u00eener avec Cerundolo. Mais une heure avant l\u2019entra\u00eenement, sans me le dire, il a sign\u00e9 avec un autre gars. \u00c7a me rend fou !<\/p>\n<p>R\u00e9sultat, j\u2019ai jou\u00e9 une demi-h&#8230;<\/p>\n<p> <a href=\"https:\/\/fr.tennistemple.com\/LaChaineTT\/post\/25146850\/plus-personne-ne-veut-sentrainer-avec-moi-en-tant-qu\/\" class=\"expand\" target=\"_blank\" rel=\"noopener\">Lire en entier<\/a> <\/p>\n","protected":false},"excerpt":{"rendered":"\ud83c\uddeb\ud83c\uddf7 \u00ab Plus personne ne veut s\u2019entra\u00eener avec moi ! En tant que gaucher, c\u2019est d\u00e9j\u00e0 compliqu\u00e9, mais&hellip;\n","protected":false},"author":2,"featured_media":641745,"comment_status":"","ping_status":"","sticky":false,"template":"","format":"standard","meta":{"footnotes":""},"categories":[1587],"tags":[11,672,1804,1805,1803,1777,674,1801,12,1802],"class_list":{"0":"post-641744","1":"post","2":"type-post","3":"status-publish","4":"format-standard","5":"has-post-thumbnail","7":"category-allemagne","8":"tag-actualites","9":"tag-allemagne","10":"tag-bundesrepublik-deutschland","11":"tag-de","12":"tag-deutschland","13":"tag-eu","14":"tag-europe","15":"tag-germany","16":"tag-news","17":"tag-republique-federale-dallemagne"},"share_on_mastodon":{"url":"https:\/\/pubeurope.com\/@fr\/115840659567383398","error":""},"_links":{"self":[{"href":"https:\/\/www.europesays.com\/fr\/wp-json\/wp\/v2\/posts\/641744","targetHints":{"allow":["GET"]}}],"collection":[{"href":"https:\/\/www.europesays.com\/fr\/wp-json\/wp\/v2\/posts"}],"about":[{"href":"https:\/\/www.europesays.com\/fr\/wp-json\/wp\/v2\/types\/post"}],"author":[{"embeddable":true,"href":"https:\/\/www.europesays.com\/fr\/wp-json\/wp\/v2\/users\/2"}],"replies":[{"embeddable":true,"href":"https:\/\/www.europesays.com\/fr\/wp-json\/wp\/v2\/comments?post=641744"}],"version-history":[{"count":0,"href":"https:\/\/www.europesays.com\/fr\/wp-json\/wp\/v2\/posts\/641744\/revisions"}],"wp:featuredmedia":[{"embeddable":true,"href":"https:\/\/www.europesays.com\/fr\/wp-json\/wp\/v2\/media\/641745"}],"wp:attachment":[{"href":"https:\/\/www.europesays.com\/fr\/wp-json\/wp\/v2\/media?parent=641744"}],"wp:term":[{"taxonomy":"category","embeddable":true,"href":"https:\/\/www.europesays.com\/fr\/wp-json\/wp\/v2\/categories?post=641744"},{"taxonomy":"post_tag","embeddable":true,"href":"https:\/\/www.europesays.com\/fr\/wp-json\/wp\/v2\/tags?post=641744"}],"curies":[{"name":"wp","href":"https:\/\/api.w.org\/{rel}","templated":true}]}}