{"id":641746,"date":"2026-01-05T04:42:25","date_gmt":"2026-01-05T04:42:25","guid":{"rendered":"https:\/\/www.europesays.com\/fr\/641746\/"},"modified":"2026-01-05T04:42:25","modified_gmt":"2026-01-05T04:42:25","slug":"rencontre-avec-lallemand-le-plus-puissant-de-bruxelles-lexpress","status":"publish","type":"post","link":"https:\/\/www.europesays.com\/fr\/641746\/","title":{"rendered":"rencontre avec l\u2019Allemand le plus puissant de Bruxelles \u2013 L&rsquo;Express"},"content":{"rendered":"<p class=\"paragraph article-body-paragraph article__item   article-body-paragraph--first \">Autrefois imberbe, Manfred Weber arbore depuis six ans une barbe poivre et sel. Beaucoup y voient le stigmate d\u2019un traumatisme politique impossible \u00e0 oublier : \u00e0 l\u2019\u00e9t\u00e9 2019, justement, <a href=\"https:\/\/www.lexpress.fr\/politique\/emmanuel-macron-lobsession-de-lheritage-il-pense-deja-a-sa-sortie-et-aussi-a-son-retour-GPRVFRPUTBDQ3CPY2CFIUMH66M\/?auth=a1877e16f7\" target=\"_self\" rel=\"noopener\" title=\"https:\/\/www.lexpress.fr\/politique\/emmanuel-macron-lobsession-de-lheritage-il-pense-deja-a-sa-sortie-et-aussi-a-son-retour-GPRVFRPUTBDQ3CPY2CFIUMH66M\/?auth=a1877e16f7\">Emmanuel Macron<\/a> a broy\u00e9 les ambitions de ce Bavarois inconnu des Fran\u00e7ais, qui, fort de la premi\u00e8re place obtenue par sa famille politique <a href=\"https:\/\/www.lexpress.fr\/monde\/europe\/l-union-europeenne-toujours-en-chantier_1299223.html\" target=\"_self\" rel=\"noopener\" title=\"https:\/\/www.lexpress.fr\/monde\/europe\/l-union-europeenne-toujours-en-chantier_1299223.html\">aux \u00e9lections europ\u00e9ennes,<\/a> s\u2019imaginait \u00e0 la pr\u00e9sidence de la Commission.<\/p>\n<p class=\"paragraph article-body-paragraph article__item   \">Las ! Le jeune pr\u00e9sident fran\u00e7ais ne voulait pas de ce pur produit parlementaire, d\u00e9pourvu d\u2019exp\u00e9rience gouvernementale comme de charisme, et trop \u00e0 droite \u00e0 ses yeux. A l\u2019\u00e9poque, les macronistes ne cachaient d\u2019ailleurs pas leur m\u00e9pris pour celui qu\u2019ils surnommaient \u00ab\u00a0l\u2019ectoplasme\u00a0\u00bb. Finalement, les chefs d\u2019Etat et de gouvernement des 27 imposeront une autre Allemande de centre droit, <a href=\"https:\/\/www.lexpress.fr\/economie\/politique-economique\/ursula-von-der-leyen-la-tacticienne-les-secrets-de-la-femme-la-plus-puissante-deurope-ZRDWRX6TOJD5LI3HNGNFBR46JA\/\" target=\"_self\" rel=\"noopener\" title=\"https:\/\/www.lexpress.fr\/economie\/politique-economique\/ursula-von-der-leyen-la-tacticienne-les-secrets-de-la-femme-la-plus-puissante-deurope-ZRDWRX6TOJD5LI3HNGNFBR46JA\/\">Ursula von der Leyen,<\/a> infligeant une cinglante humiliation \u00e0 son compatriote. \u00ab\u00a0Weber n\u2019est pas un tueur et, ce jour-l\u00e0, il s\u2019est fait tuer\u00a0\u00bb, r\u00e9sume un connaisseur des arcanes bruxellois.<\/p>\n<p>Le leader incontestable du puissant PPE<\/p>\n<p class=\"paragraph article-body-paragraph article__item   \">\u00ab\u00a0Un revers devient une d\u00e9faite uniquement si vous ne vous relevez pas\u00a0\u00bb, \u00e9crit aujourd\u2019hui le quinquag\u00e9naire dans la biographie publi\u00e9e sur son site Internet. Six ans plus tard, Manfred Weber a fait bien plus que se relever. Patron du plus grand groupe politique au Parlement de Strasbourg, pr\u00e9sident depuis 2022 du Parti populaire europ\u00e9en \u2014 le PPE, la puissante famille de la droite chr\u00e9tienne-d\u00e9mocrate qui revendique <a href=\"https:\/\/www.lexpress.fr\/monde\/europe\/stephane-sejourne-a-la-commission-europeenne-ce-grand-oral-quil-ne-faut-pas-rater-BTEHZVJPTRCKJIUGVCR2RGZQAM\/\" target=\"_self\" rel=\"noopener\" title=\"https:\/\/www.lexpress.fr\/monde\/europe\/stephane-sejourne-a-la-commission-europeenne-ce-grand-oral-quil-ne-faut-pas-rater-BTEHZVJPTRCKJIUGVCR2RGZQAM\/\">14 commissaires<\/a> et 13 dirigeants autour de la table du Conseil europ\u00e9en \u2014, le voil\u00e0 plus central que jamais dans une Europe qui se droitise.<\/p>\n<p class=\"paragraph article-body-paragraph article__item   \">\u00ab\u00a0A travers ses r\u00e9seaux, c\u2019est l\u2019un des responsables politiques qui dispose de l\u2019une des plus fortes capacit\u00e9s d\u2019influence sur le continent\u00a0\u00bb, affirme le R\u00e9publicain Arnaud Danjean, vice-pr\u00e9sident du PPE de 2019 \u00e0 2024. Un signe : le 12 d\u00e9cembre, Manfred Weber s\u2019est permis d\u2019annoncer en primeur qu\u2019Ursula von der Leyen allait l\u00e2cher du lest sur <a href=\"https:\/\/www.lexpress.fr\/economie\/entreprises\/fin-de-la-vente-des-moteurs-thermiques-en-2025-pourquoi-certains-freinent-ils-la-cadence-YCKHZQFY5JAQTJA2SUUEKGZJDQ\/\" target=\"_self\" rel=\"noopener\" title=\"https:\/\/www.lexpress.fr\/economie\/entreprises\/fin-de-la-vente-des-moteurs-thermiques-en-2025-pourquoi-certains-freinent-ils-la-cadence-YCKHZQFY5JAQTJA2SUUEKGZJDQ\/\">la fin du moteur thermique<\/a> en 2035, l\u2019un des totems de son premier mandat.<\/p>\n<p><strong class=\"article-body-link-list__item text-gray-800 article-body-link-list__item--one-item\">LIRE AUSSI : <a class=\"article-body-link-list__item-link\" href=\"https:\/\/www.lexpress.fr\/sciences-sante\/leurope-brillait-quand-elle-osait-penser-autrement-lappel-au-courage-de-bana-jabri-PE3UK2P5U5GTLINR7TZNIOWQ5Q\/\" target=\"_blank\" rel=\"noopener\">\u00ab\u00a0L\u2019Europe brillait quand elle osait penser autrement\u00a0\u00bb : l&rsquo;appel au courage de Bana Jabri<\/a><\/strong><\/p>\n<p class=\"paragraph article-body-paragraph article__item   \">Adversaire de la premi\u00e8re heure de cette mesure, son ancien rival peut savourer sa revanche. Sa ligne s\u2019impose d\u2019ailleurs depuis des mois sur les grandes priorit\u00e9s europ\u00e9ennes, de la comp\u00e9titivit\u00e9 aux l\u00e9gislations environnementales en passant par l\u2019immigration. La r\u00e9sultante d\u2019un choix d\u00e9lib\u00e9r\u00e9 : l\u2019\u00e9lu de l\u2019Union chr\u00e9tienne-sociale bavaroise (CSU) a d\u00e9cid\u00e9 de tirer avantage des rapports de force au sein du Parlement europ\u00e9en, osant s\u2019appuyer sur l\u2019extr\u00eame droite pour faire passer sa vision des textes. Cela s\u2019est encore vu lors de la derni\u00e8re session pl\u00e9ni\u00e8re de 2025 : un texte autorisant le transfert de migrants hors d\u2019Europe pour l\u2019examen de leur demande d\u2019asile a \u00e9t\u00e9 adopt\u00e9 gr\u00e2ce <a href=\"https:\/\/www.lexpress.fr\/monde\/europe\/la-democratie-liberale-est-un-accident-de-lhistoire-lanalyse-decapante-divan-krastev-V2L362BRNZAVTFJV2KXZ62G7JQ\/\" target=\"_self\" rel=\"noopener\" title=\"https:\/\/www.lexpress.fr\/monde\/europe\/la-democratie-liberale-est-un-accident-de-lhistoire-lanalyse-decapante-divan-krastev-V2L362BRNZAVTFJV2KXZ62G7JQ\/\">aux voix des droites antieurop\u00e9ennes.<\/a><\/p>\n<p class=\"paragraph article-body-paragraph article__item   \">Fort de ses 188 si\u00e8ges sur les 720 de l\u2019h\u00e9micycle, le puissant groupe du PPE a arithm\u00e9tiquement le choix entre la \u00ab\u00a0Majorit\u00e9 von der Leyen\u00a0\u00bb, l\u2019alliance avec la gauche et le centre, et la \u00ab\u00a0Majorit\u00e9 Venezuela\u00a0\u00bb, l\u2019alliance des droites qui s\u2019est dessin\u00e9e pour la premi\u00e8re fois sur une r\u00e9solution concernant le pays d\u2019Am\u00e9rique latine. La pratique est sans pr\u00e9c\u00e9dent \u00e0 Strasbourg o\u00f9 centre gauche et centre droit travaillent de concert depuis toujours. \u00ab\u00a0En construisant cette possibilit\u00e9 d\u2019une alternative, il a install\u00e9 une nouvelle dynamique de pouvoir, d\u00e9crypte l\u2019\u00e9cologiste allemand Daniel Freund. Il demande qu\u2019on accepte sa position \u00e0 100 % ou il se tourne vers l\u2019extr\u00eame droite et ce sera pire. C\u2019est du chantage.\u00a0\u00bb<\/p>\n<p>\u00ab\u00a0Un cam\u00e9l\u00e9on hors pair\u00a0\u00bb<\/p>\n<p class=\"paragraph article-body-paragraph article__item   \">Venant d\u2019un pro-europ\u00e9en convaincu, eurod\u00e9put\u00e9 depuis plus de vingt ans, ce choix n\u2019en finit pas d\u2019intriguer. \u00ab\u00a0Est-ce qu\u2019il faut comparer Manfred Weber au Nicolas Sarkozy de 2007 qui siphonne les voix de l\u2019extr\u00eame droite pour sauver la R\u00e9publique ou au Sarkozy de 2012 qui a quasiment bascul\u00e9 \u00e0 l\u2019extr\u00eame droite ?\u00a0\u00bb, s\u2019interroge un opposant perplexe. Derri\u00e8re ses lunettes rondes, le catholique pratiquant, fan de guitare et de musique classique, tr\u00e8s attach\u00e9 aux traditions de sa Bavi\u00e8re d\u2019origine, reste une \u00e9nigme pour nombre de ceux qui le c\u00f4toient. Si ses adversaires saluent un interlocuteur toujours courtois qui respecte sa parole, ils peinent \u00e0 cerner sa personnalit\u00e9. \u00ab\u00a0C\u2019est un cam\u00e9l\u00e9on hors pair qui n\u2019aime pas les conflits ouverts\u00a0\u00bb, r\u00e9sume l\u2019un d\u2019eux. M\u00eame au sein de son propre groupe, le Bavarois est connu pour ne pas avancer frontalement. Dans les r\u00e9unions internes, il invite des personnalit\u00e9s \u00e0 discourir ou il souhaite longuement les anniversaires pour que les sujets qui f\u00e2chent se retrouvent rel\u00e9gu\u00e9s \u00e0 la fin, quand tout le monde veut partir\u2026<\/p>\n<p class=\"paragraph article-body-paragraph article__item   \">L\u2019ancien ing\u00e9nieur sp\u00e9cialis\u00e9 dans le d\u00e9veloppement durable se d\u00e9crit avant tout comme un d\u00e9mocrate-chr\u00e9tien centriste et pragmatique, d\u00e9cid\u00e9 \u00e0 se d\u00e9mener pour que l\u2019Europe prouve son utilit\u00e9 aux citoyens. \u00ab\u00a0Il faut faire avec les gens et pas contre eux, plaide-t-il aupr\u00e8s de L\u2019Express. Ainsi, j\u2019ai toujours dit qu\u2019interdire le moteur thermique \u00e9tait absurde. En Allemagne, les salari\u00e9s de l\u2019industrie automobile abandonnent la gauche et votent pour l\u2019AfD. Il faut \u00eatre moins id\u00e9ologique.\u00a0\u00bb<\/p>\n<p><img decoding=\"async\" src=\"https:\/\/www.europesays.com\/fr\/wp-content\/uploads\/2026\/01\/NMHWSRHLUBABNBAEEODCDUSGHY.jpg\" class=\"image-with-legend__cover-img\" alt=\"Conference of Presidents with Ursula Von Der Leyen, EC President,  ahead of SOTEU25\" width=\"883\" height=\"0\" loading=\"lazy\"\/><\/p>\n<p class=\"image-with-legend__credits\"> \u00a9  \/ Diana Le Lardic\/Union Europ\u00e9enne<\/p>\n<p class=\"paragraph article-body-paragraph article__item   \">Le patron du PPE affirme op\u00e9rer une claire distinction entre droites d\u00e9mocratiques et extr\u00eames. \u00ab\u00a0Mes id\u00e9es n\u2019ont pas chang\u00e9, r\u00e9pond Weber. Et tous ceux qui voudront travailler avec nous devront respecter nos lignes rouges : ils doivent \u00eatre pro-Ukraine, pro-Europe et pro-Etat de droit. Sur cette base, nous avons d\u2019ailleurs expuls\u00e9 Viktor Orban du parti.\u00a0\u00bb C\u2019est aussi sur cette ligne que le patron de la droite europ\u00e9enne a, tr\u00e8s t\u00f4t, jug\u00e9 fr\u00e9quentable la Pr\u00e9sidente du conseil italien, m\u00eame si elle dirigeait le parti eurosceptique des Conservateurs r\u00e9formistes europ\u00e9ens. Depuis octobre 2022, <a href=\"https:\/\/www.lexpress.fr\/monde\/giorgia-meloni-et-leurope-les-dessous-dune-influence-grandissante-SZLEA5LQBNAFXNVWTFZBWYRQD4\/\" target=\"_self\" rel=\"noopener\" title=\"https:\/\/www.lexpress.fr\/monde\/giorgia-meloni-et-leurope-les-dessous-dune-influence-grandissante-SZLEA5LQBNAFXNVWTFZBWYRQD4\/\">Giorgia Meloni gouverne<\/a> en coalition avec Forza Italia, l\u2019ancienne formation de Silvio Berlusconi, membre de la famille PPE. \u00ab\u00a0Nous ne l\u2019avons pas fait par hasard, nous avons analys\u00e9 la situation, parl\u00e9 en amont avec la soci\u00e9t\u00e9 civile, l\u2019Eglise ou encore les syndicats italiens, explique Manfred Weber. Nous avons estim\u00e9 qu\u2019elle respecterait nos lignes rouges et aujourd\u2019hui encore, je n\u2019ai pas de critique \u00e0 formuler.\u00a0\u00bb<\/p>\n<p><strong class=\"article-body-link-list__item text-gray-800 article-body-link-list__item--one-item\">LIRE AUSSI : <a class=\"article-body-link-list__item-link\" href=\"https:\/\/www.lexpress.fr\/monde\/europe\/la-democratie-liberale-est-un-accident-de-lhistoire-lanalyse-decapante-divan-krastev-V2L362BRNZAVTFJV2KXZ62G7JQ\/\" target=\"_blank\" rel=\"noopener\">\u00ab\u00a0En Europe, l\u2019extr\u00eame droite sera bient\u00f4t confront\u00e9e \u00e0 son probl\u00e8me majeur&#8230;\u00a0\u00bb : les pr\u00e9dictions d&rsquo;Ivan Krastev<\/a><\/strong><\/p>\n<p class=\"paragraph article-body-paragraph article__item   \">Manfred Weber reste plus prudent sur un \u00e9ventuel rapprochement entre LR et le Rassemblement national apr\u00e8s la pr\u00e9sidentielle de 2027, s\u2019interrogeant sur le financement de Marine le Pen par des banques russes. Et pas question d\u2019accepter une quelconque alliance avec l\u2019Alternativ f\u00fcr Deutschland (AfD), pourtant en pole position dans les sondages outre-Rhin. \u00ab\u00a0Nous ne travaillerons jamais ensemble, affirme le pr\u00e9sident du PPE. Il faut se souvenir de l\u2019exp\u00e9rience de la R\u00e9publique de Weimar dans les ann\u00e9es 1930. Des nationalistes n\u00e9onazis ne doivent jamais acc\u00e9der au pouvoir ex\u00e9cutif.\u00a0\u00bb<\/p>\n<p>Le tacticien sur un fil avec l\u2019extr\u00eame droite<\/p>\n<p class=\"paragraph article-body-paragraph article__item   \">Certains l\u2019accusent toutefois de jouer avec les allumettes. \u00ab\u00a0Ce n\u2019est pas viable dans la dur\u00e9e d\u2019osciller entre plusieurs options, on risque le blocage g\u00e9n\u00e9ralis\u00e9 ou la censure de la Commission\u00a0\u00bb, s\u2019inqui\u00e8te un diplomate europ\u00e9en. Les choix de Manfred Weber le placent en effet en porte-\u00e0-faux avec Ursula von der Leyen. Si elle a \u00e9t\u00e9 choisie par Emmanuel Macron pour son premier mandat, la pr\u00e9sidente de la Commission doit le second au soutien de son compatriote, et le rapport de force s\u2019est invers\u00e9. \u00ab\u00a0Elle lui demande r\u00e9guli\u00e8rement de ne pas s\u2019en prendre publiquement aux sociod\u00e9mocrates et aux centristes, qui la soutiennent, mais il le fait quand m\u00eame\u00a0\u00bb, raconte l\u2019un de ceux qui fr\u00e9quentent les deux.<\/p>\n<p class=\"paragraph article-body-paragraph article__item   \">Cons\u00e9quence, les relations avec ces deux formations se d\u00e9t\u00e9riorent au fil des votes et la confiance s\u2019\u00e9tiole. \u00ab\u00a0Cette configuration d\u00e9truit la capacit\u00e9 des pro-europ\u00e9ens \u00e0 faire des compromis, s\u2019alarme l\u2019eurod\u00e9put\u00e9 Renew Pascal Canfin. Progressivement, Weber risque de ne plus pouvoir<b> <\/b>avancer sur les sujets ambitieux. Sa strat\u00e9gie est incompatible avec une strat\u00e9gie de puissance pour l\u2019Europe.\u00a0\u00bb Les partisans du Bavarois veulent au contraire croire qu\u2019il \u0153uvre pour maintenir durablement la droite au centre de l\u2019\u00e9chiquier europ\u00e9en. \u00ab\u00a0C\u2019est politiquement courageux de braver les critiques pour sauver l\u2019Europe chr\u00e9tienne-d\u00e9mocrate telle qu\u2019il la con\u00e7oit\u00a0\u00bb, salue le fran\u00e7ais Arnaud Danjean.<\/p>\n<p class=\"paragraph article-body-paragraph article__item    article__text__endpicto\">Sauver l\u2019Europe chr\u00e9tienne-d\u00e9mocrate, serait-ce le grand dessein de Manfred Weber ? Le revenant barbu de 53 ans reste peu disert sur ses ambitions personnelles. \u00ab\u00a0Le plus important, c\u2019est d\u2019avoir des r\u00e9sultats. En 2029, je veux pouvoir me pr\u00e9senter devant les citoyens et leur dire que la situation est meilleure qu\u2019avant\u00a0\u00bb, assure-t-il. De la pr\u00e9sidence de la Commission, il ne parle plus.<\/p>\n<p>.<\/p>\n","protected":false},"excerpt":{"rendered":"Autrefois imberbe, Manfred Weber arbore depuis six ans une barbe poivre et sel. Beaucoup y voient le stigmate&hellip;\n","protected":false},"author":2,"featured_media":641747,"comment_status":"","ping_status":"","sticky":false,"template":"","format":"standard","meta":{"footnotes":""},"categories":[1586],"tags":[11,1777,674,1011,27,74,12,25],"class_list":{"0":"post-641746","1":"post","2":"type-post","3":"status-publish","4":"format-standard","5":"has-post-thumbnail","7":"category-europe","8":"tag-actualites","9":"tag-eu","10":"tag-europe","11":"tag-fr","12":"tag-france","13":"tag-monde","14":"tag-news","15":"tag-republique-francaise"},"share_on_mastodon":{"url":"https:\/\/pubeurope.com\/@fr\/115840663193165262","error":""},"_links":{"self":[{"href":"https:\/\/www.europesays.com\/fr\/wp-json\/wp\/v2\/posts\/641746","targetHints":{"allow":["GET"]}}],"collection":[{"href":"https:\/\/www.europesays.com\/fr\/wp-json\/wp\/v2\/posts"}],"about":[{"href":"https:\/\/www.europesays.com\/fr\/wp-json\/wp\/v2\/types\/post"}],"author":[{"embeddable":true,"href":"https:\/\/www.europesays.com\/fr\/wp-json\/wp\/v2\/users\/2"}],"replies":[{"embeddable":true,"href":"https:\/\/www.europesays.com\/fr\/wp-json\/wp\/v2\/comments?post=641746"}],"version-history":[{"count":0,"href":"https:\/\/www.europesays.com\/fr\/wp-json\/wp\/v2\/posts\/641746\/revisions"}],"wp:featuredmedia":[{"embeddable":true,"href":"https:\/\/www.europesays.com\/fr\/wp-json\/wp\/v2\/media\/641747"}],"wp:attachment":[{"href":"https:\/\/www.europesays.com\/fr\/wp-json\/wp\/v2\/media?parent=641746"}],"wp:term":[{"taxonomy":"category","embeddable":true,"href":"https:\/\/www.europesays.com\/fr\/wp-json\/wp\/v2\/categories?post=641746"},{"taxonomy":"post_tag","embeddable":true,"href":"https:\/\/www.europesays.com\/fr\/wp-json\/wp\/v2\/tags?post=641746"}],"curies":[{"name":"wp","href":"https:\/\/api.w.org\/{rel}","templated":true}]}}