{"id":641751,"date":"2026-01-05T04:45:20","date_gmt":"2026-01-05T04:45:20","guid":{"rendered":"https:\/\/www.europesays.com\/fr\/641751\/"},"modified":"2026-01-05T04:45:20","modified_gmt":"2026-01-05T04:45:20","slug":"la-nouvelle-menace-de-lia","status":"publish","type":"post","link":"https:\/\/www.europesays.com\/fr\/641751\/","title":{"rendered":"la nouvelle menace de l\u2019IA"},"content":{"rendered":"<p>\n    <strong>D\u00c9CRYPTAGE &#8211;<\/strong> D\u00e9sormais, les IA se nourrissent de leurs propres productions. Entre contamination des donn\u00e9es et homog\u00e9n\u00e9isation du style, chercheurs et linguistes tirent la sonnette d\u2019alarme.<\/p>\n<p class=\"fig-paragraph\">Un nouveau danger, invisible mais omnipr\u00e9sent, plane pour les linguistes. Sur les blogs d\u2019entreprises, les sites de conseil ou les pages de pr\u00e9sentation commerciale, une langue \u00e9trangement lisse s\u2019impose, marqu\u00e9e par l\u2019absence de faute et des tournures impeccables. \u00abVous vous rendez bien compte en parcourant le Web qu\u2019il y a des textes qui commencent \u00e0 avoir un certain style\u00bb, observe Guillaume Desagulier, professeur de linguistique anglaise \u00e0 l\u2019Universit\u00e9 Bordeaux Montaigne. Ce style, c\u2019est celui de\u00a0<a href=\"http:\/\/www.lefigaro.fr\/langue-francaise\/actu-des-mots\/abondance-d-adverbes-lexique-managerial-ces-signes-qui-revelent-qu-un-texte-a-ete-ecrit-par-l-ia-20250727\" data-fig-type=\"Article\" data-gtm-custom-categorie=\"navigation\" data-gtm-custom-action=\"crossclick\" data-gtm-custom-label=\"Contextuel\" data-gtm-event=\"customEventSPE\" data-fig-domain=\"LEFIGARO\" target=\"_blank\" rel=\"noopener\">l\u2019intelligence artificielle g\u00e9n\u00e9rative<\/a>, qui colonise progressivement l\u2019espace num\u00e9rique. Et avec elle, c\u2019est tout un pan de la recherche linguistique qui se trouve menac\u00e9.<\/p>\n<p class=\"fig-paragraph\">Le ph\u00e9nom\u00e8ne n\u2019a rien d\u2019anodin. Les grandes entreprises ont compris les \u00e9conomies qu\u2019elles pouvaient r\u00e9aliser en confiant la r\u00e9daction de leurs contenus \u00e0 des algorithmes. R\u00e9sultat\u00a0: une masse croissante de textes artificiels inonde la toile. Or, ces m\u00eames textes servent \u00e0 entra\u00eener les mod\u00e8les de langage de nouvelle\u2026<\/p>\n<p class=\"fig-premium-paywall__infos\">\n        Cet article est r\u00e9serv\u00e9 aux abonn\u00e9s.        Il vous reste 89% \u00e0 d\u00e9couvrir.\n    <\/p>\n<p>                <img  data- alt=\"Le Figaro\" class=\"fig-img--complete fig-img\"\/><\/p>\n<p class=\"fig-premium-paywall__title\">Vous avez envie de lire la suite ?<\/p>\n<p class=\"fig-premium-paywall__subtitle\">D\u00e9bloquez tous les articles imm\u00e9diatement.<\/p>\n<p class=\"fig-premium-paywall__connect\">\n                D\u00e9j\u00e0 abonn\u00e9\u00a0?                <a class=\"fig-premium-paywall__connect-link\" href=\"https:\/\/connect.lefigaro.fr\/login?client=horizon_web&amp;type=main&amp;redirect_uri=https%3A%2F%2Fwww.lefigaro.fr%2Flangue-francaise%2Factu-des-mots%2Fouroboros-linguistique-la-nouvelle-menace-de-l-ia-20260104\" data-js-gtm=\"{&quot;customCategorie&quot;: &quot;conversion&quot;, &quot;customAction&quot;: &quot;before_Landing_Connexion_paywall_auto&quot;, &quot;customLabel&quot;: &quot;bGVmaWdhcm8uZnJfXzFmMGU3YzllLWI5MTAtNjE2MC04ZmRmLTJkNGE3MzhiMTE3MF9fQXJ0aWNsZQ==_Ouroboros linguistique\u00a0: la nouvelle menace de l\u2019IA_323&quot;, &quot;customIDSPE&quot;: &quot;bGVmaWdhcm8uZnJfXzFmMGU3YzllLWI5MTAtNjE2MC04ZmRmLTJkNGE3MzhiMTE3MF9fQXJ0aWNsZQ==&quot;, &quot;event&quot;: &quot;customEventSPE&quot;}\" target=\"_blank\" rel=\"noopener\"><br \/>\n                    Connectez-vous<br \/>\n                <\/a>\n            <\/p>\n","protected":false},"excerpt":{"rendered":"D\u00c9CRYPTAGE &#8211; D\u00e9sormais, les IA se nourrissent de leurs propres productions. Entre contamination des donn\u00e9es et homog\u00e9n\u00e9isation du&hellip;\n","protected":false},"author":2,"featured_media":641752,"comment_status":"","ping_status":"","sticky":false,"template":"","format":"standard","meta":{"footnotes":""},"categories":[2],"tags":[11,1011,27,5193,12,25],"class_list":{"0":"post-641751","1":"post","2":"type-post","3":"status-publish","4":"format-standard","5":"has-post-thumbnail","7":"category-actualites","8":"tag-actualites","9":"tag-fr","10":"tag-france","11":"tag-langue-francaise","12":"tag-news","13":"tag-republique-francaise"},"share_on_mastodon":{"url":"https:\/\/pubeurope.com\/@fr\/115840674872561608","error":""},"_links":{"self":[{"href":"https:\/\/www.europesays.com\/fr\/wp-json\/wp\/v2\/posts\/641751","targetHints":{"allow":["GET"]}}],"collection":[{"href":"https:\/\/www.europesays.com\/fr\/wp-json\/wp\/v2\/posts"}],"about":[{"href":"https:\/\/www.europesays.com\/fr\/wp-json\/wp\/v2\/types\/post"}],"author":[{"embeddable":true,"href":"https:\/\/www.europesays.com\/fr\/wp-json\/wp\/v2\/users\/2"}],"replies":[{"embeddable":true,"href":"https:\/\/www.europesays.com\/fr\/wp-json\/wp\/v2\/comments?post=641751"}],"version-history":[{"count":0,"href":"https:\/\/www.europesays.com\/fr\/wp-json\/wp\/v2\/posts\/641751\/revisions"}],"wp:featuredmedia":[{"embeddable":true,"href":"https:\/\/www.europesays.com\/fr\/wp-json\/wp\/v2\/media\/641752"}],"wp:attachment":[{"href":"https:\/\/www.europesays.com\/fr\/wp-json\/wp\/v2\/media?parent=641751"}],"wp:term":[{"taxonomy":"category","embeddable":true,"href":"https:\/\/www.europesays.com\/fr\/wp-json\/wp\/v2\/categories?post=641751"},{"taxonomy":"post_tag","embeddable":true,"href":"https:\/\/www.europesays.com\/fr\/wp-json\/wp\/v2\/tags?post=641751"}],"curies":[{"name":"wp","href":"https:\/\/api.w.org\/{rel}","templated":true}]}}