{"id":641760,"date":"2026-01-05T04:55:12","date_gmt":"2026-01-05T04:55:12","guid":{"rendered":"https:\/\/www.europesays.com\/fr\/641760\/"},"modified":"2026-01-05T04:55:12","modified_gmt":"2026-01-05T04:55:12","slug":"fabian-ruiz-sur-le-depart-du-psg-cest-confirme","status":"publish","type":"post","link":"https:\/\/www.europesays.com\/fr\/641760\/","title":{"rendered":"Fabian Ruiz sur le d\u00e9part du PSG, c&rsquo;est confirm\u00e9"},"content":{"rendered":"<p><b>Le PSG pourrait vivre une prochaine intersaison mouvement\u00e9e. Parmi les joueurs susceptibles de quitter les champions d\u2019Europe figure Fabian Ruiz.<\/b><\/p>\n<p>Le Paris Saint-Germain ne souhaite pas se pr\u00e9cipiter sur le march\u00e9 des transferts. Le club de la capitale devrait ainsi rester tr\u00e8s discret cet hiver. En revanche, l\u2019\u00e9t\u00e9 prochain pourrait \u00eatre bien diff\u00e9rent, en fonction des r\u00e9sultats obtenus lors de cette seconde partie de saison. Luis Enrique sait que certains \u00e9l\u00e9ments majeurs de son effectif pourraient \u00eatre tent\u00e9s d\u2019aller voir ailleurs apr\u00e8s avoir rendu de pr\u00e9cieux services. Fabian Ruiz fait partie de ces joueurs concern\u00e9s.<\/p>\n<p>Le milieu de terrain espagnol arrive en fin de contrat en juin 2027. S\u2019il ne parvient pas \u00e0 trouver un accord pour prolonger avec le <a href=\"https:\/\/www.foot01.com\/paris\/psg-paris-accepte-une-vente-historique-du-parc-des-princes\" target=\"_self\" rel=\"noopener\">PSG<\/a>, une vente pourrait alors \u00eatre envisag\u00e9e. En Espagne, plusieurs clubs seraient d\u00e9j\u00e0 int\u00e9ress\u00e9s par son profil.Le Betis y croit dur comme fer\u00a0<\/p>\n<p>Selon les informations d\u2019Estadio Deportivo, le Betis est plus que jamais sur le coup pour recruter Fabian Ruiz. Le club andalou sait \u00e9galement que le joueur espagnol r\u00eave de revenir un jour dans son club formateur.<\/p>\n<p>Toutefois, la t\u00e2che s\u2019annonce compliqu\u00e9e pour le Betis. L\u2019ancien joueur de Naples per\u00e7oit en effet un salaire tr\u00e8s confortable et serait proche de prolonger son aventure au PSG. Mais s\u2019il venait un jour \u00e0 faire son retour au Betis, ce serait un v\u00e9ritable coup de ma\u00eetre pour la formation s\u00e9villane, plus ambitieuse que jamais en Liga.<\/p>\n<p>En attendant d\u2019en savoir plus sur son avenir, Fabian Ruiz s\u2019appr\u00eate \u00e0 vivre une ann\u00e9e 2026 particuli\u00e8rement charg\u00e9e, entre le PSG et la s\u00e9lection espagnole. Le milieu de terrain s\u2019\u00e9panouit sous les ordres de Luis Enrique, qui lui accorde une confiance totale dans l\u2019entrejeu parisien.<\/p>\n<p>La concurrence reste toutefois tr\u00e8s forte \u00e0 Paris, et l\u2019entra\u00eeneur du club de la capitale se montrera particuli\u00e8rement attentif aux performances de ses joueurs. Plusieurs pourraient perdre leur place au moindre passage \u00e0 vide lors de cette seconde partie de saison.<\/p>\n","protected":false},"excerpt":{"rendered":"Le PSG pourrait vivre une prochaine intersaison mouvement\u00e9e. Parmi les joueurs susceptibles de quitter les champions d\u2019Europe figure&hellip;\n","protected":false},"author":2,"featured_media":641761,"comment_status":"","ping_status":"","sticky":false,"template":"","format":"standard","meta":{"footnotes":""},"categories":[1410],"tags":[63,1011,27,1434,93,60],"class_list":{"0":"post-641760","1":"post","2":"type-post","3":"status-publish","4":"format-standard","5":"has-post-thumbnail","7":"category-football","8":"tag-football","9":"tag-fr","10":"tag-france","11":"tag-mercato","12":"tag-psg","13":"tag-sports"},"share_on_mastodon":{"url":"https:\/\/pubeurope.com\/@fr\/115840714446482940","error":""},"_links":{"self":[{"href":"https:\/\/www.europesays.com\/fr\/wp-json\/wp\/v2\/posts\/641760","targetHints":{"allow":["GET"]}}],"collection":[{"href":"https:\/\/www.europesays.com\/fr\/wp-json\/wp\/v2\/posts"}],"about":[{"href":"https:\/\/www.europesays.com\/fr\/wp-json\/wp\/v2\/types\/post"}],"author":[{"embeddable":true,"href":"https:\/\/www.europesays.com\/fr\/wp-json\/wp\/v2\/users\/2"}],"replies":[{"embeddable":true,"href":"https:\/\/www.europesays.com\/fr\/wp-json\/wp\/v2\/comments?post=641760"}],"version-history":[{"count":0,"href":"https:\/\/www.europesays.com\/fr\/wp-json\/wp\/v2\/posts\/641760\/revisions"}],"wp:featuredmedia":[{"embeddable":true,"href":"https:\/\/www.europesays.com\/fr\/wp-json\/wp\/v2\/media\/641761"}],"wp:attachment":[{"href":"https:\/\/www.europesays.com\/fr\/wp-json\/wp\/v2\/media?parent=641760"}],"wp:term":[{"taxonomy":"category","embeddable":true,"href":"https:\/\/www.europesays.com\/fr\/wp-json\/wp\/v2\/categories?post=641760"},{"taxonomy":"post_tag","embeddable":true,"href":"https:\/\/www.europesays.com\/fr\/wp-json\/wp\/v2\/tags?post=641760"}],"curies":[{"name":"wp","href":"https:\/\/api.w.org\/{rel}","templated":true}]}}