{"id":641764,"date":"2026-01-05T04:57:24","date_gmt":"2026-01-05T04:57:24","guid":{"rendered":"https:\/\/www.europesays.com\/fr\/641764\/"},"modified":"2026-01-05T04:57:24","modified_gmt":"2026-01-05T04:57:24","slug":"cinq-livres-sur-larchitecture-pour-batir-2026-autrement","status":"publish","type":"post","link":"https:\/\/www.europesays.com\/fr\/641764\/","title":{"rendered":"Cinq livres sur l\u2019architecture pour b\u00e2tir 2026 autrement"},"content":{"rendered":"<p> Pour soutenir le travail de toute une r\u00e9daction, abonnez-vous <\/p>\n<p>Pourquoi voyez-vous ce message ?<\/p>\n<p class=\"textDrop\"> Vous avez choisi de ne pas <a class=\"gdpr-cs-parameters-link cmp-refuse__link\" rel=\"noopener\" href=\"#\">accepter le d\u00e9p\u00f4t de \u00ab\u00a0cookies\u00a0\u00bb<\/a> sur votre navigateur, qui permettent notamment d&rsquo;afficher de la publicit\u00e9 personnalis\u00e9e. Nous respectons votre choix, et nous y veillerons.<\/p>\n<p>Chaque jour, la r\u00e9daction et l&rsquo;ensemble des m\u00e9tiers de T\u00e9l\u00e9rama se mobilisent pour vous proposer sur notre site une offre critique compl\u00e8te, un suivi de l&rsquo;actualit\u00e9 culturelle, des enqu\u00eates, des entretiens, des reportages, des vid\u00e9os, des services, des \u00e9v\u00e8nements&#8230; Qualit\u00e9, fiabilit\u00e9 et ind\u00e9pendance en sont les ma\u00eetres mots.<\/p>\n<p>Pour ce faire, le soutien et la fid\u00e9lit\u00e9 de nos abonn\u00e9s est essentiel. Nous vous invitons \u00e0 rejoindre \u00e0 votre tour cette communaut\u00e9 en vous abonnant \u00e0 T\u00e9l\u00e9rama.<\/p>\n<p>Merci, et \u00e0 bient\u00f4t.<\/p>\n<p>  <a href=\"https:\/\/abos.telerama.fr?xtor=AD-111\" class=\"cmp-refuse__custom-btn--abo\" data-gtm-event=\"abo bandeau cookies\" data-gtm-type=\"click\" target=\"_blank\" rel=\"noopener\">S\u2019abonner<\/a>     <\/p>\n","protected":false},"excerpt":{"rendered":"Pour soutenir le travail de toute une r\u00e9daction, abonnez-vous Pourquoi voyez-vous ce message ? Vous avez choisi de&hellip;\n","protected":false},"author":2,"featured_media":641765,"comment_status":"","ping_status":"","sticky":false,"template":"","format":"standard","meta":{"footnotes":""},"categories":[1358],"tags":[1348,1384,1385,1386,58,59,1011,27],"class_list":{"0":"post-641764","1":"post","2":"type-post","3":"status-publish","4":"format-standard","5":"has-post-thumbnail","7":"category-arts-et-design","8":"tag-arts","9":"tag-arts-and-design","10":"tag-arts-et-design","11":"tag-design","12":"tag-divertissement","13":"tag-entertainment","14":"tag-fr","15":"tag-france"},"share_on_mastodon":{"url":"https:\/\/pubeurope.com\/@fr\/115840722033521859","error":""},"_links":{"self":[{"href":"https:\/\/www.europesays.com\/fr\/wp-json\/wp\/v2\/posts\/641764","targetHints":{"allow":["GET"]}}],"collection":[{"href":"https:\/\/www.europesays.com\/fr\/wp-json\/wp\/v2\/posts"}],"about":[{"href":"https:\/\/www.europesays.com\/fr\/wp-json\/wp\/v2\/types\/post"}],"author":[{"embeddable":true,"href":"https:\/\/www.europesays.com\/fr\/wp-json\/wp\/v2\/users\/2"}],"replies":[{"embeddable":true,"href":"https:\/\/www.europesays.com\/fr\/wp-json\/wp\/v2\/comments?post=641764"}],"version-history":[{"count":0,"href":"https:\/\/www.europesays.com\/fr\/wp-json\/wp\/v2\/posts\/641764\/revisions"}],"wp:featuredmedia":[{"embeddable":true,"href":"https:\/\/www.europesays.com\/fr\/wp-json\/wp\/v2\/media\/641765"}],"wp:attachment":[{"href":"https:\/\/www.europesays.com\/fr\/wp-json\/wp\/v2\/media?parent=641764"}],"wp:term":[{"taxonomy":"category","embeddable":true,"href":"https:\/\/www.europesays.com\/fr\/wp-json\/wp\/v2\/categories?post=641764"},{"taxonomy":"post_tag","embeddable":true,"href":"https:\/\/www.europesays.com\/fr\/wp-json\/wp\/v2\/tags?post=641764"}],"curies":[{"name":"wp","href":"https:\/\/api.w.org\/{rel}","templated":true}]}}