{"id":641766,"date":"2026-01-05T04:59:11","date_gmt":"2026-01-05T04:59:11","guid":{"rendered":"https:\/\/www.europesays.com\/fr\/641766\/"},"modified":"2026-01-05T04:59:11","modified_gmt":"2026-01-05T04:59:11","slug":"venezuela-nos-reporters-sur-place","status":"publish","type":"post","link":"https:\/\/www.europesays.com\/fr\/641766\/","title":{"rendered":"Venezuela : nos reporters sur place"},"content":{"rendered":"<p class=\"jsx-4058425199 jsx-2164199691 ExpandableText__Text\">Comment r\u00e9agissent les V\u00e9n\u00e9zu\u00e9liens ? L\u2019arrestation de Maduro est-elle une lib\u00e9ration ou une humiliation ? Les institutions du r\u00e9gime chaviste \u00e9tant toujours en place, les habitants savent qu&rsquo;ils sont sous surveillance, que ce soit dans les  ues de Caracas ou \u00e0 la fronti\u00e8re avec la Colombie. Apr\u00e8s la frappe, la priorit\u00e9 de la population est de trouver de l\u2019essence et surtout de quoi manger. Dans la rue, il est difficile de parler d&rsquo;autre chose que des difficult\u00e9s quotidiennes.<\/p>\n<p>Lire plusReplier<\/p>\n","protected":false},"excerpt":{"rendered":"Comment r\u00e9agissent les V\u00e9n\u00e9zu\u00e9liens ? L\u2019arrestation de Maduro est-elle une lib\u00e9ration ou une humiliation ? Les institutions du&hellip;\n","protected":false},"author":2,"featured_media":641767,"comment_status":"","ping_status":"","sticky":false,"template":"","format":"standard","meta":{"footnotes":""},"categories":[1356],"tags":[58,59,1011,27,2952,8200,252,1364,74844,133,1920,64673],"class_list":{"0":"post-641766","1":"post","2":"type-post","3":"status-publish","4":"format-standard","5":"has-post-thumbnail","7":"category-television","8":"tag-divertissement","9":"tag-entertainment","10":"tag-fr","11":"tag-france","12":"tag-le-20h","13":"tag-politique-et-crise-dun-pays-etranger","14":"tag-television","15":"tag-tv","16":"tag-venezuela-nicolas-maduro-capture-par-les-etats-unis","17":"tag-video","18":"tag-video-international","19":"tag-vie-quotidienne-etrangere"},"share_on_mastodon":{"url":"https:\/\/pubeurope.com\/@fr\/115840730084385097","error":""},"_links":{"self":[{"href":"https:\/\/www.europesays.com\/fr\/wp-json\/wp\/v2\/posts\/641766","targetHints":{"allow":["GET"]}}],"collection":[{"href":"https:\/\/www.europesays.com\/fr\/wp-json\/wp\/v2\/posts"}],"about":[{"href":"https:\/\/www.europesays.com\/fr\/wp-json\/wp\/v2\/types\/post"}],"author":[{"embeddable":true,"href":"https:\/\/www.europesays.com\/fr\/wp-json\/wp\/v2\/users\/2"}],"replies":[{"embeddable":true,"href":"https:\/\/www.europesays.com\/fr\/wp-json\/wp\/v2\/comments?post=641766"}],"version-history":[{"count":0,"href":"https:\/\/www.europesays.com\/fr\/wp-json\/wp\/v2\/posts\/641766\/revisions"}],"wp:featuredmedia":[{"embeddable":true,"href":"https:\/\/www.europesays.com\/fr\/wp-json\/wp\/v2\/media\/641767"}],"wp:attachment":[{"href":"https:\/\/www.europesays.com\/fr\/wp-json\/wp\/v2\/media?parent=641766"}],"wp:term":[{"taxonomy":"category","embeddable":true,"href":"https:\/\/www.europesays.com\/fr\/wp-json\/wp\/v2\/categories?post=641766"},{"taxonomy":"post_tag","embeddable":true,"href":"https:\/\/www.europesays.com\/fr\/wp-json\/wp\/v2\/tags?post=641766"}],"curies":[{"name":"wp","href":"https:\/\/api.w.org\/{rel}","templated":true}]}}