{"id":641770,"date":"2026-01-05T05:01:34","date_gmt":"2026-01-05T05:01:34","guid":{"rendered":"https:\/\/www.europesays.com\/fr\/641770\/"},"modified":"2026-01-05T05:01:34","modified_gmt":"2026-01-05T05:01:34","slug":"le-documentaire-en-avant-premiere-au-pathe-le-mans","status":"publish","type":"post","link":"https:\/\/www.europesays.com\/fr\/641770\/","title":{"rendered":"le documentaire en avant-premi\u00e8re au Path\u00e9 Le Mans"},"content":{"rendered":"<p class=\"su-standfirst chapeau\">Le producteur manceau Bertrand Guerry et le\u00a0r\u00e9alisateur Philippe M\u00e9nardet seront au Path\u00e9 Quinconces du Mans ce mardi 6\u00a0janvier 2026 pour la projection en avant-premi\u00e8re de leur documentaire \u00ab\u00a0Dis-moi sur quel pied tu danses\u00a0\u00bb, une \u00e9tonnante immersion dans un service de r\u00e9adaptation pour personnes amput\u00e9es.<\/p>\n<p>                                        <img decoding=\"async\" class=\"su-media\" src=\"https:\/\/media.ouest-france.fr\/v1\/pictures\/MjAyNjAxZjU3NGRmMWFiZTBhZWEwMGUxMTVmZDM2OGQ4NGJiNTE?width=1260&amp;height=708&amp;focuspoint=50%2C25&amp;cropresize=1&amp;client_id=bpeditorial&amp;sign=d67ae9bdd504069345d9457a8e530d140f0b542d6adfd5043ae5788b373cbde3\" alt=\"\u00ab\u00a0Dis mois sur quel pied tu danses\u00a0\u00bb est produit par\u00a0le Manceau Bertrand Guerry.\"  \/><\/p>\n<p>                            \u00ab\u00a0Dis mois sur quel pied tu danses\u00a0\u00bb est produit par\u00a0le Manceau Bertrand Guerry. | MITIKI \u2013 2025<\/p>\n<p>                            fermer<\/p>\n<ul class=\"su-row su-carrousel-container su-not-list\" data-suswipe=\"{\" rambo=\"\" .carrousel-nav-bas=\"\" .item=\"\">\n<li class=\"su-col-xs-6 su-col-md-24 carrousel-contenu su-carrousel-item\" data-ofvwidth=\"{\" mobileonly=\"\"><img decoding=\"async\" data-ofmaxheight=\"\" class=\"su-media lazyload\" alt=\"\u00ab\u00a0Dis mois sur quel pied tu danses\u00a0\u00bb est produit par\u00a0le Manceau Bertrand Guerry.\" src=\"data:image\/png;base64,iVBORw0KGgoAAAANSUhEUgAAABAAAAAJCAYAAAA7KqwyAAAAGXRFWHRTb2Z0d2FyZQBBZG9iZSBJbWFnZVJlYWR5ccllPAAAABhJREFUeNpi\/P\/\/PwMlgHHUgFEDgAAgwAD+lBrvy+NcxAAAAABJRU5ErkJggg==\" data-oflazyload=\"{&quot;srcset&quot;:&quot;https:\/\/media.ouest-france.fr\/v1\/pictures\/MjAyNjAxZjU3NGRmMWFiZTBhZWEwMGUxMTVmZDM2OGQ4NGJiNTE?width=320&amp;focuspoint=50%2C25&amp;cropresize=1&amp;client_id=bpeditorial&amp;sign=81f47d37ac19984d516be1db06db9a1eb8d84e2203831208c163e62f1a1384b0 320w,https:\/\/media.ouest-france.fr\/v1\/pictures\/MjAyNjAxZjU3NGRmMWFiZTBhZWEwMGUxMTVmZDM2OGQ4NGJiNTE?width=375&amp;focuspoint=50%2C25&amp;cropresize=1&amp;client_id=bpeditorial&amp;sign=80df4172bca4acd0b68473d76521b66e5056e18b44ae177839d94989b638e922 360w,https:\/\/media.ouest-france.fr\/v1\/pictures\/MjAyNjAxZjU3NGRmMWFiZTBhZWEwMGUxMTVmZDM2OGQ4NGJiNTE?width=480&amp;focuspoint=50%2C25&amp;cropresize=1&amp;client_id=bpeditorial&amp;sign=a161ccd9e60e1a95308dba11000e42d74b52e23a1e5d3c2bda630ff055dc6727 480w,https:\/\/media.ouest-france.fr\/v1\/pictures\/MjAyNjAxZjU3NGRmMWFiZTBhZWEwMGUxMTVmZDM2OGQ4NGJiNTE?width=630&amp;focuspoint=50%2C25&amp;cropresize=1&amp;client_id=bpeditorial&amp;sign=0c4a9130907790561369830a6b46d46211133f6ddf4c689bfdbc1a595de211ba 630w,https:\/\/media.ouest-france.fr\/v1\/pictures\/MjAyNjAxZjU3NGRmMWFiZTBhZWEwMGUxMTVmZDM2OGQ4NGJiNTE?width=940&amp;focuspoint=50%2C25&amp;cropresize=1&amp;client_id=bpeditorial&amp;sign=1b16ae72562ebe07e571b26c063796a0215d57b9cd7538c0380a0c0574399a16 940w,https:\/\/media.ouest-france.fr\/v1\/pictures\/MjAyNjAxZjU3NGRmMWFiZTBhZWEwMGUxMTVmZDM2OGQ4NGJiNTE?width=1260&amp;focuspoint=50%2C25&amp;cropresize=1&amp;client_id=bpeditorial&amp;sign=bac6ed7018f490c8da2837441cc2daf8f6ffa3d20c3118815fbb7fee421baa36 1260w&quot;}\"\/>\u00ab\u00a0Dis mois sur quel pied tu danses\u00a0\u00bb est produit par\u00a0le Manceau Bertrand Guerry. | MITIKI \u2013 2025<\/li>\n<\/ul>\n<p>        Publi\u00e9 le 04\/01\/2026  \u00e0 08h46<\/p>\n<p>                            Lire plus tard<\/p>\n<p>                            Partager<\/p>\n<ul id=\"partage-col-gauche\" class=\"su-not-list su-hidden su-margin-top-xs\">\n<li>FacebookFacebook<\/li>\n<li>BlueSkyBlueSky<\/li>\n<li>FlipboardFlipboard<\/li>\n<li>linkedinLinkedIn<\/li>\n<\/ul>\n<p class=\"su-h3 su-margin-bottom-xs\">Newsletter Le Mans<\/p>\n<p>Chaque matin, recevez toute l\u2019information du Mans et de ses environs avec <strong>Le Maine Libre<\/strong><\/p>\n<p class=\"su-margin-top-s su-text-xsmall texte-rgpd su-hidden\">Votre e-mail, avec votre consentement, est utilis\u00e9 par Ouest-France pour recevoir notre newsletter. <a class=\"su-link-light\" href=\"https:\/\/www.ouest-france.fr\/politique-de-protection-des-donnees-personnelles\/\" target=\"_blank\" rel=\"noopener\">En\u00a0savoir\u00a0plus<\/a>.<\/p>\n<p><a href=\"https:\/\/www.ouest-france.fr\/cinema\/le-bonheur-est-une-bete-sauvage-ce-film-lumineux-sortira-a-lete-2025-83c1ea56-b0a5-11ef-b968-56ee5c51c9ef\" target=\"_blank\" rel=\"noopener\">Le Manceau Bertrand Guerry<\/a> a produit le documentaire \u00ab\u00a0Dis-moi sur quel pied tu danses\u00a0\u00bb r\u00e9alis\u00e9 par\u00a0Philippe M\u00e9nard. Tous les deux seront pr\u00e9sents au cin\u00e9ma Path\u00e9 Quinconces <a href=\"https:\/\/www.ouest-france.fr\/pays-de-la-loire\/le-mans-72000\/\" target=\"_blank\" rel=\"noopener\">du Mans<\/a> le mardi 6\u00a0janvier 2026 pour lancer la s\u00e9ance de 19\u00a0h\u00a030 puis \u00e9changer avec le public \u00e0 l\u2019issue de cette projection en avant-premi\u00e8re.<\/p>\n<p>Le documentaire s\u2019int\u00e9resse \u00e0 un service de r\u00e9adaptation pour personnes\u00a0amput\u00e9es. Au travers vingt portraits de soignants et patients, le film \u00a0explore la danse comme m oyen d\u2019expression, de transformation et de partage\u00a0, quand \u00a0le manque devient moteur de cr\u00e9ation\u00a0.<\/p>\n<p>R\u00e9servations sur <a href=\"https:\/\/www.pathe.fr\/\" target=\"_blank\" rel=\"noopener\">pathe.fr<\/a>.<\/p>\n","protected":false},"excerpt":{"rendered":"Le producteur manceau Bertrand Guerry et le\u00a0r\u00e9alisateur Philippe M\u00e9nardet seront au Path\u00e9 Quinconces du Mans ce mardi 6\u00a0janvier&hellip;\n","protected":false},"author":2,"featured_media":641771,"comment_status":"","ping_status":"","sticky":false,"template":"","format":"standard","meta":{"footnotes":""},"categories":[1354],"tags":[650,58,59,1346,1011,27,74845,2191,1360,96],"class_list":{"0":"post-641770","1":"post","2":"type-post","3":"status-publish","4":"format-standard","5":"has-post-thumbnail","7":"category-films","8":"tag-cinema","9":"tag-divertissement","10":"tag-entertainment","11":"tag-films","12":"tag-fr","13":"tag-france","14":"tag-handicaps","15":"tag-le-mans","16":"tag-movies","17":"tag-une"},"share_on_mastodon":{"url":"https:\/\/pubeurope.com\/@fr\/115840737811606751","error":""},"_links":{"self":[{"href":"https:\/\/www.europesays.com\/fr\/wp-json\/wp\/v2\/posts\/641770","targetHints":{"allow":["GET"]}}],"collection":[{"href":"https:\/\/www.europesays.com\/fr\/wp-json\/wp\/v2\/posts"}],"about":[{"href":"https:\/\/www.europesays.com\/fr\/wp-json\/wp\/v2\/types\/post"}],"author":[{"embeddable":true,"href":"https:\/\/www.europesays.com\/fr\/wp-json\/wp\/v2\/users\/2"}],"replies":[{"embeddable":true,"href":"https:\/\/www.europesays.com\/fr\/wp-json\/wp\/v2\/comments?post=641770"}],"version-history":[{"count":0,"href":"https:\/\/www.europesays.com\/fr\/wp-json\/wp\/v2\/posts\/641770\/revisions"}],"wp:featuredmedia":[{"embeddable":true,"href":"https:\/\/www.europesays.com\/fr\/wp-json\/wp\/v2\/media\/641771"}],"wp:attachment":[{"href":"https:\/\/www.europesays.com\/fr\/wp-json\/wp\/v2\/media?parent=641770"}],"wp:term":[{"taxonomy":"category","embeddable":true,"href":"https:\/\/www.europesays.com\/fr\/wp-json\/wp\/v2\/categories?post=641770"},{"taxonomy":"post_tag","embeddable":true,"href":"https:\/\/www.europesays.com\/fr\/wp-json\/wp\/v2\/tags?post=641770"}],"curies":[{"name":"wp","href":"https:\/\/api.w.org\/{rel}","templated":true}]}}