{"id":641774,"date":"2026-01-05T05:04:13","date_gmt":"2026-01-05T05:04:13","guid":{"rendered":"https:\/\/www.europesays.com\/fr\/641774\/"},"modified":"2026-01-05T05:04:13","modified_gmt":"2026-01-05T05:04:13","slug":"leonardo-dicaprio-compare-les-salles-de-cinema-a-des-clubs-de-jazz-et-ce-nest-pas-positif","status":"publish","type":"post","link":"https:\/\/www.europesays.com\/fr\/641774\/","title":{"rendered":"Leonardo DiCaprio compare les salles de cin\u00e9ma \u00e0 des clubs de jazz, et ce n\u2019est pas positif"},"content":{"rendered":"<p>        <img decoding=\"async\" loading=\"lazy\" src=\"https:\/\/www.europesays.com\/fr\/wp-content\/uploads\/2026\/01\/399e024_upload-1-u5hrwnmwgrup-afp-20251211-2251288857-v3-highres-2025ayearintimeevent.jpg\"  width=\"728\" height=\"410\" alt=\"Leonardo DiCaprio, ici \u00e0 New York, le 10\u00a0d\u00e9cembre 2025.\"\/>  <\/p>\n<p>CRAIG BARRITT \/ Getty Images via AFP<\/p>\n<p>Leonardo DiCaprio, ici \u00e0 New York, le 10\u00a0d\u00e9cembre 2025.<\/p>\n<p class=\"asset asset-text\">Leonardo DiCaprio s\u2019inqui\u00e8te pour l\u2019avenir du cin\u00e9ma et il tenait \u00e0 le faire savoir. L\u2019acteur hollywoodien s\u2019est r\u00e9cemment demand\u00e9, dans une interview pour le journal britannique <a href=\"https:\/\/www.thetimes.com\/culture\/film\/article\/leonardo-dicaprio-paul-thomas-anderson-interview-one-battle-after-another-zs7dpf3w7\" target=\"_blank\" rel=\"noopener\" title=\"Nouvelle fen\u00eatre\">Times of London<\/a>, si \u00ab\u00a0les gens avaient encore envie\u00a0\u00bb d\u2019aller au cin\u00e9ma. Ou si les salles obscures allaient devenir des lieux de niche, fr\u00e9quent\u00e9es uniquement par les plus passionn\u00e9s, \u00ab\u00a0comme les bars de jazz\u00a0\u00bb.<\/p>\n<p class=\"asset asset-text\">\u00ab\u00a0Tout change \u00e0 une vitesse fulgurante\u00a0\u00bb dans l\u2019industrie cin\u00e9matographique selon la star de Titanic. \u00ab\u00a0Nous assistons \u00e0 une transition majeure. Tout d\u2019abord, les documentaires ont disparu des salles de cin\u00e9ma. Aujourd\u2019hui, les films dramatiques ne b\u00e9n\u00e9ficient que d\u2019un temps d\u2019exposition limit\u00e9 et les gens attendent de pouvoir les voir en streaming\u00a0\u00bb, constate-t-il am\u00e8rement, <a href=\"https:\/\/variety.com\/2026\/film\/news\/leonardo-dicaprio-appetite-movie-theaters-1236622961\/\" target=\"_blank\" rel=\"noopener\" title=\"Nouvelle fen\u00eatre\">comme le rapporte Variety ce dimanche 4\u00a0janvier<\/a>.<\/p>\n<p class=\"asset asset-text\">\u00c0 l\u2019instar de James Cameron r\u00e9cemment, <a href=\"https:\/\/www.huffingtonpost.fr\/culture\/article\/pour-james-cameron-les-films-netflix-qualifies-pour-les-oscars-relevent-d-une-arnaque_257526.html\" target=\"_blank\" rel=\"noopener\">qui critiquait vigoureusement les studios sortant des films directement sur les plateformes de streaming<\/a>, Leonardo DiCaprio estime aussi que l\u2019avenir du cin\u00e9ma passe toujours par les salles. \u00ab\u00a0J\u2019esp\u00e8re simplement que suffisamment de v\u00e9ritables visionnaires auront l\u2019occasion de r\u00e9aliser \u00e0 l\u2019avenir des projets uniques qui seront diffus\u00e9s au cin\u00e9ma.\u00a0Mais cela reste \u00e0 voir\u00a0\u00bb, partage-t-il.<\/p>\n<p class=\"asset asset-text\">Lors d\u2019une r\u00e9cente interview pour Time, l\u2019acteur am\u00e9ricain avait par ailleurs critiqu\u00e9 l\u2019IA dans le cin\u00e9ma, affirmant que cette technologie est incapable d\u2019humanit\u00e9 et ne peut donc pas \u00eatre consid\u00e9r\u00e9e comme de l\u2019art \u00ab\u00a0authentique\u00a0\u00bb.<\/p>\n<p class=\"asset asset-text\">Leonardo DiCaprio sera en ce d\u00e9but d\u2019ann\u00e9e particuli\u00e8rement scrut\u00e9, lui qui joue dans le film <a href=\"https:\/\/www.huffingtonpost.fr\/culture\/article\/une-bataille-apres-l-autre-avec-leonardo-dicaprio-une-reponse-explosive-a-l-amerique-de-trump-clx1_255033.html\" target=\"_blank\" rel=\"noopener\">Une bataille apr\u00e8s l\u2019autre<\/a>, qui domine les nominations pour les Golden Globes dont la c\u00e9r\u00e9monie se tiendra le 11\u00a0janvier. Le long-m\u00e9trage r\u00e9alis\u00e9 par Paul Thomas Anderson est <a href=\"https:\/\/www.huffingtonpost.fr\/culture\/article\/golden-globes-2026-la-liste-complete-des-nommes-avec-adolescence-et-valeur-sentimentale-en-tete_257985.html\" target=\"_blank\" rel=\"noopener\">pr\u00e9sent dans neuf cat\u00e9gories<\/a>.<\/p>\n","protected":false},"excerpt":{"rendered":"CRAIG BARRITT \/ Getty Images via AFP Leonardo DiCaprio, ici \u00e0 New York, le 10\u00a0d\u00e9cembre 2025. Leonardo DiCaprio&hellip;\n","protected":false},"author":2,"featured_media":641775,"comment_status":"","ping_status":"","sticky":false,"template":"","format":"standard","meta":{"footnotes":""},"categories":[8],"tags":[650,251,58,59,1011,27,2132],"class_list":{"0":"post-641774","1":"post","2":"type-post","3":"status-publish","4":"format-standard","5":"has-post-thumbnail","7":"category-divertissement","8":"tag-cinema","9":"tag-culture","10":"tag-divertissement","11":"tag-entertainment","12":"tag-fr","13":"tag-france","14":"tag-leonardo-dicaprio"},"share_on_mastodon":{"url":"https:\/\/pubeurope.com\/@fr\/115840749662008396","error":""},"_links":{"self":[{"href":"https:\/\/www.europesays.com\/fr\/wp-json\/wp\/v2\/posts\/641774","targetHints":{"allow":["GET"]}}],"collection":[{"href":"https:\/\/www.europesays.com\/fr\/wp-json\/wp\/v2\/posts"}],"about":[{"href":"https:\/\/www.europesays.com\/fr\/wp-json\/wp\/v2\/types\/post"}],"author":[{"embeddable":true,"href":"https:\/\/www.europesays.com\/fr\/wp-json\/wp\/v2\/users\/2"}],"replies":[{"embeddable":true,"href":"https:\/\/www.europesays.com\/fr\/wp-json\/wp\/v2\/comments?post=641774"}],"version-history":[{"count":0,"href":"https:\/\/www.europesays.com\/fr\/wp-json\/wp\/v2\/posts\/641774\/revisions"}],"wp:featuredmedia":[{"embeddable":true,"href":"https:\/\/www.europesays.com\/fr\/wp-json\/wp\/v2\/media\/641775"}],"wp:attachment":[{"href":"https:\/\/www.europesays.com\/fr\/wp-json\/wp\/v2\/media?parent=641774"}],"wp:term":[{"taxonomy":"category","embeddable":true,"href":"https:\/\/www.europesays.com\/fr\/wp-json\/wp\/v2\/categories?post=641774"},{"taxonomy":"post_tag","embeddable":true,"href":"https:\/\/www.europesays.com\/fr\/wp-json\/wp\/v2\/tags?post=641774"}],"curies":[{"name":"wp","href":"https:\/\/api.w.org\/{rel}","templated":true}]}}