{"id":641778,"date":"2026-01-05T05:06:13","date_gmt":"2026-01-05T05:06:13","guid":{"rendered":"https:\/\/www.europesays.com\/fr\/641778\/"},"modified":"2026-01-05T05:06:13","modified_gmt":"2026-01-05T05:06:13","slug":"carnet-noir-hommage-a-michel-austruy-figure-des-extrapedestres-decede-pendant-un-entrainement-de-course","status":"publish","type":"post","link":"https:\/\/www.europesays.com\/fr\/641778\/","title":{"rendered":"CARNET NOIR. Hommage \u00e0 Michel Austruy, figure des Extrap\u00e9destres, d\u00e9c\u00e9d\u00e9 pendant un entra\u00eenement de course"},"content":{"rendered":"<p>\n                                                                    l&rsquo;essentiel<br \/>\n                                                                Le club des Extrap\u00e9destres est en deuil. Ce dimanche, lors d\u2019un entra\u00eenement \u00e0 Constans, Michel Austruy s\u2019est \u00e9teint brutalement des suites d\u2019une d\u00e9faillance cardiaque. Ancien chef d\u2019entreprise et figure associative tr\u00e8s impliqu\u00e9e \u00e0 Cahors, cet homme de conviction laisse derri\u00e8re lui le souvenir d\u2019un engagement sans faille et d\u2019une profonde g\u00e9n\u00e9rosit\u00e9.\n                            <\/p>\n<p>Le club des Extrap\u00e9destres organisait ce dimanche un entra\u00eenement de course et marche sur Constans. A mi parcours de la marche, Michel Austruy a eu une d\u00e9faillance cardiaque et n\u2019a pu \u00eatre r\u00e9anim\u00e9 malgr\u00e9 l\u2019intervention des secours.<\/p>\n<p class=\"std-elt__inline\">\n        <strong>\u00c0 lire aussi :<\/strong><br \/>\n        <a href=\"https:\/\/www.ladepeche.fr\/2025\/06\/02\/course-a-pied-lascension-des-extrapedestres-de-cahors-12736348.php\" target=\"_blank\" rel=\"noopener\">Course \u00e0 pied\u00a0: l\u2019ascension des Extrap\u00e9destres de Cahors<\/a>\n    <\/p>\n<p>Apr\u00e8s une brillante carri\u00e8re de chef d\u2019entreprise sur Toulouse, Michel Austruy, 71 ans, avait d\u00e9cid\u00e9 de prendre sa retraite sur Cahors en s\u2019investissant dans plusieurs associations des domaines sportifs, culturels et caritatifs. Il avait adh\u00e9r\u00e9 au club des Extrap\u00e9destres pour pratiquer assidument la marche sportive. Cet ancien marathonien continuait ainsi une pratique r\u00e9guli\u00e8re du sport. Il \u00e9tait entr\u00e9 au conseil d\u2019administration du club en 2024 et \u00e9tait tr\u00e8s investi dans son animation, notamment dans l\u2019organisation des sorties marche et des week-ends sportifs \u00e0 l\u2019ext\u00e9rieur du d\u00e9partement. Il avait \u00e9galement fond\u00e9 l\u2019association Trandoverte pour organiser avec ses amis du Rotary Divona Cahors la course du m\u00eame nom au b\u00e9n\u00e9fice de la lutte contre le harc\u00e8lement scolaire. Homme d\u2019action et de conviction, Michel Austruy \u00e9tait donc tr\u00e8s impliqu\u00e9 dans la vie locale et mettait ses comp\u00e9tences au service de plusieurs causes toujours d\u00e9sint\u00e9ress\u00e9es.<\/p>\n<p class=\"std-elt__inline\">\n        <strong>\u00c0 lire aussi :<\/strong><br \/>\n        <a href=\"https:\/\/www.ladepeche.fr\/2025\/04\/29\/les-extrapedestres-de-cahors-sur-plusieurs-fronts-12665562.php\" target=\"_blank\" rel=\"noopener\">Les Extrap\u00e9destres de Cahors sur plusieurs fronts<\/a>\n    <\/p>\n<p>Constern\u00e9 par ce drame, le pr\u00e9sident du club, Gilles Cluzet, tient \u00e0 lui rendre hommage \u00ab\u00a0Michel \u00e9tait avant tout mon ami, un homme engag\u00e9 en faveur de nobles causes, ne comptant pas ses heures de b\u00e9n\u00e9volat, toujours partant pour donner un coup de main afin de faire avancer la solidarit\u00e9 et l\u2019entraide. Un exemple, il \u00e9tait parti visiter Madagascar et \u00e9tait revenu choqu\u00e9 par la mis\u00e8re de ses enfants. Aussit\u00f4t, il a cr\u00e9\u00e9 une association pour leur venir en aide et collecter de l\u2019argent afin d\u2019assurer le financement de la scolarit\u00e9 de petits Malgaches. Il \u00e9tait comme \u00e7a Michel, toujours souriant et la main sur le c\u0153ur. En cet instant p\u00e9nible, je tiens \u00e0 adresser au nom du club, toute mon affection et mon soutien \u00e0 son \u00e9pouse, Chantal, et \u00e0 ses trois enfants. Nous n\u2019oublierons pas Michel qui reste un mod\u00e8le d\u2019engagement pour nous tous. Adieu Michel, que ton \u00e2me s\u2019envole au paradis des marcheurs d\u2019absolu\u2026\u00a0\u00bb<\/p>\n","protected":false},"excerpt":{"rendered":"l&rsquo;essentiel Le club des Extrap\u00e9destres est en deuil. Ce dimanche, lors d\u2019un entra\u00eenement \u00e0 Constans, Michel Austruy s\u2019est&hellip;\n","protected":false},"author":2,"featured_media":641779,"comment_status":"","ping_status":"","sticky":false,"template":"","format":"standard","meta":{"footnotes":""},"categories":[6],"tags":[35,70521,12655,33,34,1011,27,329,20064,1857],"class_list":{"0":"post-641778","1":"post","2":"type-post","3":"status-publish","4":"format-standard","5":"has-post-thumbnail","7":"category-economie","8":"tag-business","9":"tag-cahors","10":"tag-carnet-noir","11":"tag-economie","12":"tag-economy","13":"tag-fr","14":"tag-france","15":"tag-france-monde","16":"tag-lot","17":"tag-sociu00e9tu00e9"},"share_on_mastodon":{"url":"https:\/\/pubeurope.com\/@fr\/115840757466808415","error":""},"_links":{"self":[{"href":"https:\/\/www.europesays.com\/fr\/wp-json\/wp\/v2\/posts\/641778","targetHints":{"allow":["GET"]}}],"collection":[{"href":"https:\/\/www.europesays.com\/fr\/wp-json\/wp\/v2\/posts"}],"about":[{"href":"https:\/\/www.europesays.com\/fr\/wp-json\/wp\/v2\/types\/post"}],"author":[{"embeddable":true,"href":"https:\/\/www.europesays.com\/fr\/wp-json\/wp\/v2\/users\/2"}],"replies":[{"embeddable":true,"href":"https:\/\/www.europesays.com\/fr\/wp-json\/wp\/v2\/comments?post=641778"}],"version-history":[{"count":0,"href":"https:\/\/www.europesays.com\/fr\/wp-json\/wp\/v2\/posts\/641778\/revisions"}],"wp:featuredmedia":[{"embeddable":true,"href":"https:\/\/www.europesays.com\/fr\/wp-json\/wp\/v2\/media\/641779"}],"wp:attachment":[{"href":"https:\/\/www.europesays.com\/fr\/wp-json\/wp\/v2\/media?parent=641778"}],"wp:term":[{"taxonomy":"category","embeddable":true,"href":"https:\/\/www.europesays.com\/fr\/wp-json\/wp\/v2\/categories?post=641778"},{"taxonomy":"post_tag","embeddable":true,"href":"https:\/\/www.europesays.com\/fr\/wp-json\/wp\/v2\/tags?post=641778"}],"curies":[{"name":"wp","href":"https:\/\/api.w.org\/{rel}","templated":true}]}}