{"id":641780,"date":"2026-01-05T05:07:14","date_gmt":"2026-01-05T05:07:14","guid":{"rendered":"https:\/\/www.europesays.com\/fr\/641780\/"},"modified":"2026-01-05T05:07:14","modified_gmt":"2026-01-05T05:07:14","slug":"des-soupcons-dincendie-criminel-des-dizaines-de-milliers-de-foyers-berlinois-prives-delectricite-jusquau-8-janvier-rtl-fr","status":"publish","type":"post","link":"https:\/\/www.europesays.com\/fr\/641780\/","title":{"rendered":"&quot;Des soup\u00e7ons d&#039;incendie criminel&quot; : des dizaines de milliers de foyers berlinois priv\u00e9s d&#039;\u00e9lectricit\u00e9 jusqu&#039;au 8 janvier &#8211; RTL.fr"},"content":{"rendered":"<ol>\n<li><a href=\"https:\/\/news.google.com\/rss\/articles\/CBMi-gFBVV95cUxOR0E3eUlBbWdCN3dCaVBVdmFjcGZicDlLUDhQZDU3Zk9JNndtdXU1a25oS003MmZQY1ExdHJyZFBiamVTU2VXQ1VIWlpJTGVyU2ZpdjlQd1FMRERkd1lrQVNZbFl2dG9nMUs5SVZaOC1HcnplMzRZU0g5N1RWSEZMMnVpVVVncUF1TTVKNkUxLWZaRW1TX0ZQemdvM3I0S2RncVYxOXo5OHhscENIR1ZCRjZ3SmlLV3QwWVIzcmFkZk9aTmo0eHdvNzhXS1B4aFhTTXNEQW9MTVpzVC1QWDQ4RnlaOURyc0h1VWljX3pHcWpkOXMxdEIyTDh3?oc=5\" target=\"_blank\" rel=\"noopener\">\u00ab\u00a0Des soup\u00e7ons d&rsquo;incendie criminel\u00a0\u00bb : des dizaines de milliers de foyers berlinois priv\u00e9s d&rsquo;\u00e9lectricit\u00e9 jusqu&rsquo;au 8 janvier<\/a>&nbsp;&nbsp;RTL.fr<\/li>\n<li><a href=\"https:\/\/news.google.com\/rss\/articles\/CBMi5AFBVV95cUxQVVBlckJBRXh3bUotbTJPRVh5MXdvbm5mRkRfU0hScEJaZ2ZMTUp6NTBqQmdvVkc3eTk0REtxbktEaEs2ZVFFVUQ5UWVKSE5WckJHdWRsaDZQaWlsb1AxNnhsaVF5UWk1X253Rm5MQkxsWXZVUm5JeDNCYkdIOWYza1MzaXlnSlVRdTc1cTR5ZlpEQ0E1N3lBMS1RZXhNQzZYbGNJcHR6OFFlTVdRQzB0OG9OV2dyYkNyVmZnTHo5aEp1N3FRQnpQZ1BhbE91MDkwd0hQYXJ0dFNWS0R6bkNiVVdha0U?oc=5\" target=\"_blank\" rel=\"noopener\">A Berlin, des dizaines de milliers de foyers priv\u00e9s d&rsquo;\u00e9lectricit\u00e9 pour plusieurs jours apr\u00e8s un incendie de c\u00e2bles pr\u00e9sum\u00e9 criminel<\/a>&nbsp;&nbsp;France Info<\/li>\n<li><a href=\"https:\/\/news.google.com\/rss\/articles\/CBMi7gFBVV95cUxOVHktT3k0SkE5dEFIWThpc1djSmlIb2VCS0duazNCWUR2T1VyalQwcUNRU1EwUUVOSUN0N1MteTlGS2tlVFZLQ2tZczFXTEJ6aGh1d3A3cTNmZzd6U2lBazJOTEIxbWZaWjNSYnZOZFV1SHFlbU1TQTFBVllCaHBNdno0X3Jhb25raVNSZUVDT2gyOTRGN1VwSXBaQnVXWU44M015eEJIMHk4NVc3bjVtUGJMQ0NPa0lnWGYxV2R1alN6bjIxbWJLbHBLWTdNWjJSdDlKTEJPSzM2eHpHSE9jdFE3U2J0NWZXUTBPcEFB?oc=5\" target=\"_blank\" rel=\"noopener\">Un incendie probablement criminel prive des dizaines de milliers de Berlinois d&rsquo;\u00e9lectricit\u00e9 pour plusieurs jours<\/a>&nbsp;&nbsp;Le Figaro<\/li>\n<li><a href=\"https:\/\/news.google.com\/rss\/articles\/CBMi7AFBVV95cUxOMmVrdmM3Q3N2a3Q0MEhLWEtZQ0E5blpVa0o0MlYzaXYyYXVLM0lIdlZMRU04MUpaMzNTRm1kQ2otaHk2dUZVZWF3ZmxLTi03cHZPWXgtVTlTSmRFcEludzd0VllvYVpReU1PTlN3Q0NMZkRQX2lnUjFVbjFwVEMtMGU0RzdoVHlrVVdsbmhhV2xrSW5vaG5RUEIxeldZWmRFQ3FOdnhuRmVMRTFFNnVvSWRWZGU5ZVRBVVJnYmJkZE5iU0dSY0VtUE5IZ1oxdG5FYlB1QUkzd2dnaVMtVmh4WFlMN0R4TFhXYzNQVA?oc=5\" target=\"_blank\" rel=\"noopener\">Coupure d\u2019\u00e9lectricit\u00e9 g\u00e9ante \u00e0 Berlin : un groupe d\u2019extr\u00eame gauche soup\u00e7onn\u00e9<\/a>&nbsp;&nbsp;Lib\u00e9ration<\/li>\n<li><a href=\"https:\/\/news.google.com\/rss\/articles\/CBMiwwFBVV95cUxQTjJmY3doNXd2Sy00cEp6SGF1RTVpenJuckdxX1M4M0QzWFY1QkhSMjhvWnRKLU5XQ0Z5dWtQckZWVXgwRTU1Z04xRWJEVG4xaU5fU2hHVzBCNE43aV9Xc0hhTkZZdVktOWNSUVdCWmdFVmVNc1hUcF9BSzZ5dGtSRmtHTWFUWUlOVGlJWVNoamtfdzRnUmZIYTZERjREWTFmazJWa2RTeFFMdzM2eXl4bkJfcWNza0FpYzhZczJIbV80UkE?oc=5\" target=\"_blank\" rel=\"noopener\">Apr\u00e8s une panne de courant \u00e0 Berlin : un groupe d&rsquo;extr\u00eame gauche revendique l&rsquo;incendie criminel<\/a>&nbsp;&nbsp;Euronews.com<\/li>\n<\/ol>\n","protected":false},"excerpt":{"rendered":"\u00ab\u00a0Des soup\u00e7ons d&rsquo;incendie criminel\u00a0\u00bb : des dizaines de milliers de foyers berlinois priv\u00e9s d&rsquo;\u00e9lectricit\u00e9 jusqu&rsquo;au 8 janvier&nbsp;&nbsp;RTL.fr A&hellip;\n","protected":false},"author":2,"featured_media":395849,"comment_status":"","ping_status":"","sticky":false,"template":"","format":"standard","meta":{"footnotes":""},"categories":[5],"tags":[11,1011,27,14,12,28],"class_list":{"0":"post-641780","1":"post","2":"type-post","3":"status-publish","4":"format-standard","5":"has-post-thumbnail","7":"category-international","8":"tag-actualites","9":"tag-fr","10":"tag-france","11":"tag-international","12":"tag-news","13":"tag-world"},"share_on_mastodon":{"url":"https:\/\/pubeurope.com\/@fr\/115840761417897785","error":""},"_links":{"self":[{"href":"https:\/\/www.europesays.com\/fr\/wp-json\/wp\/v2\/posts\/641780","targetHints":{"allow":["GET"]}}],"collection":[{"href":"https:\/\/www.europesays.com\/fr\/wp-json\/wp\/v2\/posts"}],"about":[{"href":"https:\/\/www.europesays.com\/fr\/wp-json\/wp\/v2\/types\/post"}],"author":[{"embeddable":true,"href":"https:\/\/www.europesays.com\/fr\/wp-json\/wp\/v2\/users\/2"}],"replies":[{"embeddable":true,"href":"https:\/\/www.europesays.com\/fr\/wp-json\/wp\/v2\/comments?post=641780"}],"version-history":[{"count":0,"href":"https:\/\/www.europesays.com\/fr\/wp-json\/wp\/v2\/posts\/641780\/revisions"}],"wp:featuredmedia":[{"embeddable":true,"href":"https:\/\/www.europesays.com\/fr\/wp-json\/wp\/v2\/media\/395849"}],"wp:attachment":[{"href":"https:\/\/www.europesays.com\/fr\/wp-json\/wp\/v2\/media?parent=641780"}],"wp:term":[{"taxonomy":"category","embeddable":true,"href":"https:\/\/www.europesays.com\/fr\/wp-json\/wp\/v2\/categories?post=641780"},{"taxonomy":"post_tag","embeddable":true,"href":"https:\/\/www.europesays.com\/fr\/wp-json\/wp\/v2\/tags?post=641780"}],"curies":[{"name":"wp","href":"https:\/\/api.w.org\/{rel}","templated":true}]}}