{"id":641781,"date":"2026-01-05T05:08:11","date_gmt":"2026-01-05T05:08:11","guid":{"rendered":"https:\/\/www.europesays.com\/fr\/641781\/"},"modified":"2026-01-05T05:08:11","modified_gmt":"2026-01-05T05:08:11","slug":"malgre-le-manque-de-neige-les-stations-de-ski-des-alpes-de-haute-provence-tirent-leur-epingle-du-jeu-lors-des-vacances-de-noel","status":"publish","type":"post","link":"https:\/\/www.europesays.com\/fr\/641781\/","title":{"rendered":"Malgr\u00e9 le manque de neige, les stations de ski des Alpes-de-Haute-Provence tirent leur \u00e9pingle du jeu lors des vacances de No\u00ebl"},"content":{"rendered":"<p>Apr\u00e8s un d\u00e9but de saison sur les chapeaux de roues, avec des chutes de neige d\u00e9but d\u00e9cembre qui ont autoris\u00e9 plusieurs pr\u00e9-ouvertures, le mercure est fortement remont\u00e9 dans les Alpes du Sud avant No\u00ebl.<\/p>\n<p>Cons\u00e9quence : les stations de ski des Alpes-de-Haute-Provence ont commenc\u00e9 les vacances de fin d&rsquo;ann\u00e9e avec un enneigement \u00ab\u00a0<a href=\"https:\/\/meteofrance.com\/actualites-et-dossiers\/actualites\/montagne-un-enneigement-souvent-deficitaire\" target=\"_blank\" rel=\"noopener\">d\u00e9ficitaire \u00e0 tr\u00e8s d\u00e9ficitaire<\/a>\u00ab\u00a0, selon M\u00e9t\u00e9o-France. Mais plusieurs d\u2019entre elles ont r\u00e9ussi \u00e0 tirer leur \u00e9pingle du jeu, avec une forte affluence et pr\u00e8s de 100% de remplissage des h\u00e9bergements.<\/p>\n<p>L\u2019Espace Lumi\u00e8re\u00a0: une fr\u00e9quentation en hausse<\/p>\n<p>\u00ab\u00a0Les vacances de No\u00ebl se sont tr\u00e8s bien pass\u00e9es. On a eu une tr\u00e8s belle ouverture avec le concert de Christophe\u00a0Mah\u00e9 qui a ramen\u00e9 du monde, et l\u2019ouverture de la liaison entre la Foux d\u2019Allos et Pra-Loup\u00a0\u00bb, estime Pierre de Taroni, directeur de l\u2019office du tourisme du Val d\u2019Allos, qui regroupe deux stations\u00a0: La Foux et le Seignus.<\/p>\n<p>Ensemble, elles ont enregistr\u00e9 un taux de remplissage de 93%, \u00ab\u00a0soit une augmentation de 5% par rapport \u00e0 l\u2019ann\u00e9e derni\u00e8re\u00a0\u00bb.<\/p>\n<p>Dans la vall\u00e9e voisine de l\u2019Ubaye, la station de Pra-Loup &#8211; dont le domaine skiable a \u00e9t\u00e9 fusionn\u00e9 avec celui de la <a href=\"https:\/\/www.laprovence.com\/article\/region\/5301278159060614\/concert-de-christophe-mae-neige-frequentation-en-hausse-la-station-de-la-foux-d-allos-demarre-sa-saison\" target=\"_blank\" rel=\"noopener\">Foux d\u2019Allos<\/a> pour former l\u2019Espace Lumi\u00e8re &#8211; a aussi connu un&#8230;<\/p>\n","protected":false},"excerpt":{"rendered":"Apr\u00e8s un d\u00e9but de saison sur les chapeaux de roues, avec des chutes de neige d\u00e9but d\u00e9cembre qui&hellip;\n","protected":false},"author":2,"featured_media":641782,"comment_status":"","ping_status":"","sticky":false,"template":"","format":"standard","meta":{"footnotes":""},"categories":[4],"tags":[5734,11,154,1011,27,151,9085,3027,10584,12,25,4129,104,8400],"class_list":{"0":"post-641781","1":"post","2":"type-post","3":"status-publish","4":"format-standard","5":"has-post-thumbnail","7":"category-france","8":"tag-5734","9":"tag-actualites","10":"tag-des","11":"tag-fr","12":"tag-france","13":"tag-les","14":"tag-malgre","15":"tag-manque","16":"tag-neige","17":"tag-news","18":"tag-republique-francaise","19":"tag-ski","20":"tag-societe","21":"tag-stations"},"share_on_mastodon":{"url":"https:\/\/pubeurope.com\/@fr\/115840765528356684","error":""},"_links":{"self":[{"href":"https:\/\/www.europesays.com\/fr\/wp-json\/wp\/v2\/posts\/641781","targetHints":{"allow":["GET"]}}],"collection":[{"href":"https:\/\/www.europesays.com\/fr\/wp-json\/wp\/v2\/posts"}],"about":[{"href":"https:\/\/www.europesays.com\/fr\/wp-json\/wp\/v2\/types\/post"}],"author":[{"embeddable":true,"href":"https:\/\/www.europesays.com\/fr\/wp-json\/wp\/v2\/users\/2"}],"replies":[{"embeddable":true,"href":"https:\/\/www.europesays.com\/fr\/wp-json\/wp\/v2\/comments?post=641781"}],"version-history":[{"count":0,"href":"https:\/\/www.europesays.com\/fr\/wp-json\/wp\/v2\/posts\/641781\/revisions"}],"wp:featuredmedia":[{"embeddable":true,"href":"https:\/\/www.europesays.com\/fr\/wp-json\/wp\/v2\/media\/641782"}],"wp:attachment":[{"href":"https:\/\/www.europesays.com\/fr\/wp-json\/wp\/v2\/media?parent=641781"}],"wp:term":[{"taxonomy":"category","embeddable":true,"href":"https:\/\/www.europesays.com\/fr\/wp-json\/wp\/v2\/categories?post=641781"},{"taxonomy":"post_tag","embeddable":true,"href":"https:\/\/www.europesays.com\/fr\/wp-json\/wp\/v2\/tags?post=641781"}],"curies":[{"name":"wp","href":"https:\/\/api.w.org\/{rel}","templated":true}]}}