{"id":641787,"date":"2026-01-05T05:14:13","date_gmt":"2026-01-05T05:14:13","guid":{"rendered":"https:\/\/www.europesays.com\/fr\/641787\/"},"modified":"2026-01-05T05:14:13","modified_gmt":"2026-01-05T05:14:13","slug":"toulon-une-vie-parisienne","status":"publish","type":"post","link":"https:\/\/www.europesays.com\/fr\/641787\/","title":{"rendered":"Toulon : Une vie parisienne"},"content":{"rendered":"<p>        <a href=\"https:\/\/www.tv83.info\/wp-content\/uploads\/2025\/06\/vie_parisienne_1280-1024x576-1.jpg\" data-caption=\"\" target=\"_blank\" rel=\"noopener\"><img loading=\"lazy\" decoding=\"async\" width=\"696\" height=\"392\" class=\"entry-thumb td-modal-image\" src=\"https:\/\/www.europesays.com\/fr\/wp-content\/uploads\/2026\/01\/vie_parisienne_1280-1024x576-1-696x392.jpg\"   alt=\"\" title=\"vie_parisienne_1280-1024x576\"\/><\/a><\/p>\n<p>D\u2019apr\u00e8s Henri Heine &amp; Jacques Offenbach \u2014 Ir\u00e8ne Bonnaud<br \/>Ir\u00e8ne Bonnaud r\u00e9unit, dans ce spectacle \u00e0 la crois\u00e9e du th\u00e9\u00e2tre et de l\u2019op\u00e9ra, le compositeur Jacques Offenbach et l\u2019\u00e9crivain Henri Heine.<\/p>\n<p>Juifs allemands originaires de Rh\u00e9nanie, immigr\u00e9s \u00e0 Paris \u00e0 la m\u00eame \u00e9poque, le po\u00e8te Henri Heine et le virtuose du violoncelle Jacques Offenbach partageaient le m\u00eame go\u00fbt de la l\u00e9g\u00e8ret\u00e9 et observaient avec humour la soci\u00e9t\u00e9 fran\u00e7aise du XIXe en plein bouleversement.<\/p>\n<p>Sur sc\u00e8ne, le com\u00e9dien Fran\u00e7ois Chattot incarne l\u2019\u00e9crivain aux c\u00f4t\u00e9s de deux chanteuses lyriques et de musicien\u00b7nes qui ravivent les partitions du compositeur. Entre jeu et musique, elles et ils font entendre la modernit\u00e9 et l\u2019ironie cinglante de leurs \u0153uvres merveilleuses. Une tr\u00e8s belle occasion de (re)d\u00e9couvrir de nombreux airs d\u2019Offenbach, c\u00e9l\u00e8bres ou m\u00e9connus.<br \/>Premi\u00e8re au Libert\u00e9<\/p>\n<p><strong>Dates<\/strong> Dur\u00e9e 2h15 (entracte compris)<br \/><strong>vendredi 16 janvier 2026<\/strong> \u00e0 20h00<br \/><strong>samedi 17 janvier 2026<\/strong> \u00e0 18h00<br \/>Toulon Le Libert\u00e9<br \/>Salle Fanny Ardant<br \/>Accessibilit\u00e9 d\u00e8s 12 ans<\/p>\n<p><strong>Tarifs<\/strong><br \/>Plein tarif 30 \u20ac<br \/>Tarif adulte avec la carte Ch\u00e2teauvallon-Libert\u00e9 20 \u20ac<br \/>Tarif partenaire (CSE et Associations culturelles partenaires) 20 \u20ac<br \/>Tarif \u2013 30 ans 15 \u20ac<br \/>Tarif \u2013 18 ans 10 \u20ac<br \/>Tarif solidaire 5 \u20ac<br \/>Tarif solidaire famille adulte 10 \u20ac<br \/>Tarif solidaire famille enfant 5 \u20ac<\/p>\n<p><a href=\"https:\/\/www.restosducoeur.org\/associations-departementales\/les-restos-du-coeur-du-var\/\" target=\"_blank\" rel=\"noopener\"><img decoding=\"async\" style=\"height:70px;width:140px\" src=\"https:\/\/www.europesays.com\/fr\/wp-content\/uploads\/2025\/04\/restos-du-coeur.jpg\"\/><\/a>        <\/p>\n","protected":false},"excerpt":{"rendered":"D\u2019apr\u00e8s Henri Heine &amp; Jacques Offenbach \u2014 Ir\u00e8ne BonnaudIr\u00e8ne Bonnaud r\u00e9unit, dans ce spectacle \u00e0 la crois\u00e9e du&hellip;\n","protected":false},"author":2,"featured_media":641788,"comment_status":"","ping_status":"","sticky":false,"template":"","format":"standard","meta":{"footnotes":""},"categories":[9619],"tags":[1111,11,1777,674,1011,27,12,882,25,2310],"class_list":{"0":"post-641787","1":"post","2":"type-post","3":"status-publish","4":"format-standard","5":"has-post-thumbnail","7":"category-toulon","8":"tag-actu","9":"tag-actualites","10":"tag-eu","11":"tag-europe","12":"tag-fr","13":"tag-france","14":"tag-news","15":"tag-provence-alpes-cote-dazur","16":"tag-republique-francaise","17":"tag-toulon"},"share_on_mastodon":{"url":"https:\/\/pubeurope.com\/@fr\/115840789015583401","error":""},"_links":{"self":[{"href":"https:\/\/www.europesays.com\/fr\/wp-json\/wp\/v2\/posts\/641787","targetHints":{"allow":["GET"]}}],"collection":[{"href":"https:\/\/www.europesays.com\/fr\/wp-json\/wp\/v2\/posts"}],"about":[{"href":"https:\/\/www.europesays.com\/fr\/wp-json\/wp\/v2\/types\/post"}],"author":[{"embeddable":true,"href":"https:\/\/www.europesays.com\/fr\/wp-json\/wp\/v2\/users\/2"}],"replies":[{"embeddable":true,"href":"https:\/\/www.europesays.com\/fr\/wp-json\/wp\/v2\/comments?post=641787"}],"version-history":[{"count":0,"href":"https:\/\/www.europesays.com\/fr\/wp-json\/wp\/v2\/posts\/641787\/revisions"}],"wp:featuredmedia":[{"embeddable":true,"href":"https:\/\/www.europesays.com\/fr\/wp-json\/wp\/v2\/media\/641788"}],"wp:attachment":[{"href":"https:\/\/www.europesays.com\/fr\/wp-json\/wp\/v2\/media?parent=641787"}],"wp:term":[{"taxonomy":"category","embeddable":true,"href":"https:\/\/www.europesays.com\/fr\/wp-json\/wp\/v2\/categories?post=641787"},{"taxonomy":"post_tag","embeddable":true,"href":"https:\/\/www.europesays.com\/fr\/wp-json\/wp\/v2\/tags?post=641787"}],"curies":[{"name":"wp","href":"https:\/\/api.w.org\/{rel}","templated":true}]}}