{"id":641789,"date":"2026-01-05T05:15:13","date_gmt":"2026-01-05T05:15:13","guid":{"rendered":"https:\/\/www.europesays.com\/fr\/641789\/"},"modified":"2026-01-05T05:15:13","modified_gmt":"2026-01-05T05:15:13","slug":"la-rochelle-toulon-le-rct-sincline-face-au-stade-rochelais","status":"publish","type":"post","link":"https:\/\/www.europesays.com\/fr\/641789\/","title":{"rendered":"La Rochelle &#8211; Toulon : le RCT s&rsquo;incline face au Stade Rochelais"},"content":{"rendered":"<p>Ce dimanche soir, le <strong>Rugby Club Toulonnais<\/strong> s\u2019est lourdement inclin\u00e9 <strong>66 \u00e0 0<\/strong> face au <strong>Stade Rochelais<\/strong> lors de la 14\u1d49 journ\u00e9e du Top 14 \u00e0 Marcel-Deflandre. Dans un contexte particulier, Toulon a align\u00e9 une \u00e9quipe profond\u00e9ment remani\u00e9e, largement tourn\u00e9e vers la jeunesse, avec l\u2019objectif de pr\u00e9server ses cadres pour les \u00e9ch\u00e9ances europ\u00e9ennes et de donner du temps de jeu \u00e0 ses jeunes pousses. \ufffc<\/p>\n<p>Priv\u00e9 d\u2019une quinzaine de joueurs cadres en raison de blessures ou de repos, le staff toulonnais a fait confiance \u00e0 de nombreux espoirs du centre de formation. Parmi eux, <strong>Lohann Gil<\/strong>, <strong>Noam Moreau<\/strong> et <strong>Jovan Sreckovic<\/strong>\u00a0faisaient leur premi\u00e8re apparition en Top 14 avec les pros ce soir, une \u00e9tape importante dans leur carri\u00e8re malgr\u00e9 la difficult\u00e9 de la soir\u00e9e. \ufffc<\/p>\n<p>D\u00e8s les premi\u00e8res minutes, les Rochelais ont pris le contr\u00f4le du match. Les jeunes Toulonnais, courageux mais d\u00e9pass\u00e9s face \u00e0 la puissance adverse, n\u2019ont jamais r\u00e9ussi \u00e0 se projeter efficacement dans les 22 m\u00e8tres rochelais, et le score restait largement en faveur des Maritimes \u00e0 la pause (40\u2032, 35-0)\ufffc<\/p>\n<p>En seconde p\u00e9riode, La Rochelle a poursuivi son festival offensif, ajoutant plusieurs essais pour porter le total \u00e0 dix sur la soir\u00e9e et sceller un succ\u00e8s sans appel. Toulon, quant \u00e0 lui, n\u2019a pas su trouver les solutions pour inqui\u00e9ter son adversaire du soir (80\u2032, 66-0).<\/p>\n<p>Une soir\u00e9e difficile pour le RCT, mais aussi une exp\u00e9rience pr\u00e9cieuse pour les jeunes Toulonnais qui ont go\u00fbt\u00e9 au tr\u00e8s haut niveau du Top 14. \ufffc<\/p>\n","protected":false},"excerpt":{"rendered":"Ce dimanche soir, le Rugby Club Toulonnais s\u2019est lourdement inclin\u00e9 66 \u00e0 0 face au Stade Rochelais lors&hellip;\n","protected":false},"author":2,"featured_media":641790,"comment_status":"","ping_status":"","sticky":false,"template":"","format":"standard","meta":{"footnotes":""},"categories":[9619],"tags":[1111,11,1777,674,1011,27,12,882,25,2310],"class_list":{"0":"post-641789","1":"post","2":"type-post","3":"status-publish","4":"format-standard","5":"has-post-thumbnail","7":"category-toulon","8":"tag-actu","9":"tag-actualites","10":"tag-eu","11":"tag-europe","12":"tag-fr","13":"tag-france","14":"tag-news","15":"tag-provence-alpes-cote-dazur","16":"tag-republique-francaise","17":"tag-toulon"},"share_on_mastodon":{"url":"https:\/\/pubeurope.com\/@fr\/115840792812459640","error":""},"_links":{"self":[{"href":"https:\/\/www.europesays.com\/fr\/wp-json\/wp\/v2\/posts\/641789","targetHints":{"allow":["GET"]}}],"collection":[{"href":"https:\/\/www.europesays.com\/fr\/wp-json\/wp\/v2\/posts"}],"about":[{"href":"https:\/\/www.europesays.com\/fr\/wp-json\/wp\/v2\/types\/post"}],"author":[{"embeddable":true,"href":"https:\/\/www.europesays.com\/fr\/wp-json\/wp\/v2\/users\/2"}],"replies":[{"embeddable":true,"href":"https:\/\/www.europesays.com\/fr\/wp-json\/wp\/v2\/comments?post=641789"}],"version-history":[{"count":0,"href":"https:\/\/www.europesays.com\/fr\/wp-json\/wp\/v2\/posts\/641789\/revisions"}],"wp:featuredmedia":[{"embeddable":true,"href":"https:\/\/www.europesays.com\/fr\/wp-json\/wp\/v2\/media\/641790"}],"wp:attachment":[{"href":"https:\/\/www.europesays.com\/fr\/wp-json\/wp\/v2\/media?parent=641789"}],"wp:term":[{"taxonomy":"category","embeddable":true,"href":"https:\/\/www.europesays.com\/fr\/wp-json\/wp\/v2\/categories?post=641789"},{"taxonomy":"post_tag","embeddable":true,"href":"https:\/\/www.europesays.com\/fr\/wp-json\/wp\/v2\/tags?post=641789"}],"curies":[{"name":"wp","href":"https:\/\/api.w.org\/{rel}","templated":true}]}}